{"id":7322,"date":"2018-03-12T12:43:23","date_gmt":"2018-03-12T12:43:23","guid":{"rendered":"http:\/\/wordpress.gurbuz.net\/?p=7322"},"modified":"2018-03-12T12:43:23","modified_gmt":"2018-03-12T12:43:23","slug":"gelmez-necati-bey-kardesim-gelmez","status":"publish","type":"post","link":"http:\/\/wordpress.gurbuz.net\/?p=7322","title":{"rendered":"Gelmez Necati Bey karde\u015fim gelmez"},"content":{"rendered":"<p>Bunlar\u0131n a\u011fz\u0131 olur dili olmaz\u2026<br \/>\nBunlar\u0131n elleri olmaz, ha\u015fa \u00e7almaz\u2026<br \/>\nBunlar\u0131n t\u00fcrbanl\u0131 bac\u0131lar\u0131 olur, ama saraylardan kad\u0131n ve etek boyu dikizlemez\u2026<br \/>\nBunlar milletin a\u2019s\u0131na koyarken besmele \u00e7eker kendinden olanlardan vergi istemez\u2026<br \/>\nValidemle g\u00f6r\u00fc\u015ft\u00fcm&#8230;<br \/>\nKad\u0131n\u0131n, babaannemin, rahmetlinin deyi\u015fi ile ku\u015f kadar can\u0131 var\u2026<br \/>\n16 bin Tayyip Liras\u0131 vergi diye ald\u0131lar\u2026<br \/>\n2-3 bin Euro eder\u2026<br \/>\nOnlar laf s\u00f6yler i\u015f g\u00f6rmezler\u2026<br \/>\nEn basitinden sizin de ifade etti\u011finiz gibi \u00e7ift \u00e7ift, \u00fc\u00e7er be\u015fer kalk gidelim derler\u2026<br \/>\nEnayi s.kerler(!)<\/p>\n<p>Gelmez karde\u015fim\u2026<br \/>\nBo\u015funa bekleme, bir meslekta\u015f\u0131n\u0131z var Mutlu diye\u2026<br \/>\nO da sordu Abdullah\u2019a zaman\u0131nda niye diye\u2026<br \/>\nCevap gelmedi, gelmez g\u00fczel karde\u015fim gelmez\u2026<br \/>\nBo\u015funa \u00e7eneni, kalemini yorma!<\/p>\n<p>Biat et gitsin\u2026<br \/>\nAllahtan \u00fcmit kesilmez\u2026<br \/>\nBakars\u0131n g\u00fcn\u00fcn birinde maymun g\u00f6z\u00fcn\u00fc a\u00e7ar hesap sorar\u2026<br \/>\nO g\u00fcne kadar siz olun ben olay\u0131m, bizler ya tiyatro izler gibi izleyece\u011fiz vahim durumu\u2026<br \/>\nVeya elimize ne ge\u00e7erse \u00e7\u0131kaca\u011f\u0131z sokaklara, y\u0131kaca\u011f\u0131z Ak Saraylar\u0131 ba\u015fa!<\/p>\n<p>G\u00f6rs\u00fcn millet\u2026<br \/>\nDuysun cihan ger\u00e7ek \u015fehit nas\u0131l olunur\u2026<br \/>\nSenaryo gere\u011fi de\u011fil, \u015fahit olsun yedi d\u00fcvel\u2026<br \/>\nGen\u00e7ler, kad\u0131nlar ve biz ihtiyarlar vatan i\u00e7in millet i\u00e7in nas\u0131l can verdik\u2026<br \/>\nBir utanmaz \u2013 arlanmaz \u00e7eteyi, haydutlar s\u00fcr\u00fcs\u00fcn\u00fc nas\u0131l ala\u015fa\u011f\u0131 ettik \u015fahit olsunlar.<\/p>\n<p>&#8212;<\/p>\n<p><strong>Say\u0131n T\u00fcrk \u015eeker b\u00fcy\u00fcklerinden k\u00fc\u00e7\u00fck bir cevap bekledim de gelmedi!<\/strong><br \/>\n10 Mart 2018<\/p>\n<p>D\u00fcn sabah oldu, saat 11&#8217;i ge\u00e7ti. Bekledim. Gelmedi. \u00d6\u011flen oldu, saat 12&#8217;yi ge\u00e7ti.<br \/>\nBekledim.<br \/>\nSaat 16.00 oldu.<br \/>\nBekledim.<br \/>\nYine gelmedi.<br \/>\nBekleyecek vaktim kalmad\u0131. Bu yaz\u0131y\u0131 yaz\u0131\u00acyorum. Zarar ediyorlar diye sat\u0131l\u0131\u011fa \u00e7\u0131kart\u0131l\u0131p \u00f6zel sekt\u00f6re kar etsin diye sunulacak olan 14 \u015feker fabrikas\u0131n\u0131n y\u00f6netiminden sorumlu olan hem y\u00f6netim kurulu ba\u015fkan\u0131, hem genel m\u00fcd\u00fcr, hem \u00d6zelle\u015ftirme \u0130daresi Ba\u015fkan Yard\u0131mc\u0131s\u0131 (3 koltu\u011fu var. Devlette her koltuk, ayr\u0131 bir maa\u015f getirir) Ergin \u0130\u00e7enli&#8217;den bekle\u00acdim, cevap gelmedi.<br \/>\nFabrikalar ni\u00e7in zarar ediyor?<br \/>\nPancar \u00fcreticileri mi su\u00e7lu?<br \/>\n\u0130\u015f\u00e7iler mi i\u015fe gelmiyor?<br \/>\nBu 14 fabrikan\u0131n y\u00f6netiminden sorumlu T\u00fcrk \u015eeker&#8217;in y\u00f6netim kurulu \u00fcyesi, ayn\u0131 zamanda Maliye Bakan\u0131&#8217;n\u0131n yard\u0131mc\u0131s\u0131 (2 koltu\u011fu var) Cengiz Yavilio\u011flu&#8217;dan da bekledim.<br \/>\nGelmedi.<br \/>\nDi\u011fer \u00fcye ve ayn\u0131 zamanda bu 14 fabrikay\u0131 satacak olan \u00d6zelle\u015ftirme \u0130daresi&#8217;nin ba\u015fkan\u0131 (2 koltu\u011fu var) Ahmet Aksu&#8217;dan da bekle\u00acdim.<br \/>\nGelmedi.<br \/>\nDi\u011fer \u00fcye ve ayn\u0131 zamanda Ba\u015fbakan Bi\u00acnali Y\u0131ld\u0131r\u0131m&#8217;\u0131n M\u00fcste\u015far yard\u0131mc\u0131s\u0131 (2 koltu\u011fu var) \u00d6zer Kanto\u011flu&#8217;dan bekledim.<br \/>\nGelmedi.<br \/>\nBir ba\u015fka \u00fcye ve ayn\u0131 zamanda Maliye Bakan\u0131&#8217;n\u0131n M\u00fcste\u015far yard\u0131mc\u0131s\u0131 (2 koltu\u011fu var) Halit \u00d6cal&#8217;dan bekledim.<br \/>\nGelmedi.<br \/>\nDi\u011fer bir say\u0131n \u00fcye ve ayn\u0131 zamanda Atat\u00fcrk K\u00fclt\u00fcr, Dil ve Tarih Y\u00fcksek Kurumu Ba\u015fkan\u0131 (2 koltu\u011fu var) Prof. Dr. Derya \u00d6rs&#8217;den de bekledim.<br \/>\nNi\u00e7in zararda fabrikalar?<br \/>\nSiz bu zarar hortumlar\u0131 i\u00e7in 16 y\u0131ld\u0131r iktidarda olanlara uyar\u0131 g\u00f6revinizi yapt\u0131n\u0131z da dinlemediler mi?<br \/>\nBir k\u00fc\u00e7\u00fck cevap gelmedi.<br \/>\n* * *<br \/>\nBir feryat geldi.<br \/>\nBir k\u00fc\u00e7\u00fck esnaf okurum, ad\u0131 Adnan Yurtta\u015f; \u201cHam maddesi pancar. \u00dcretimi kotaya ba\u011fl\u0131. Yani anla\u015fmal\u0131 ekim ya\u00acp\u0131l\u0131yor. Fabrika ne kadar i\u015fleyecekse o kadar pancar al\u0131yor. Pancar \u00fcreticisi \u00fc\u00e7 ku\u015faktan tecr\u00fcbeli. Fabrikalar\u0131n i\u015f\u00e7isi bilgili, e\u011fitimli. \u00dcretti\u011fi \u015fekerin pazar\u0131 haz\u0131r. Bu \u015fartlarda zarar edilebilmesini ben esnaf matemati\u011fim i\u00e7inde \u00e7\u00f6zemi\u00acyorum\u201d diyor.<br \/>\n\u015eu kadar y\u0131ll\u0131k gazeteciyim.<br \/>\nBen de \u00e7\u00f6zemiyorum.<br \/>\nBenden ge\u00e7tim, bir ki\u015fi daha var, o da \u00e7\u00f6zemiyor. Ad\u0131 \u00c7etin Ali D\u00f6nmez. Sitesine girdim. Kimdir \u00f6\u011frendim: Bo\u011fazi\u00e7i \u00dcniversi\u00actesi&#8217;ni bitirmi\u015f. Y\u00fcksek lisans yapm\u0131\u015f. \u0130stanbul Menkul K\u0131ymetler Borsas\u0131&#8217;nda Hisse Senetleri M\u00fcd\u00fcrl\u00fc\u011f\u00fc&#8217;nde uzman olmu\u015f. Takasbank&#8217;ta krediler m\u00fcd\u00fcr yard\u0131mc\u0131l\u0131\u011f\u0131n\u0131 s\u00fcrd\u00fcrm\u00fc\u015f. Vadeli \u0130\u015flemler ve Opsiyon Borsas\u0131&#8217;nda genel m\u00fcd\u00fcr olacak kadar y\u00fckselmi\u015f.<br \/>\nS\u0131radan biri de\u011fil.<br \/>\nBilan\u00e7o okuma uzman\u0131.<br \/>\n\u00c7etin Ali D\u00f6nmez, faaliyet raporlar\u0131n\u0131 okuyarak \u201ckar nereden do\u011fuyor, zarar nerelerden olu\u015fuyor\u201d bunu anlaman\u0131n piri olmu\u015f biri\u2026 D\u00fcn \u201cPARA ANAL\u0130Z\u201d adl\u0131 sitede; \u201cT\u00fcrkiye \u015eeker Fabrikalar\u0131 A.\u015e&#8217;nin Faaliyet Raporu\u201dnu okudum, \u201c\u015fa\u015f\u0131rd\u0131m kald\u0131m\u201d diye yazd\u0131.<br \/>\n* * *<br \/>\n\u015eunlar\u0131 yazd\u0131:<br \/>\n\u201c\u2026 Faaliyet raporunda 2016 y\u0131l\u0131nda 10,617,000 ton pancardan 1,404,000 ton \u015feker \u00fcretildi\u011fi yaz\u0131yor. Fabrikalar 2016 y\u0131l\u0131nda, kendisine tan\u0131nan kota kadar \u015feker \u00fcretmi\u015f. T\u00fcrkiye \u015eeker Fabrikalar\u0131 pancar \u00fcreticilerine yapt\u0131\u011f\u0131 toplam \u00f6demeyi yakla\u015f\u0131k 1,5 milyar TL olarak a\u00e7\u0131klam\u0131\u015f. \u015eirketin gelir tablosuna bak\u0131ld\u0131\u011f\u0131nda 2016 y\u0131l\u0131nda toplam sat\u0131\u015f tutar\u0131 yakla\u015f\u0131k 3,6 milyar TL iken ve pancar \u00fcreticisine \u00f6denen toplam para da 1,5 milyar TL iken, nas\u0131l oluyor da sat\u0131lan mal\u0131n maliyeti 3,3 milyar TL olabiliyor? Ben anlamad\u0131m, anlayan varsa, l\u00fctfen bilgilen\u00acdirsin beni\u2026 (yine) Faaliyet Raporu&#8217;ndan anlad\u0131\u011f\u0131ma g\u00f6re bir de \u00fclkemizde hi\u00e7 \u00fcretimi olmayan y\u00fcksek yo\u011funluklu tatland\u0131r\u0131c\u0131lar diye ayr\u0131 bir kategori varm\u0131\u015f. Bu kategorideki t\u00fc\u00acketim 2015 y\u0131l\u0131nda 350,000 ton olmu\u015f yani \u00fclkemizde \u00fcretilen ni\u015fasta bazl\u0131 \u015feker miktar\u0131\u00acn\u0131 da ge\u00e7mi\u015f. Bu y\u00fcksek yo\u011funluklu tatland\u0131\u00acr\u0131c\u0131lar b\u00fcy\u00fck \u00f6l\u00e7\u00fcde \u00c7in&#8217;den ithal ediliyormu\u015f. Di\u011fer yandan \u2018C \u015fekeri tahsisi&#8216; diye de bir kavram var, 2016 y\u0131l\u0131nda yakla\u015f\u0131k 270 bin ton \u015feker (C \u015fekeri) ithalat\u0131 yap\u0131lm\u0131\u015f\u2026 \u015eirke\u00actin son be\u015f y\u0131ld\u0131r ortalama 1 milyon ton \u015feker stoku tuttu\u011funu da yine rapordan anl\u0131yoruz\u2026 Bu kadar b\u00fcy\u00fck stoka ra\u011fmen neden \u015feker ithalat\u0131 yap\u0131lm\u0131\u015f? C \u015fekeri talebi neden kar\u015f\u0131\u00aclanm\u0131yor anlamad\u0131m ben\u2026\u201d<br \/>\n* * *<br \/>\nBilan\u00e7o okuma piri!<br \/>\nO bile anlayamad\u0131.<br \/>\nNi\u00e7in zararda fabrikalar?<br \/>\nZarar hortumlar\u0131 m\u0131 d\u00f6\u015fenmi\u015f?<br \/>\nKim d\u00f6\u015femi\u015f?<br \/>\nKimisi 3 koltuklu, kimisi 2 koltuklu say\u0131n T\u00fcrk \u015eeker b\u00fcy\u00fcklerinden k\u00fc\u00e7\u00fck bir cevap bekledim, gelmedi!<\/p>\n<p>https:\/\/www.sozcu.com.tr\/2018\/yazarlar\/necati-dogru\/sayin-turk-seker-buyuklerinden-kucuk-bir-cevap-bekledim-de-gelmedi-2278091\/?utm_source=yazarlar&#038;utm_campaign=diger_yazilar&#038;utm_medium=diger<\/p>\n","protected":false},"excerpt":{"rendered":"<p>Bunlar\u0131n a\u011fz\u0131 olur dili olmaz\u2026 Bunlar\u0131n elleri olmaz, ha\u015fa \u00e7almaz\u2026 Bunlar\u0131n t\u00fcrbanl\u0131 bac\u0131lar\u0131 olur, ama saraylardan kad\u0131n ve etek boyu dikizlemez\u2026 Bunlar milletin a\u2019s\u0131na koyarken besmele \u00e7eker kendinden olanlardan vergi istemez\u2026 Validemle g\u00f6r\u00fc\u015ft\u00fcm&#8230; Kad\u0131n\u0131n, babaannemin, rahmetlinin deyi\u015fi ile ku\u015f kadar can\u0131 var\u2026 16 bin Tayyip Liras\u0131 vergi diye ald\u0131lar\u2026 2-3 bin Euro eder\u2026 Onlar laf &hellip; <\/p>\n<p class=\"link-more\"><a href=\"http:\/\/wordpress.gurbuz.net\/?p=7322\" class=\"more-link\"><span class=\"screen-reader-text\">\u201eGelmez Necati Bey karde\u015fim gelmez\u201c<\/span> weiterlesen<\/a><\/p>\n","protected":false},"author":1,"featured_media":0,"comment_status":"open","ping_status":"open","sticky":false,"template":"","format":"standard","meta":[],"categories":[1],"tags":[],"_links":{"self":[{"href":"http:\/\/wordpress.gurbuz.net\/index.php?rest_route=\/wp\/v2\/posts\/7322"}],"collection":[{"href":"http:\/\/wordpress.gurbuz.net\/index.php?rest_route=\/wp\/v2\/posts"}],"about":[{"href":"http:\/\/wordpress.gurbuz.net\/index.php?rest_route=\/wp\/v2\/types\/post"}],"author":[{"embeddable":true,"href":"http:\/\/wordpress.gurbuz.net\/index.php?rest_route=\/wp\/v2\/users\/1"}],"replies":[{"embeddable":true,"href":"http:\/\/wordpress.gurbuz.net\/index.php?rest_route=%2Fwp%2Fv2%2Fcomments&post=7322"}],"version-history":[{"count":1,"href":"http:\/\/wordpress.gurbuz.net\/index.php?rest_route=\/wp\/v2\/posts\/7322\/revisions"}],"predecessor-version":[{"id":7323,"href":"http:\/\/wordpress.gurbuz.net\/index.php?rest_route=\/wp\/v2\/posts\/7322\/revisions\/7323"}],"wp:attachment":[{"href":"http:\/\/wordpress.gurbuz.net\/index.php?rest_route=%2Fwp%2Fv2%2Fmedia&parent=7322"}],"wp:term":[{"taxonomy":"category","embeddable":true,"href":"http:\/\/wordpress.gurbuz.net\/index.php?rest_route=%2Fwp%2Fv2%2Fcategories&post=7322"},{"taxonomy":"post_tag","embeddable":true,"href":"http:\/\/wordpress.gurbuz.net\/index.php?rest_route=%2Fwp%2Fv2%2Ftags&post=7322"}],"curies":[{"name":"wp","href":"https:\/\/api.w.org\/{rel}","templated":true}]}}