{"id":7221,"date":"2018-03-10T07:20:35","date_gmt":"2018-03-10T07:20:35","guid":{"rendered":"http:\/\/wordpress.gurbuz.net\/?p=7221"},"modified":"2018-03-10T07:33:15","modified_gmt":"2018-03-10T07:33:15","slug":"cok-onemli-konusuyor-halk-arenasinda","status":"publish","type":"post","link":"http:\/\/wordpress.gurbuz.net\/?p=7221","title":{"rendered":"\u00c7ok \u00f6nemli, konu\u015fuyor Halk Arenas\u0131nda"},"content":{"rendered":"<p>Benim can\u0131m kan\u0131m bile, BENIM BENIM\u2026<br \/>\n\u0130nanm\u0131\u015f\u2026<br \/>\n&gt;&gt;&gt; kanm\u0131\u015f &lt;&lt;&lt;<\/p>\n<p>Gururla FaceBOK\u2019ta yay\u0131nlad\u0131lar onunla birlikte \u00e7ektirdikleri resimleri\u2026<br \/>\nMilliyet\u00e7ilik karde\u015fim, milliyet\u00e7ilik\u2026<br \/>\nGer\u00e7e\u011fi\u2026<br \/>\n\u00d6zveridir!!!<\/p>\n<p>NOKTA<\/p>\n<p>\u0130nanmay\u0131n Tuncay \u00d6zkan\u2019a<br \/>\nGir\u2026<br \/>\nAra\u015ft\u0131r AMA bir iyice\u2026<br \/>\nRecep Tayyip Erdo\u011fan neyse\u2026<br \/>\nParac\u0131\u2026<br \/>\nO da ayn\u0131s\u0131!!!<\/p>\n<p>Atat\u00fcrk ve arkada\u015flar\u0131n\u0131n paras\u0131 mi vard\u0131?<\/p>\n<p>\u015eehidin bir kuru can\u0131\u2026<br \/>\nGazinin sa\u011fl\u0131\u011f\u0131, istikbali\u2026<br \/>\nMilliyet\u00e7ilik karde\u015fim, milliyet\u00e7ilik\u2026<br \/>\nGer\u00e7e\u011fi\u2026<br \/>\nParaya \u2013 pula ba\u011fl\u0131 de\u011fil\u2026<br \/>\nSadece yal\u0131n bir \u00f6zveridir!!!<\/p>\n","protected":false},"excerpt":{"rendered":"<p>Benim can\u0131m kan\u0131m bile, BENIM BENIM\u2026 \u0130nanm\u0131\u015f\u2026 &gt;&gt;&gt; kanm\u0131\u015f &lt;&lt;&lt; Gururla FaceBOK\u2019ta yay\u0131nlad\u0131lar onunla birlikte \u00e7ektirdikleri resimleri\u2026 Milliyet\u00e7ilik karde\u015fim, milliyet\u00e7ilik\u2026 Ger\u00e7e\u011fi\u2026 \u00d6zveridir!!! NOKTA \u0130nanmay\u0131n Tuncay \u00d6zkan\u2019a Gir\u2026 Ara\u015ft\u0131r AMA bir iyice\u2026 Recep Tayyip Erdo\u011fan neyse\u2026 Parac\u0131\u2026 O da ayn\u0131s\u0131!!! Atat\u00fcrk ve arkada\u015flar\u0131n\u0131n paras\u0131 mi vard\u0131? \u015eehidin bir kuru can\u0131\u2026 Gazinin sa\u011fl\u0131\u011f\u0131, istikbali\u2026 Milliyet\u00e7ilik karde\u015fim, milliyet\u00e7ilik\u2026 &hellip; <\/p>\n<p class=\"link-more\"><a href=\"http:\/\/wordpress.gurbuz.net\/?p=7221\" class=\"more-link\"><span class=\"screen-reader-text\">\u201e\u00c7ok \u00f6nemli, konu\u015fuyor Halk Arenas\u0131nda\u201c<\/span> weiterlesen<\/a><\/p>\n","protected":false},"author":1,"featured_media":0,"comment_status":"open","ping_status":"open","sticky":false,"template":"","format":"standard","meta":[],"categories":[1],"tags":[],"_links":{"self":[{"href":"http:\/\/wordpress.gurbuz.net\/index.php?rest_route=\/wp\/v2\/posts\/7221"}],"collection":[{"href":"http:\/\/wordpress.gurbuz.net\/index.php?rest_route=\/wp\/v2\/posts"}],"about":[{"href":"http:\/\/wordpress.gurbuz.net\/index.php?rest_route=\/wp\/v2\/types\/post"}],"author":[{"embeddable":true,"href":"http:\/\/wordpress.gurbuz.net\/index.php?rest_route=\/wp\/v2\/users\/1"}],"replies":[{"embeddable":true,"href":"http:\/\/wordpress.gurbuz.net\/index.php?rest_route=%2Fwp%2Fv2%2Fcomments&post=7221"}],"version-history":[{"count":5,"href":"http:\/\/wordpress.gurbuz.net\/index.php?rest_route=\/wp\/v2\/posts\/7221\/revisions"}],"predecessor-version":[{"id":7228,"href":"http:\/\/wordpress.gurbuz.net\/index.php?rest_route=\/wp\/v2\/posts\/7221\/revisions\/7228"}],"wp:attachment":[{"href":"http:\/\/wordpress.gurbuz.net\/index.php?rest_route=%2Fwp%2Fv2%2Fmedia&parent=7221"}],"wp:term":[{"taxonomy":"category","embeddable":true,"href":"http:\/\/wordpress.gurbuz.net\/index.php?rest_route=%2Fwp%2Fv2%2Fcategories&post=7221"},{"taxonomy":"post_tag","embeddable":true,"href":"http:\/\/wordpress.gurbuz.net\/index.php?rest_route=%2Fwp%2Fv2%2Ftags&post=7221"}],"curies":[{"name":"wp","href":"https:\/\/api.w.org\/{rel}","templated":true}]}}