{"id":72183,"date":"2021-05-30T09:17:04","date_gmt":"2021-05-30T09:17:04","guid":{"rendered":"http:\/\/wordpress.gurbuz.net\/?p=72183"},"modified":"2021-05-30T09:18:03","modified_gmt":"2021-05-30T09:18:03","slug":"ich-hatte-euch-bei-zeiten-gewarnt-%f0%9f%98%8a-wer-nicht-hoeren-will-muss-fuehlen-gilt-auch-fuer-mich-werde-entsprechend-handeln","status":"publish","type":"post","link":"http:\/\/wordpress.gurbuz.net\/?p=72183","title":{"rendered":"Ich hatte euch bei Zeiten gewarnt. &#x1f60a; Wer nicht h\u00f6ren will muss f\u00fchlen (gilt auch f\u00fcr mich, werde entsprechend handeln)"},"content":{"rendered":"<p><img src=\"https:\/\/img-s-msn-com.akamaized.net\/tenant\/amp\/entityid\/AAKvPNX.img?h=538&#038;w=799&#038;m=6&#038;q=60&#038;o=f&#038;l=f&#038;x=1034&#038;y=524\" alt=\"\" \/><\/p>\n<p>&#8222;Berliner Chaos: Zweite oder erste Spritze gegen Corona?<br \/>\n dpa vor 17 Std.<\/p>\n<p>In Berlin hat es bei den Impfterminen eine gr\u00f6\u00dfere Panne gegeben. Rund 2300 Berlinerinnen und Berliner, die von Freitag bis Sonntag im Zentrum Tempelhof die erste Spritze gegen Corona bekommen sollten, erhielten \u00fcberraschend und kurzfristig eine Absage. Doch das war gar nicht so gemeint: Es sei in der Mail um die Zweitimpfung in sechs Wochen gegangen, teilte ein Sprecher von Gesundheitssenatorin Dilek Kalayci (SPD) am Samstag mit. Die Betroffenen k\u00f6nnten in dem Schreiben aber leider den Eindruck gewinnen, dass es um die Erstimpfung gehe, hie\u00df es. Zuvor hatte der \u00abTagesspiegel\u00bb \u00fcber den Fall berichtet.&#8220;<\/p>\n<p>https:\/\/www.msn.com\/de-de\/nachrichten\/politik\/berliner-chaos-zweite-oder-erste-spritze-gegen-corona\/ar-AAKvRVN?ocid=msedgntp<\/p>\n","protected":false},"excerpt":{"rendered":"<p>&#8222;Berliner Chaos: Zweite oder erste Spritze gegen Corona? dpa vor 17 Std. In Berlin hat es bei den Impfterminen eine gr\u00f6\u00dfere Panne gegeben. Rund 2300 Berlinerinnen und Berliner, die von Freitag bis Sonntag im Zentrum Tempelhof die erste Spritze gegen Corona bekommen sollten, erhielten \u00fcberraschend und kurzfristig eine Absage. Doch das war gar nicht so &hellip; <\/p>\n<p class=\"link-more\"><a href=\"http:\/\/wordpress.gurbuz.net\/?p=72183\" class=\"more-link\"><span class=\"screen-reader-text\">\u201eIch hatte euch bei Zeiten gewarnt. &#x1f60a; Wer nicht h\u00f6ren will muss f\u00fchlen (gilt auch f\u00fcr mich, werde entsprechend handeln)\u201c<\/span> weiterlesen<\/a><\/p>\n","protected":false},"author":1,"featured_media":0,"comment_status":"open","ping_status":"open","sticky":false,"template":"","format":"standard","meta":[],"categories":[1],"tags":[],"_links":{"self":[{"href":"http:\/\/wordpress.gurbuz.net\/index.php?rest_route=\/wp\/v2\/posts\/72183"}],"collection":[{"href":"http:\/\/wordpress.gurbuz.net\/index.php?rest_route=\/wp\/v2\/posts"}],"about":[{"href":"http:\/\/wordpress.gurbuz.net\/index.php?rest_route=\/wp\/v2\/types\/post"}],"author":[{"embeddable":true,"href":"http:\/\/wordpress.gurbuz.net\/index.php?rest_route=\/wp\/v2\/users\/1"}],"replies":[{"embeddable":true,"href":"http:\/\/wordpress.gurbuz.net\/index.php?rest_route=%2Fwp%2Fv2%2Fcomments&post=72183"}],"version-history":[{"count":2,"href":"http:\/\/wordpress.gurbuz.net\/index.php?rest_route=\/wp\/v2\/posts\/72183\/revisions"}],"predecessor-version":[{"id":72185,"href":"http:\/\/wordpress.gurbuz.net\/index.php?rest_route=\/wp\/v2\/posts\/72183\/revisions\/72185"}],"wp:attachment":[{"href":"http:\/\/wordpress.gurbuz.net\/index.php?rest_route=%2Fwp%2Fv2%2Fmedia&parent=72183"}],"wp:term":[{"taxonomy":"category","embeddable":true,"href":"http:\/\/wordpress.gurbuz.net\/index.php?rest_route=%2Fwp%2Fv2%2Fcategories&post=72183"},{"taxonomy":"post_tag","embeddable":true,"href":"http:\/\/wordpress.gurbuz.net\/index.php?rest_route=%2Fwp%2Fv2%2Ftags&post=72183"}],"curies":[{"name":"wp","href":"https:\/\/api.w.org\/{rel}","templated":true}]}}