{"id":7138,"date":"2018-03-08T02:21:54","date_gmt":"2018-03-08T02:21:54","guid":{"rendered":"http:\/\/wordpress.gurbuz.net\/?p=7138"},"modified":"2018-03-08T02:21:54","modified_gmt":"2018-03-08T02:21:54","slug":"aciyi-ceken-bilir","status":"publish","type":"post","link":"http:\/\/wordpress.gurbuz.net\/?p=7138","title":{"rendered":"Ac\u0131y\u0131 \u00e7eken bilir"},"content":{"rendered":"<p>Yok vaz ge\u00e7tim, yazmayaca\u011f\u0131m yanl\u0131\u015flar\u0131n\u0131z\u0131, vurmayaca\u011f\u0131m y\u00fcz\u00fcn\u00fcze\u2026<br \/>\nFeminizm a\u015fa\u011f\u0131, fennimiz yukar\u0131\u2026<br \/>\nGerekliydi\u2026<br \/>\nD\u00fcnyam\u0131z\u0131n bir\u00e7ok yerinde hala yo\u011fun bir caba harcanmal\u0131, en ba\u015fta \u00fclkemizde!<\/p>\n<p>Yazmamam\u0131n nedeni\u2026<br \/>\nAnnem, onun hat\u0131r\u0131\u2026<br \/>\nBirlikte ya\u015fad\u0131k \u00e7o\u011fu \u015feyi\u2026<br \/>\nHan\u0131m\u2026<br \/>\n\u00c7ocuk ya\u015ftan beri \u00e7ektikleri, ekmek kavgas\u0131\u2026<br \/>\nBen\u2026<br \/>\nBaht\u0131z hatunum ald\u0131 ba\u015f\u0131na belay\u0131(!)<\/p>\n<p>Bir insan, vurgu insanda\u2026<br \/>\n\u00c7ekti\u011fi ac\u0131lar, ruhunda ald\u0131\u011f\u0131 yaralar\u2026<br \/>\nAsl\u0131nda i\u00e7im o kadar dolu ki avaz\u0131m \u00e7\u0131kt\u0131\u011f\u0131 kadar hayk\u0131rmak istediklerim\u2026<br \/>\nE\u011fitimsizlik\u2026<br \/>\nD\u00fcnyaya k\u0131z geldi diye s\u00fcnnetten tut tecav\u00fcze, s\u00f6m\u00fcr\u00fcye\u2026<br \/>\nHa kad\u0131n ha erkek \u00e7ekti\u011fi ac\u0131lar\u2026<br \/>\nVe yine kad\u0131n\u0131n\u2026<br \/>\nKad\u0131na ettiklerini nas\u0131l unuturum, kad\u0131n\u2026<br \/>\nVe mazo\u015fizmini!<\/p>\n<p>Tesad\u00fcf eseridir, tamamen tesad\u00fcf \u00e7ok ilgin\u00e7 bir bilgi edindim\u2026<br \/>\nYazd\u0131\u011f\u0131mda, eminim bilincinde, fark\u0131nda de\u011filsinizdir\u2026<br \/>\n\u0130nsan\u0131n\u2026<br \/>\nAllah\u2019\u0131 aldatmaya yeltenmesi(!)<\/p>\n<p>K\u00f6k \u00f6nemlidir benim i\u00e7in, \u00f6z\u2026<br \/>\nNedeni\u2026<br \/>\nKesif ettim bu bilgiyle y\u0131llardan beri arad\u0131\u011f\u0131m bir sorunun cevab\u0131n\u0131.<\/p>\n<p>\u00c7ocuktum\u2026<br \/>\nBir iyice bebe oldum, eve geldikten sonra de\u011fmesin ba\u015f yast\u0131\u011fa\u2026<br \/>\n\u00c7ok fazla geliyor, hayat \u015fartlar\u0131m, ba\u015f\u0131mdaki manyaklar\u2026<br \/>\nYoruyor beni, ancak hafta sonuna.<\/p>\n<p>Bug\u00fcn yo\u011funum yine, y\u00e2rin hele\u2026<br \/>\nSaat sabah\u0131n dokuzunda\u2026<br \/>\nHer \u015feye ra\u011fmen, t\u00fcm olumsuzluklara\u2026<br \/>\n8 Mart\u0131n\u0131z kutlu olsun kad\u0131nlar, kad\u0131n olman\u0131zla ne kadar kendinizle iftar etseniz azd\u0131r\u2026<br \/>\nBizleri, \u00e7olu\u011fu \u00e7ocu\u011fu, evi bark\u0131 ayakta tutan sizlersiniz.<\/p>\n<p>Haklar\u0131n\u0131z var, en do\u011fal haklar\u0131n\u0131z\u2026<br \/>\n\u0130nsan olarak, kad\u0131n olarak AMA rica ederim sizlerden, l\u00fctfen\u2026<br \/>\nC\u0131v\u0131tmay\u0131n, abartmay\u0131n\u2026<br \/>\nBirlikte \u00fcstesinden gelmeye \u00e7al\u0131\u015fal\u0131m sorunlar\u0131n, sorunun bir par\u00e7as\u0131s\u0131n\u0131z\u2026<br \/>\nDi\u011feri biz ve bizleri yeti\u015ftiren yine siz, bunu unutmay\u0131n!<\/p>\n<p><a href=\"http:\/\/www.ardmediathek.de\/tv\/Weltspiegel\/Weltspiegel-Reportage-Russlands-Frauen\/Das-Erste\/Video?bcastId=329478&amp;documentId=47500262\" target=\"_blank\" rel=\"noopener\">izle<\/a><\/p>\n","protected":false},"excerpt":{"rendered":"<p>Yok vaz ge\u00e7tim, yazmayaca\u011f\u0131m yanl\u0131\u015flar\u0131n\u0131z\u0131, vurmayaca\u011f\u0131m y\u00fcz\u00fcn\u00fcze\u2026 Feminizm a\u015fa\u011f\u0131, fennimiz yukar\u0131\u2026 Gerekliydi\u2026 D\u00fcnyam\u0131z\u0131n bir\u00e7ok yerinde hala yo\u011fun bir caba harcanmal\u0131, en ba\u015fta \u00fclkemizde! Yazmamam\u0131n nedeni\u2026 Annem, onun hat\u0131r\u0131\u2026 Birlikte ya\u015fad\u0131k \u00e7o\u011fu \u015feyi\u2026 Han\u0131m\u2026 \u00c7ocuk ya\u015ftan beri \u00e7ektikleri, ekmek kavgas\u0131\u2026 Ben\u2026 Baht\u0131z hatunum ald\u0131 ba\u015f\u0131na belay\u0131(!) Bir insan, vurgu insanda\u2026 \u00c7ekti\u011fi ac\u0131lar, ruhunda ald\u0131\u011f\u0131 yaralar\u2026 Asl\u0131nda &hellip; <\/p>\n<p class=\"link-more\"><a href=\"http:\/\/wordpress.gurbuz.net\/?p=7138\" class=\"more-link\"><span class=\"screen-reader-text\">\u201eAc\u0131y\u0131 \u00e7eken bilir\u201c<\/span> weiterlesen<\/a><\/p>\n","protected":false},"author":1,"featured_media":0,"comment_status":"open","ping_status":"open","sticky":false,"template":"","format":"standard","meta":[],"categories":[1],"tags":[],"_links":{"self":[{"href":"http:\/\/wordpress.gurbuz.net\/index.php?rest_route=\/wp\/v2\/posts\/7138"}],"collection":[{"href":"http:\/\/wordpress.gurbuz.net\/index.php?rest_route=\/wp\/v2\/posts"}],"about":[{"href":"http:\/\/wordpress.gurbuz.net\/index.php?rest_route=\/wp\/v2\/types\/post"}],"author":[{"embeddable":true,"href":"http:\/\/wordpress.gurbuz.net\/index.php?rest_route=\/wp\/v2\/users\/1"}],"replies":[{"embeddable":true,"href":"http:\/\/wordpress.gurbuz.net\/index.php?rest_route=%2Fwp%2Fv2%2Fcomments&post=7138"}],"version-history":[{"count":1,"href":"http:\/\/wordpress.gurbuz.net\/index.php?rest_route=\/wp\/v2\/posts\/7138\/revisions"}],"predecessor-version":[{"id":7139,"href":"http:\/\/wordpress.gurbuz.net\/index.php?rest_route=\/wp\/v2\/posts\/7138\/revisions\/7139"}],"wp:attachment":[{"href":"http:\/\/wordpress.gurbuz.net\/index.php?rest_route=%2Fwp%2Fv2%2Fmedia&parent=7138"}],"wp:term":[{"taxonomy":"category","embeddable":true,"href":"http:\/\/wordpress.gurbuz.net\/index.php?rest_route=%2Fwp%2Fv2%2Fcategories&post=7138"},{"taxonomy":"post_tag","embeddable":true,"href":"http:\/\/wordpress.gurbuz.net\/index.php?rest_route=%2Fwp%2Fv2%2Ftags&post=7138"}],"curies":[{"name":"wp","href":"https:\/\/api.w.org\/{rel}","templated":true}]}}