{"id":7129,"date":"2018-03-07T15:04:32","date_gmt":"2018-03-07T15:04:32","guid":{"rendered":"http:\/\/wordpress.gurbuz.net\/?p=7129"},"modified":"2018-03-07T15:04:47","modified_gmt":"2018-03-07T15:04:47","slug":"yarin-8-mart-kadinlar-gunu-ya-akilimda-bir-taslak","status":"publish","type":"post","link":"http:\/\/wordpress.gurbuz.net\/?p=7129","title":{"rendered":"Yar\u0131n 8 Mart kad\u0131nlar g\u00fcn\u00fc ya, ak\u0131l\u0131mda bir taslak"},"content":{"rendered":"<p>Dostum dedi\u011fim zaten yok\u2026<br \/>\nBirde kad\u0131nlar\u0131 kendime d\u00fc\u015fman etmek pahas\u0131na\u2026<br \/>\nKaleme alsam m\u0131 bilmiyorum, \u00e7ok can ac\u0131tacak!<\/p>\n<p>Yok\u2026<br \/>\nSadece T\u00fcrk kad\u0131n\u0131na, T\u00fcrk\u00fcn kad\u0131n\u0131na y\u00f6nelik de\u011fil, ba\u015fta Arap yar\u0131madas\u0131\u2026<br \/>\nS\u00f6zlerim d\u00fcnyada kad\u0131na\u2026<br \/>\nNerelerden, nerelere geldi\u011fini unutma\u2026<br \/>\nBende insan\u0131m sende, birde insan denilen varl\u0131\u011f\u0131n her \u015feyin b.kunu \u00e7\u0131karmas\u0131 olmasa(!)<\/p>\n<p>En son \u00f6rnek Almanya\u2019dan\u2026<br \/>\nAdam\u0131n ve vurgulayarak yaz\u0131yorum &gt;&gt;&gt; adam\u0131n &lt;&lt;&lt; tepesini att\u0131rma\u2026<br \/>\nHaddini bil, geldi\u011fin noktay\u0131, c\u0131v\u0131tma \u2026 c\u0131v\u0131tma!<\/p>\n<p>\u00d6zellikle \u00fclkemizde\u2026<br \/>\nToplumun yar\u0131s\u0131 kadar\u0131 \u00fcretici de\u011fil t\u00fcketici olmas\u0131 \u00fcz\u00fcc\u00fc olmakla birlikte ne insanl\u0131\u011fa s\u0131\u011far\u2026<br \/>\nNe \u00e7a\u011fda\u015fl\u0131\u011fa!<\/p>\n<p>Burada\u2026<br \/>\nYurtd\u0131\u015f\u0131nda\u2026<br \/>\nBa\u015f\u0131 a\u00e7\u0131k, ba\u015f\u0131 kapal\u0131\u2026<br \/>\nBu insanlar, bu kad\u0131nlar\u2026<br \/>\n\u0130nsan evlad\u0131 de\u011fil mi?<\/p>\n<p>Ko\u015ftururlar i\u015fe, \u00fcretime\u2026<br \/>\n\u00c7ocu\u011fa, kocaya, eve\u2026<br \/>\nKo\u015fturur dururlar, senin ki can da onlar\u0131n ki patl\u0131can m\u0131?<br \/>\nYok\u2026<br \/>\nEn iyisi susay\u0131m, yoksa \u00e7ok fena patlayaca\u011f\u0131m!<\/p>\n<p>V\u0131d\u0131 v\u0131d\u0131 konu\u015fuyorlar, bilmi\u015f bilmi\u015f\u2026<br \/>\nHele CNN\u2019de hani O ekonomi haberlerini sunan \u00e7\u0131r\u00e7\u0131r yok mu, Handenin bir e\u015fi\u2026<br \/>\nKad\u0131n\u0131m diye geziyor ortal\u0131kta \u00e7\u0131rp\u0131 bacaklar\u0131yla!<\/p>\n<p><a href=\"https:\/\/www.arte.tv\/de\/videos\/065829-000-A\/ich-will-frauen-im-topmanagement\/\" target=\"_blank\" rel=\"noopener\">izle<\/a><\/p>\n","protected":false},"excerpt":{"rendered":"<p>Dostum dedi\u011fim zaten yok\u2026 Birde kad\u0131nlar\u0131 kendime d\u00fc\u015fman etmek pahas\u0131na\u2026 Kaleme alsam m\u0131 bilmiyorum, \u00e7ok can ac\u0131tacak! Yok\u2026 Sadece T\u00fcrk kad\u0131n\u0131na, T\u00fcrk\u00fcn kad\u0131n\u0131na y\u00f6nelik de\u011fil, ba\u015fta Arap yar\u0131madas\u0131\u2026 S\u00f6zlerim d\u00fcnyada kad\u0131na\u2026 Nerelerden, nerelere geldi\u011fini unutma\u2026 Bende insan\u0131m sende, birde insan denilen varl\u0131\u011f\u0131n her \u015feyin b.kunu \u00e7\u0131karmas\u0131 olmasa(!) En son \u00f6rnek Almanya\u2019dan\u2026 Adam\u0131n ve vurgulayarak yaz\u0131yorum &hellip; <\/p>\n<p class=\"link-more\"><a href=\"http:\/\/wordpress.gurbuz.net\/?p=7129\" class=\"more-link\"><span class=\"screen-reader-text\">\u201eYar\u0131n 8 Mart kad\u0131nlar g\u00fcn\u00fc ya, ak\u0131l\u0131mda bir taslak\u201c<\/span> weiterlesen<\/a><\/p>\n","protected":false},"author":1,"featured_media":0,"comment_status":"open","ping_status":"open","sticky":false,"template":"","format":"standard","meta":[],"categories":[1],"tags":[],"_links":{"self":[{"href":"http:\/\/wordpress.gurbuz.net\/index.php?rest_route=\/wp\/v2\/posts\/7129"}],"collection":[{"href":"http:\/\/wordpress.gurbuz.net\/index.php?rest_route=\/wp\/v2\/posts"}],"about":[{"href":"http:\/\/wordpress.gurbuz.net\/index.php?rest_route=\/wp\/v2\/types\/post"}],"author":[{"embeddable":true,"href":"http:\/\/wordpress.gurbuz.net\/index.php?rest_route=\/wp\/v2\/users\/1"}],"replies":[{"embeddable":true,"href":"http:\/\/wordpress.gurbuz.net\/index.php?rest_route=%2Fwp%2Fv2%2Fcomments&post=7129"}],"version-history":[{"count":2,"href":"http:\/\/wordpress.gurbuz.net\/index.php?rest_route=\/wp\/v2\/posts\/7129\/revisions"}],"predecessor-version":[{"id":7131,"href":"http:\/\/wordpress.gurbuz.net\/index.php?rest_route=\/wp\/v2\/posts\/7129\/revisions\/7131"}],"wp:attachment":[{"href":"http:\/\/wordpress.gurbuz.net\/index.php?rest_route=%2Fwp%2Fv2%2Fmedia&parent=7129"}],"wp:term":[{"taxonomy":"category","embeddable":true,"href":"http:\/\/wordpress.gurbuz.net\/index.php?rest_route=%2Fwp%2Fv2%2Fcategories&post=7129"},{"taxonomy":"post_tag","embeddable":true,"href":"http:\/\/wordpress.gurbuz.net\/index.php?rest_route=%2Fwp%2Fv2%2Ftags&post=7129"}],"curies":[{"name":"wp","href":"https:\/\/api.w.org\/{rel}","templated":true}]}}