{"id":7047,"date":"2018-03-05T06:10:18","date_gmt":"2018-03-05T06:10:18","guid":{"rendered":"http:\/\/wordpress.gurbuz.net\/?p=7047"},"modified":"2018-03-05T06:12:04","modified_gmt":"2018-03-05T06:12:04","slug":"soz-konusu-guc-mesele-petrol-su-gibi-yasamsal-oneme-stratejik-oneme-sahip-hammaddeler-olunca","status":"publish","type":"post","link":"http:\/\/wordpress.gurbuz.net\/?p=7047","title":{"rendered":"S\u00f6z konusu g\u00fc\u00e7, mesele petrol, su gibi ya\u015famsal \u00f6neme, stratejik \u00f6neme sahip hammaddeler olunca"},"content":{"rendered":"<p>Kendi s\u0131n\u0131rlar\u0131n i\u00e7inde \u00fc\u00e7 \u2013 be\u015f bin insan\u0131n\u2026<br \/>\nHele ba\u015fkas\u0131n\u0131n \u00fclkelerinde binlerin, on binlerin, y\u00fczbinlerin\u2026<br \/>\nMilyonca can\u0131n ne \u00f6nemi olabilir?<\/p>\n<p>Kendi \u00fclkende bile\u2026<br \/>\nHat\u0131rla\u2026<br \/>\nAnkara\u2019da, \u0130stanbul\u2019da patlayan bombalar\u0131, y\u00fczlerce \u00f6len insan\u0131m\u0131z\u0131\u2026<br \/>\nYine\u2026<br \/>\nBarzani kurmu\u015f yan\u0131 ba\u015f\u0131nda K\u00fcrdistan, pezevenkler\u2026<br \/>\nPezevengi k\u0131rm\u0131z\u0131 hal\u0131yla kar\u015f\u0131lad\u0131. Sahi PKK, PYD, YPG\u2026<br \/>\nNe zamandan beri s\u0131n\u0131rlar\u0131m\u0131za kom\u015fu?<br \/>\nNeden \u015fimdi?<br \/>\nKandil dururken neden Afrin?<\/p>\n<p>Ne a\u00e7\u0131klam\u0131\u015ft\u0131m ge\u00e7enlerde, hani tesad\u00fcfen \u00f6\u011frendi\u011fim bir ger\u00e7e\u011fi?<\/p>\n","protected":false},"excerpt":{"rendered":"<p>Kendi s\u0131n\u0131rlar\u0131n i\u00e7inde \u00fc\u00e7 \u2013 be\u015f bin insan\u0131n\u2026 Hele ba\u015fkas\u0131n\u0131n \u00fclkelerinde binlerin, on binlerin, y\u00fczbinlerin\u2026 Milyonca can\u0131n ne \u00f6nemi olabilir? Kendi \u00fclkende bile\u2026 Hat\u0131rla\u2026 Ankara\u2019da, \u0130stanbul\u2019da patlayan bombalar\u0131, y\u00fczlerce \u00f6len insan\u0131m\u0131z\u0131\u2026 Yine\u2026 Barzani kurmu\u015f yan\u0131 ba\u015f\u0131nda K\u00fcrdistan, pezevenkler\u2026 Pezevengi k\u0131rm\u0131z\u0131 hal\u0131yla kar\u015f\u0131lad\u0131. Sahi PKK, PYD, YPG\u2026 Ne zamandan beri s\u0131n\u0131rlar\u0131m\u0131za kom\u015fu? Neden \u015fimdi? Kandil dururken &hellip; <\/p>\n<p class=\"link-more\"><a href=\"http:\/\/wordpress.gurbuz.net\/?p=7047\" class=\"more-link\"><span class=\"screen-reader-text\">\u201eS\u00f6z konusu g\u00fc\u00e7, mesele petrol, su gibi ya\u015famsal \u00f6neme, stratejik \u00f6neme sahip hammaddeler olunca\u201c<\/span> weiterlesen<\/a><\/p>\n","protected":false},"author":1,"featured_media":0,"comment_status":"open","ping_status":"open","sticky":false,"template":"","format":"standard","meta":[],"categories":[1],"tags":[],"_links":{"self":[{"href":"http:\/\/wordpress.gurbuz.net\/index.php?rest_route=\/wp\/v2\/posts\/7047"}],"collection":[{"href":"http:\/\/wordpress.gurbuz.net\/index.php?rest_route=\/wp\/v2\/posts"}],"about":[{"href":"http:\/\/wordpress.gurbuz.net\/index.php?rest_route=\/wp\/v2\/types\/post"}],"author":[{"embeddable":true,"href":"http:\/\/wordpress.gurbuz.net\/index.php?rest_route=\/wp\/v2\/users\/1"}],"replies":[{"embeddable":true,"href":"http:\/\/wordpress.gurbuz.net\/index.php?rest_route=%2Fwp%2Fv2%2Fcomments&post=7047"}],"version-history":[{"count":3,"href":"http:\/\/wordpress.gurbuz.net\/index.php?rest_route=\/wp\/v2\/posts\/7047\/revisions"}],"predecessor-version":[{"id":7050,"href":"http:\/\/wordpress.gurbuz.net\/index.php?rest_route=\/wp\/v2\/posts\/7047\/revisions\/7050"}],"wp:attachment":[{"href":"http:\/\/wordpress.gurbuz.net\/index.php?rest_route=%2Fwp%2Fv2%2Fmedia&parent=7047"}],"wp:term":[{"taxonomy":"category","embeddable":true,"href":"http:\/\/wordpress.gurbuz.net\/index.php?rest_route=%2Fwp%2Fv2%2Fcategories&post=7047"},{"taxonomy":"post_tag","embeddable":true,"href":"http:\/\/wordpress.gurbuz.net\/index.php?rest_route=%2Fwp%2Fv2%2Ftags&post=7047"}],"curies":[{"name":"wp","href":"https:\/\/api.w.org\/{rel}","templated":true}]}}