{"id":6747,"date":"2018-02-22T12:37:12","date_gmt":"2018-02-22T12:37:12","guid":{"rendered":"http:\/\/wordpress.gurbuz.net\/?p=6747"},"modified":"2018-02-22T12:41:05","modified_gmt":"2018-02-22T12:41:05","slug":"yeri-gelir","status":"publish","type":"post","link":"http:\/\/wordpress.gurbuz.net\/?p=6747","title":{"rendered":"Yeri gelir"},"content":{"rendered":"<p>Anlat\u0131r\u0131m rahmetli pederi, yeri gelir b\u00fcy\u00fck Arnavut\u2019u\u2026<br \/>\nEni\u015ftemi, rahmetliyi\u2026<br \/>\n\u0130ki erke\u011fi birle\u015ftiren \u00f6zellik, \u00fclkemizde bu gibi bir terimi bilmezler, kullanmazlar pek\u2026<br \/>\nHele cahiller, kendi dillerine HAKIM olmayanlar hemen \u00e7eker ba\u015fka tarafa\u2026<br \/>\n\u0130kisi de tam birer hayat adam\u0131yd\u0131, yani hayata \u00e7ok g\u00f6rm\u00fc\u015f, ola\u011fan\u00fcst\u00fc veya normalin \u00fcst\u00fcnde g\u00f6rm\u00fc\u015f \u2013 ge\u00e7irmi\u015f insanlard\u0131 ikisi de. \u0130\u00e7kiyse i\u00e7ki, kad\u0131nsa kad\u0131n, kumarsa kumar her yoldan ge\u00e7mi\u015f, g\u00f6rm\u00fc\u015f insanlard\u0131 rahmetliler. Babamda da g\u00f6rm\u00fc\u015f\u00fcmd\u00fcr ayni tepkiyi, eni\u015ftemde de\u2026<br \/>\nAilemin di\u011fer erkeklerinde ve kad\u0131nlar\u0131nda da\u2026<br \/>\nBakma bizler yozla\u015ft\u0131k buralarda, Almanla\u015ft\u0131k ta diyebilirim, k\u00f6klerimizi unutmad\u0131k ama kimi \u00f6rf ve adetlerimizden uzakla\u015fmaya ba\u015flad\u0131k. Cenazeye sayg\u0131\u2026<br \/>\nHele mezarl\u0131k yan\u0131ndan ge\u00e7erken falan, AYNEN YILMAZ BEYIN yazd\u0131\u011f\u0131 gibi, aynen!<\/p>\n<p>S\u00f6zde de\u011fil\u2026<br \/>\nM\u00fcsl\u00fcman, lafta M\u00fcsl\u00fcman, erkek, kad\u0131n, terbiye, sayg\u0131, vatan ve millet\u2026<br \/>\nLafta vatan, bu kadar ac\u0131 olmasa \u00f6zde \u015fehit, kani ve can\u0131yla lafta diyece\u011fim geliyor g.t k\u0131llar\u0131 \u015fehitleri gibi her \u015fey lafta, lafta kal\u0131yor\u2026<br \/>\nNe \u00f6z \u00f6z, ne s\u00f6z s\u00f6z!  <\/p>\n<p>&#8212;  <\/p>\n<p><strong>Bir gazetecinin hat\u0131ra defteri\u2026<\/strong><br \/>\n22 \u015eubat 2018 <\/p>\n<p>Alt\u0131 ya\u015f\u0131ndayd\u0131m.<br \/>\nHayli ya\u015fl\u0131 bir kom\u015fumuz vard\u0131.<br \/>\n90 k\u00fcsur.<br \/>\nVade doldu, vefat etti.<br \/>\n\u0130lk kez tan\u0131\u015fm\u0131\u015ft\u0131m \u00f6l\u00fcmle\u2026 D\u00fcn gibi hat\u0131rl\u0131yorum. Mahallede adeta yas ilan edilmi\u015fti. Televizyon a\u00e7mak yasak. Radyo yasak. Teyp yasak. \u201cDuyulur, ay\u0131p olur\u201d deniyordu. Y\u00fcksek sesle konu\u015fmak yasak. Top oynamak yasak. \u00c7\u0131t \u00e7\u0131karmaya utan\u0131l\u0131rd\u0131. Sessizlik hakim olurdu. \u0130\u015fine, okuluna gidenler, ba\u015f\u0131 \u00f6ne e\u011fik, h\u00fcz\u00fcn korteji gibi y\u00fcr\u00fcrd\u00fc.<br \/>\n*<br \/>\nYata\u011f\u0131nda, eceliyle son nefesini veren 90 k\u00fcsur ya\u015f\u0131ndaki insanlar\u0131m\u0131z\u0131 bile, b\u00f6yle u\u011furlard\u0131k\u2026 Hat\u0131rlars\u0131n\u0131z.<br \/>\n*<br \/>\nT\u00fcrkiye hen\u00fcz bu duygular\u0131n\u0131 yitirmeden \u00f6nce gazetecili\u011fe ba\u015flad\u0131m.<br \/>\nGece muhabiriydim.<br \/>\n\u0130lk haberim, cinayetti.<br \/>\nZordu.<br \/>\n\u00d6ld\u00fcr\u00fclen ki\u015finin tek kare vesikal\u0131k foto\u011fraf\u0131n\u0131 alabilmek i\u00e7in, cenaze evine gidip, kendimi sivil polis olarak tan\u0131tm\u0131\u015ft\u0131m. Ba\u015fka \u00e7arem yoktu. \u00c7\u00fcnk\u00fc gazeteci falan giremezdi cenaze evlerine\u2026 Hatta mahalleye bile giremezdi. Ac\u0131l\u0131 aileye sayg\u0131s\u0131zl\u0131k olarak kabul edilirdi.<br \/>\n*<br \/>\nDiri&#8217;ye olmasa bile\u2026<br \/>\n\u00d6l\u00fc&#8217;ye sayg\u0131 vard\u0131 en az\u0131ndan.<br \/>\n*<br \/>\nSonra?<br \/>\nSonra bi haller oldu bize.<br \/>\n*<br \/>\n12 Eyl\u00fcl ve \u00d6zal s\u00fcreciyle beraber yozla\u015fma h\u0131zland\u0131.<br \/>\n80&#8217;lerin sonuna do\u011fru, gazetecilerin cinayet mahalline gitmesine gerek kalmad\u0131, cinayet mahalli gazetelere gelmeye ba\u015flad\u0131.<br \/>\n\u201cGazetede resmim \u00e7\u0131ks\u0131n da, nas\u0131l \u00e7\u0131karsa \u00e7\u0131ks\u0131n\u201d gibi, tuhaf bir \u201c\u015f\u00f6hret\u201d duygusu toplumu zehirliyordu.<br \/>\n\u00d6ld\u00fcr\u00fclen ki\u015finin ailesi, foto\u011fraf alb\u00fcm\u00fcn\u00fc koltu\u011funun alt\u0131na koyup gazeteye getiriyordu.<br \/>\n\u0130nanmakta g\u00fc\u00e7l\u00fck \u00e7ekeceksiniz ama, kom\u015fular da gelsin diye minib\u00fcs tutan maktul ailesi bile g\u00f6rd\u00fcm.<br \/>\n*<br \/>\n90&#8217;l\u0131 y\u0131llar\u0131n ba\u015f\u0131nda, gazeteciler art\u0131k zahmet edip telefon etmiyordu.<br \/>\n\u201cCinayet oldu, foto\u011fraflar\u0131 getireyim mi?\u201d diye kendileri telefon ediyorlard\u0131.<br \/>\nE memlekette cinayetler artm\u0131\u015ft\u0131, hangi biri bas\u0131lacak\u2026<br \/>\n\u201c\u00d6ld\u00fcr\u00fclen k\u0131z g\u00fczelse getir, g\u00fczel de\u011filse bo\u015fver\u201d denilmeye ba\u015fland\u0131.<br \/>\nMan\u015feti sa\u011flama almak i\u00e7in kurban\u0131n gelinli\u011fini getiren bile oluyordu.<br \/>\n*<br \/>\n90&#8217;lar\u0131n sonuna do\u011fru, maktul aileleri \u015f\u0131mard\u0131!<br \/>\n\u00d6zel televizyonlar \u00e7\u0131km\u0131\u015ft\u0131, gazetelere y\u00fcz vermemeye ba\u015flad\u0131lar. \u201cTiraj\u0131n kadar konu\u015f\u201d diye k\u00fc\u00e7\u00fcms\u00fcyorlard\u0131.<br \/>\nGazeteler kurbanlar\u0131n kuru kuruya foto\u011fraflar\u0131n\u0131 vermeye \u00e7al\u0131\u015f\u0131rken, televizyonlar \u015fak\u0131r \u015fak\u0131r d\u00fc\u011f\u00fcn videolar\u0131n\u0131 yay\u0131nl\u0131yordu.<br \/>\n\u201c\u0130\u015fte g\u00f6r\u00fcyorsunuz say\u0131n seyirciler, katil aile dostuydu, bo\u011faz\u0131n\u0131 kesti\u011fi geline bilezi\u011fi b\u00f6yle takm\u0131\u015ft\u0131, \u015f\u00f6yle halay \u00e7ekmi\u015fti\u201d filan.<br \/>\n*<br \/>\nBilahare, milenyum geldi. 2000&#8217;ler.<br \/>\nCep telefonlar\u0131 hayat\u0131m\u0131za girmi\u015fti, g\u00f6r\u00fcnt\u00fc ya\u011f\u0131yordu.<br \/>\n\u00d6ld\u00fcr\u00fclen kad\u0131n\u0131n tatil videosu, katledilen \u00e7ocu\u011fun s\u00fcnnet videosu falan kesmemeye ba\u015flad\u0131. Zaten, video i\u015fi internete kaym\u0131\u015ft\u0131. Cinayet seyretmek i\u00e7in ana haber b\u00fcltenlerini beklemeye gerek kalm\u0131yordu, gazetelerin internet sayfalar\u0131n\u0131 t\u0131klay\u0131p, hemen seyrediliyordu.<br \/>\n*<br \/>\n\u00d6zel televizyonlara yeni bi atraksiyon laz\u0131md\u0131.<br \/>\nBulundu\u2026<br \/>\nAnne babalara \u201cevinize canl\u0131 yay\u0131n arac\u0131 g\u00f6nderelim, \u00e7ocu\u011funuzu nas\u0131l \u00f6ld\u00fcrd\u00fcler \u00e7\u0131k\u0131n anlat\u0131n\u201d denildi.<br \/>\nKabul ettiler!<br \/>\n*<br \/>\nAma\u2026 Canl\u0131 yay\u0131n arac\u0131 g\u00f6ndermek pahal\u0131ya maloluyordu. \u201c\u00c7ok istiyorsan\u0131z, gelin st\u00fcdyoda spikere anlat\u0131n\u201d denildi.<br \/>\nOnu da kabul ettiler!<br \/>\n*<br \/>\nBu sefer ba\u015fka bi p\u00fcr\u00fcz \u00e7\u0131kt\u0131 ortaya\u2026 \u00d6zel televizyonlar\u0131n say\u0131s\u0131 belki 100 tane, \u00f6ld\u00fcr\u00fclenin anas\u0131 babas\u0131 sadece iki ki\u015fi.<br \/>\nArz-talep meselesi y\u00fcz\u00fcnden karaborsa olu\u015fuyordu.<br \/>\n\u0130\u015fin i\u00e7ine para girdi.<br \/>\n\u201cBizim ekrana \u00e7\u0131k\u0131n, \u015fu kadar para verelim\u201d diyen kanala \u00e7\u0131kmaya ba\u015flad\u0131lar. Para verenlerin reytingi artt\u0131.<br \/>\nAileler tad\u0131n\u0131 alm\u0131\u015ft\u0131.<br \/>\n\u201cPara vermem\u201d diyenlerin telefonuna bile \u00e7\u0131km\u0131yorlard\u0131.<br \/>\n*<br \/>\n\u0130pin ucu \u00f6yle ka\u00e7m\u0131\u015ft\u0131 ki, sekt\u00f6r haline gelmi\u015fti. Komisyonla \u00e7al\u0131\u015fan arac\u0131lar peydah olmu\u015ftu. Aileyi \u00f6nceden ba\u011fl\u0131yor, futbolcu menajeri gibi, televizyon kanallar\u0131yla pazarl\u0131\u011fa oturuyorlard\u0131.<br \/>\nNeyse ki, medya patronlar\u0131 muslu\u011fu kesti. \u201cEtik gazetecilik\u201d aya\u011f\u0131na yat\u0131ld\u0131, haber i\u00e7in para \u00f6denmekten vazge\u00e7ildi.<br \/>\n*<br \/>\nMedyam\u0131z bu olan bitenlerden ders \u00e7\u0131karm\u0131\u015ft\u0131. \u00d6zele\u015ftiri yap\u0131ld\u0131. Denildi ki\u2026 Rekabet i\u00e7in birbirimizin kafas\u0131n\u0131 g\u00f6z\u00fcn\u00fc yarmayal\u0131m, herkese yetecek kadar maktul ailesi var, payla\u015fal\u0131m!<br \/>\n*<br \/>\nBu makul \u00f6neride uzla\u015f\u0131ld\u0131.<br \/>\nAileleri k\u0131r\u0131\u015fmaya ba\u015flad\u0131lar.<br \/>\nKurban\u0131n babas\u0131 Star&#8217;a \u00e7\u0131k\u0131yorsa, annesi Kanal D&#8217;ye \u00e7\u0131k\u0131yor, a\u011fabeyi atv&#8217;ye gidiyor, k\u0131zkarde\u015fini Show Tv al\u0131yordu.<br \/>\nNtv, Cnnt\u00fcrk gibi haber kanallar\u0131 zay\u0131f kal\u0131yor, genellikle amca&#8217;yla teyze&#8217;yle idare ediyorlard\u0131.<br \/>\nHerkes konuklar\u0131n\u0131 ayn\u0131 anda canl\u0131 yay\u0131na \u00e7\u0131kar\u0131yor, reytingin takdiri y\u00fcce T\u00fcrk milletine b\u0131rak\u0131l\u0131yordu!<br \/>\n*<br \/>\nAilece anlat\u0131l\u0131yor\u2026<br \/>\nAilece seyrediliyordu.<br \/>\n*<br \/>\nB\u00f6yle b\u00f6yle, yava\u015f yava\u015f, usul usul \u201c\u00f6l\u00fcm normalle\u015fti\u201drildi.<br \/>\nRutinle\u015ftirdi.<br \/>\n*<br \/>\n\u00d6zgecan&#8217;\u0131n babas\u0131 mesela, sahneye \u00e7\u0131k\u0131p konser verdi!<br \/>\n*<br \/>\nEvet, yanl\u0131\u015f okumad\u0131n\u0131z\u2026 Tayyip Erdo\u011fan&#8217;\u0131n emriyle \u201cdevlet sanat\u00e7\u0131s\u0131\u201d yap\u0131ld\u0131, Mersin Devlet Klasik T\u00fcrk M\u00fczi\u011fi Korosu&#8217;na al\u0131nd\u0131, k\u0131z\u0131n\u0131n ad\u0131 verilen meydanda, ramazan konserinde sahneye \u00e7\u0131kt\u0131, solistlik yapt\u0131.<br \/>\n*<br \/>\nK\u0131z\u0131 \u00f6ld\u00fcr\u00fcld\u00fc\u011f\u00fcnde \u015fark\u0131c\u0131 olsayd\u0131, hayat devam ediyor diyece\u011fim ama\u2026 K\u0131z\u0131 \u00f6ld\u00fcr\u00fcld\u00fc\u011f\u00fcnde grafikerdi, matbaalarda \u00e7al\u0131\u015f\u0131yordu. M\u00fczi\u011fe merak\u0131 var diye, Tayyip Erdo\u011fan taraf\u0131ndan \u201cdevlet sanat\u00e7\u0131s\u0131\u201d unvan\u0131 verildi, \u00e7\u0131k\u0131p \u015fark\u0131 s\u00f6ylesin diye koroya dahil edildi.<br \/>\n*<br \/>\nVe \u00f6nceki g\u00fcn\u2026<br \/>\nArt\u0131k medyam\u0131za da gerek kalmad\u0131\u011f\u0131 anla\u015f\u0131ld\u0131.<br \/>\n*<br \/>\nBal\u0131kesir&#8217;de k\u0131z istemeye giden herif, k\u0131z\u0131 vermedikleri i\u00e7in av t\u00fcfe\u011fini getirdi, k\u0131z taraf\u0131n\u0131 komple vurdu, \u00fc\u00e7 ki\u015fiyi \u00f6ld\u00fcrd\u00fc, d\u00f6rt ki\u015fiyi yaralad\u0131, bu hunharca katliam\u0131n\u0131 cep telefonuyla kaydetti, spiker gibi anons yaparak \u201csosyal medya\u201dda yay\u0131nlad\u0131!<br \/>\n*<br \/>\nKendin pi\u015fir kendin ye d\u00f6nemi ba\u015flad\u0131.<br \/>\n*<br \/>\nSay\u0131n sorumsuz medyam\u0131z\u2026<br \/>\n\u201cDe\u011ferli\u201d insanlar\u0131 toplumun \u00f6n\u00fcne rol model olarak getirmektense, \u201cde\u011fersiz \u00f6nemli\u201d insanlar\u0131 parlatt\u0131.<br \/>\nSay\u0131n vurdumduymaz ahalimiz\u2026<br \/>\n\u201cDe\u011ferli\u201d insanlara sayg\u0131 duymaktansa, \u201cde\u011fersiz \u00f6nemli\u201d insanlar\u0131 ba\u015ftac\u0131 yapmay\u0131 tercih etti.<br \/>\n*<br \/>\nKa\u00e7\u0131n\u0131lmaz sonu\u00e7 buydu.<br \/>\nBir zamanlar 90 k\u00fcsur ya\u015f\u0131ndaki kom\u015fusu eceliyle vefat etti\u011finde bile adeta yas ilan eden milletten\u2026 D\u00fcnyan\u0131n en vah\u015fi toplumu yarat\u0131ld\u0131.<br \/>\n*<br \/>\nAfrin \u015fehitlerinden birinin bile ad\u0131n\u0131 bilmeyip, Survivor kadrosunu eksiksiz sayabilen topluma, yava\u015f yava\u015f, usul usul, i\u015fte b\u00f6yle ula\u015f\u0131ld\u0131.<\/p>\n<p>http:\/\/www.sozcu.com.tr\/2018\/yazarlar\/yilmaz-ozdil\/bir-gazetecinin-hatira-defteri-2238866\/<\/p>\n<p>Not: d\u00fcnk\u00fc yaz\u0131s\u0131n\u0131 okumad\u0131ysan\u0131z, mutlaka okuyun <\/p>\n<p>http:\/\/www.sozcu.com.tr\/kategori\/yazarlar\/<\/p>\n","protected":false},"excerpt":{"rendered":"<p>Anlat\u0131r\u0131m rahmetli pederi, yeri gelir b\u00fcy\u00fck Arnavut\u2019u\u2026 Eni\u015ftemi, rahmetliyi\u2026 \u0130ki erke\u011fi birle\u015ftiren \u00f6zellik, \u00fclkemizde bu gibi bir terimi bilmezler, kullanmazlar pek\u2026 Hele cahiller, kendi dillerine HAKIM olmayanlar hemen \u00e7eker ba\u015fka tarafa\u2026 \u0130kisi de tam birer hayat adam\u0131yd\u0131, yani hayata \u00e7ok g\u00f6rm\u00fc\u015f, ola\u011fan\u00fcst\u00fc veya normalin \u00fcst\u00fcnde g\u00f6rm\u00fc\u015f \u2013 ge\u00e7irmi\u015f insanlard\u0131 ikisi de. \u0130\u00e7kiyse i\u00e7ki, kad\u0131nsa kad\u0131n, &hellip; <\/p>\n<p class=\"link-more\"><a href=\"http:\/\/wordpress.gurbuz.net\/?p=6747\" class=\"more-link\"><span class=\"screen-reader-text\">\u201eYeri gelir\u201c<\/span> weiterlesen<\/a><\/p>\n","protected":false},"author":1,"featured_media":0,"comment_status":"open","ping_status":"open","sticky":false,"template":"","format":"standard","meta":[],"categories":[1],"tags":[],"_links":{"self":[{"href":"http:\/\/wordpress.gurbuz.net\/index.php?rest_route=\/wp\/v2\/posts\/6747"}],"collection":[{"href":"http:\/\/wordpress.gurbuz.net\/index.php?rest_route=\/wp\/v2\/posts"}],"about":[{"href":"http:\/\/wordpress.gurbuz.net\/index.php?rest_route=\/wp\/v2\/types\/post"}],"author":[{"embeddable":true,"href":"http:\/\/wordpress.gurbuz.net\/index.php?rest_route=\/wp\/v2\/users\/1"}],"replies":[{"embeddable":true,"href":"http:\/\/wordpress.gurbuz.net\/index.php?rest_route=%2Fwp%2Fv2%2Fcomments&post=6747"}],"version-history":[{"count":4,"href":"http:\/\/wordpress.gurbuz.net\/index.php?rest_route=\/wp\/v2\/posts\/6747\/revisions"}],"predecessor-version":[{"id":6751,"href":"http:\/\/wordpress.gurbuz.net\/index.php?rest_route=\/wp\/v2\/posts\/6747\/revisions\/6751"}],"wp:attachment":[{"href":"http:\/\/wordpress.gurbuz.net\/index.php?rest_route=%2Fwp%2Fv2%2Fmedia&parent=6747"}],"wp:term":[{"taxonomy":"category","embeddable":true,"href":"http:\/\/wordpress.gurbuz.net\/index.php?rest_route=%2Fwp%2Fv2%2Fcategories&post=6747"},{"taxonomy":"post_tag","embeddable":true,"href":"http:\/\/wordpress.gurbuz.net\/index.php?rest_route=%2Fwp%2Fv2%2Ftags&post=6747"}],"curies":[{"name":"wp","href":"https:\/\/api.w.org\/{rel}","templated":true}]}}