{"id":65085,"date":"2021-02-28T14:57:39","date_gmt":"2021-02-28T14:57:39","guid":{"rendered":"http:\/\/wordpress.gurbuz.net\/?p=65085"},"modified":"2021-02-28T19:02:33","modified_gmt":"2021-02-28T19:02:33","slug":"vallahi-azeri-kardesler-ne-desem-bilmem-ki-hak-nasil-ki-tuerkue-tuerkiyelisi-hak-ediyorsa-sizlerde-aynen-oeyle","status":"publish","type":"post","link":"http:\/\/wordpress.gurbuz.net\/?p=65085","title":{"rendered":">>> Vallahi Azeri karde\u015fler, ne desem bilmem ki? HAK, nas\u0131l ki T\u00fcrk\u2019\u00fc T\u00fcrkiyelisi HAK ediyorsa sizlerde AYNEN \u00d6YLE <<<"},"content":{"rendered":"<p><img src=\"http:\/\/www.gurbuz.net\/Yeni\/280221.JPG\" alt=\"\" \/><br \/>\n<img src=\"http:\/\/www.gurbuz.net\/Yeni\/280221-1.JPG\" alt=\"\" \/><\/p>\n<p>*<\/p>\n<p>Rus olsa\u2026<br \/>\nDiyece\u011fim Trump yanl\u0131s\u0131, menfaat\u2026<br \/>\nMenfaat\u2026<br \/>\nAma Rus haberi de\u011fil ki!<\/p>\n<p>Dolar Demokrasisi karde\u015fim\u2026<br \/>\nDOLAR\u2026<br \/>\nO\u2026<br \/>\nBilmem ne \u00e7ocu\u011funu ne kadar demokratsa\u2026<br \/>\nBunlarda benzeri\u2026<br \/>\nBir KUSMAM laz\u0131m Almanca\u2026<br \/>\nAma offffffffff\u2026<br \/>\nAl ba\u015f\u0131na bela. YEMINLE\u2026<br \/>\nNe biri ne \u00f6teki\u2026<br \/>\nBiri do\u011fdu\u011fum di\u011feri doydu\u011fum yer\u2026<br \/>\nKIMSE\u2026<br \/>\nKimseye gebe kalmamal\u0131\u2026<br \/>\nSen devletten de\u011fil, devleti y\u00f6netenler halktan \u00e7ekinmeli.<\/p>\n<p><img src=\"http:\/\/www.gurbuz.net\/Yeni\/280221-2.JPG\" alt=\"\" \/><\/p>\n<p>*<\/p>\n<p><a href=\"https:\/\/www.youtube.com\/results?search_query=ganzer+film+deutsch\" rel=\"noopener noreferrer\" target=\"_blank\">Almanca<\/a>&nbsp;<\/p>\n<p><a href=\"https:\/\/www.youtube.com\/results?search_query=full+movie\" rel=\"noopener noreferrer\" target=\"_blank\">Ingilizce<\/a><\/p>\n<p><a href=\"https:\/\/www.youtube.com\/results?search_query=tek+parca+%2Bfull\" rel=\"noopener noreferrer\" target=\"_blank\">T\u00fcrkce<\/a><\/p>\n<p>*<\/p>\n<p>&#8222;Corona-Mutanten sorgen f\u00fcr dritte Welle: Tschechien \u2013 das Land mit der h\u00f6chsten Inzidenz weltweit<br \/>\n Christopher Stolz vor 26 Min.<\/p>\n<p>Zuletzt meldete das Land eine Sieben-Tage-Inzidenz von 765. Das Gesundheitssystem ist stark \u00fcberlastet. Die Gr\u00fcnde daf\u00fcr reichen bis zum Sommer zur\u00fcck.<br \/>\nVor einem halben Jahr, Ende August, r\u00fchmte der tschechische Ministerpr\u00e4sident Andrej Babis sein Land als eines \u201eder besten im Umgang mit Covid\u201c. Die Regierung hatte die Grenzen in der Corona-Pandemie schnell geschlossen, einen nationalen Lockdown verh\u00e4ngt und sogar eine Maskenpflicht in der \u00d6ffentlichkeit beschlossen.<\/p>\n<p>Die Zahlen gaben Babis recht: Tschechien verzeichnete lediglich rund 20 neue F\u00e4lle pro 100.000 Einwohner in sieben Tagen. Bereits Ende Juni hatten Tausende Menschen daher das Ende von Corona bei einer Stra\u00dfenparty gefeiert \u2013 mit wenig Abstand und ohne Maske. Die Menschen nahmen die Pandemie nicht mehr ernst und fanden zum Alltag zur\u00fcck. Was folgte, war ein Anstieg der Infektionszahlen bis auf 848 F\u00e4lle pro 100.000 Einwohner.&#8220;<\/p>\n<p>https:\/\/www.msn.com\/de-de\/nachrichten\/politik\/corona-mutanten-sorgen-f%C3%BCr-dritte-welle-tschechien-das-land-mit-der-h%C3%B6chsten-inzidenz-weltweit\/ar-BB1e5R7m?ocid=msedgntp<\/p>\n","protected":false},"excerpt":{"rendered":"<p>* Rus olsa\u2026 Diyece\u011fim Trump yanl\u0131s\u0131, menfaat\u2026 Menfaat\u2026 Ama Rus haberi de\u011fil ki! Dolar Demokrasisi karde\u015fim\u2026 DOLAR\u2026 O\u2026 Bilmem ne \u00e7ocu\u011funu ne kadar demokratsa\u2026 Bunlarda benzeri\u2026 Bir KUSMAM laz\u0131m Almanca\u2026 Ama offffffffff\u2026 Al ba\u015f\u0131na bela. YEMINLE\u2026 Ne biri ne \u00f6teki\u2026 Biri do\u011fdu\u011fum di\u011feri doydu\u011fum yer\u2026 KIMSE\u2026 Kimseye gebe kalmamal\u0131\u2026 Sen devletten de\u011fil, devleti y\u00f6netenler halktan &hellip; <\/p>\n<p class=\"link-more\"><a href=\"http:\/\/wordpress.gurbuz.net\/?p=65085\" class=\"more-link\"><span class=\"screen-reader-text\">\u201e>>> Vallahi Azeri karde\u015fler, ne desem bilmem ki? HAK, nas\u0131l ki T\u00fcrk\u2019\u00fc T\u00fcrkiyelisi HAK ediyorsa sizlerde AYNEN \u00d6YLE <<<\u201c<\/span> weiterlesen<\/a><\/p>\n","protected":false},"author":1,"featured_media":0,"comment_status":"open","ping_status":"open","sticky":false,"template":"","format":"standard","meta":[],"categories":[1],"tags":[],"_links":{"self":[{"href":"http:\/\/wordpress.gurbuz.net\/index.php?rest_route=\/wp\/v2\/posts\/65085"}],"collection":[{"href":"http:\/\/wordpress.gurbuz.net\/index.php?rest_route=\/wp\/v2\/posts"}],"about":[{"href":"http:\/\/wordpress.gurbuz.net\/index.php?rest_route=\/wp\/v2\/types\/post"}],"author":[{"embeddable":true,"href":"http:\/\/wordpress.gurbuz.net\/index.php?rest_route=\/wp\/v2\/users\/1"}],"replies":[{"embeddable":true,"href":"http:\/\/wordpress.gurbuz.net\/index.php?rest_route=%2Fwp%2Fv2%2Fcomments&post=65085"}],"version-history":[{"count":8,"href":"http:\/\/wordpress.gurbuz.net\/index.php?rest_route=\/wp\/v2\/posts\/65085\/revisions"}],"predecessor-version":[{"id":65093,"href":"http:\/\/wordpress.gurbuz.net\/index.php?rest_route=\/wp\/v2\/posts\/65085\/revisions\/65093"}],"wp:attachment":[{"href":"http:\/\/wordpress.gurbuz.net\/index.php?rest_route=%2Fwp%2Fv2%2Fmedia&parent=65085"}],"wp:term":[{"taxonomy":"category","embeddable":true,"href":"http:\/\/wordpress.gurbuz.net\/index.php?rest_route=%2Fwp%2Fv2%2Fcategories&post=65085"},{"taxonomy":"post_tag","embeddable":true,"href":"http:\/\/wordpress.gurbuz.net\/index.php?rest_route=%2Fwp%2Fv2%2Ftags&post=65085"}],"curies":[{"name":"wp","href":"https:\/\/api.w.org\/{rel}","templated":true}]}}