{"id":64676,"date":"2021-02-23T07:07:32","date_gmt":"2021-02-23T07:07:32","guid":{"rendered":"http:\/\/wordpress.gurbuz.net\/?p=64676"},"modified":"2021-02-23T07:54:46","modified_gmt":"2021-02-23T07:54:46","slug":"o-orospu-cocugu-bop-es-baskani-ve-mueslueman-kallesler-soytarisi-daha-cok-is-acacak-basiniza-ama-haberiniz-yok-bundan","status":"publish","type":"post","link":"http:\/\/wordpress.gurbuz.net\/?p=64676","title":{"rendered":"O\u2026 Orospu \u00e7ocu\u011fu, BOP e\u015f ba\u015fkan\u0131 ve M\u00fcsl\u00fcman Kalle\u015fler soytar\u0131s\u0131 daha \u00e7ok i\u015f a\u00e7acak ba\u015f\u0131n\u0131za AMA haberiniz yok bundan"},"content":{"rendered":"<p>A\u00e7t\u0131racaklar sonunda bana ar\u015fivleri\u2026<br \/>\nArt\u0131k\u2026<br \/>\n\u201c\u0130yi olmaktan\u201d panik \u015feklinde korkar oldum\u2026<br \/>\nErtesi\u2026<br \/>\nMislin, misli!<\/p>\n<p>*<\/p>\n<p><a href=\"https:\/\/publichealthscotland.scot\/news\/2021\/february\/vaccine-linked-to-reduction-in-risk-of-covid-19-admissions-to-hospitals\/\" target=\"_blank\" rel=\"noopener noreferrer\">PARA, PARA&#8230; Rus benzeri, MUTLAKA<\/a><\/p>\n<p>*<\/p>\n<p>ISRAIL&#8230;<br \/>\nYazamam AMA (&#8230;)<\/p>\n<p>&#8222;AstraZeneca doch wirksamer als Pfizer und BioNTech? \u2013 Neue Studie zu Klinikeinweisungen<br \/>\n23 Feb. 2021 06:25 Uhr<\/p>\n<p>In Schottland wurde bereits jeder f\u00fcnfte Bewohner mit einer ersten Dose gegen das Coronavirus geimpft. Wissenschaftler verglichen Klinikeinweisungen wegen COVID-19 zwischen ihnen und Nicht-Geimpften. Ergebnis: Vor allem der Impfstoff von AstraZeneca reduziert schwere Krankheitsverl\u00e4ufe.&#8220;<\/p>\n<p>O \u201cprofes\u00f6r\u201d<br \/>\nT\u00fcrkiyeli de\u011fil mi, \u015eark Kurnaz\u0131(!)<\/p>\n<p>Ey anam eyyy\u2026<br \/>\nAc\u0131yorum g\u00fcnahs\u0131za ama eliminden gelen ancak bu kadar.<\/p>\n<p>Yazm\u0131\u015f\u2026<br \/>\n\u0130ma etmi\u015ftim galiba\u2026<br \/>\n\u0130yi oluyor, ger\u00e7ekten iyi\u2026<br \/>\nHAK\u2026<br \/>\nD\u00fcnyadaki T\u00dcM s\u0131\u011f\u0131rlara, \u00f6k\u00fczlere\u2026<br \/>\n\u0130neklere\u2026<br \/>\nVE g\u0131daklara.<\/p>\n<p>&#8222;Nach Antrag auf Amtsenthebung Selenskijs: Ukraine friert Besitz oppositioneller Politiker ein<br \/>\n23 Feb. 2021 06:45 Uhr<\/p>\n<p>Nach dem Start einer Unterschriftenaktion f\u00fcr die Einleitung eines Amtsenthebungsverfahrens gegen den ukrainischen Pr\u00e4sidenten Wladimir Selenskij wurden gegen den Anf\u00fchrer einer Oppositionspartei Sanktionen verh\u00e4ngt und dessen gesamter Besitz ohne Gerichtsbeschluss eingefroren.&#8220;<\/p>\n<p>https:\/\/de.rt.com\/europa\/113523-nach-antrag-auf-amtsenthebung-selenskijs\/<\/p>\n<p>Azerbaycan\u2026<br \/>\nS\u0131radas\u0131n unutma!<\/p>\n<p><img src=\"http:\/\/www.gurbuz.net\/Yeni\/230221.JPG\" alt=\"\" \/><\/p>\n<p><a href=\"https:\/\/www.nytimes.com\/2020\/05\/25\/world\/middleeast\/libya-mercenaries-arms-embargo.html\" rel=\"noopener noreferrer\" target=\"_blank\">New York Times; ilgili makale<\/a><\/p>\n<p><strong>PEZEVENK diyor ki\u2026<br \/>\n\u201cAilemle, ailem \u00fcst\u00fcnden \u015fahs\u0131mla\u201d<br \/>\nUlan dua et \u00e7eyrek halime\u2026<br \/>\nYOKSA\u2026<br \/>\n&#x1f60a;<br \/>\nAn\u0131msa G\u00d6Z\u00dcN\u00dcN \u00d6N\u00dcNDE!<\/strong><\/p>\n<p><img src=\"https:\/\/www.cumhuriyet.com.tr\/Archive\/2020\/11\/8\/211923953-twieet.jpg\" alt=\"\" \/><\/p>\n<p>&#8222;Berat Albayrak&#8217;\u0131n istifay\u0131 yalanlad\u0131\u011f\u0131 iddia edilen Tweet&#8217;in s\u0131rr\u0131 \u00e7\u00f6z\u00fcld\u00fc<br \/>\nHazine ve Maliye Bakan\u0131 Berat Albayrak taraf\u0131ndan payla\u015f\u0131ld\u0131\u011f\u0131 iddia edilen &#8218;istifay\u0131 yalanlama&#8216; tweet&#8217;i kurgu \u00e7\u0131kt\u0131.<\/p>\n<p>Hazine ve Maliye Bakan\u0131 Berat Albayrak&#8217;\u0131n istifas\u0131n\u0131n ard\u0131ndan Twitter hesab\u0131 kapal\u0131 oldu\u011fu halde dola\u015f\u0131ma istifay\u0131 yalanlad\u0131\u011f\u0131 ve hacker sald\u0131r\u0131s\u0131na maruz kald\u0131\u011f\u0131na y\u00f6nelik bir payla\u015f\u0131m yap\u0131lm\u0131\u015ft\u0131. Twitter&#8217;da dola\u015f\u0131ma sokulan yalanlama, bir Twitter payla\u015f\u0131m\u0131 g\u00f6rselinden ibaretti ancak hacker sald\u0131r\u0131s\u0131n\u0131 g\u00fcndeme getirmeyi ba\u015fard\u0131. <\/p>\n<p>Do\u011frulama platformu Teyit.org s\u00f6z konusu Tweet&#8217;i inceledi ve kurgu oldu\u011funu ortaya \u00e7\u0131kard\u0131. <\/p>\n<p>Teyit.org&#8217;un resmi Twitter hesab\u0131ndan yap\u0131lan a\u00e7\u0131klama \u015fu \u015fekilde: <\/p>\n<p>&#8222;Albayrak\u2019\u0131n hesab\u0131 Google Cache \u00fczerinden incelendi\u011finde de hacklendi\u011fini g\u00f6steren bir payla\u015f\u0131m olmad\u0131\u011f\u0131 g\u00f6r\u00fcl\u00fcyor. Tweet Albayrak&#8217;a ait de\u011fil.&#8220;&#8220;<\/p>\n<p>https:\/\/www.cumhuriyet.com.tr\/haber\/berat-albayrakin-istifayi-yalanladigi-iddia-edilen-tweetin-sirri-cozuldu-1789531<\/p>\n<p>&#8222;Zweikampf im Pr\u00e4sidialamt: Was hinter dem R\u00fccktritt des t\u00fcrkischen Finanzministers steckt<br \/>\nDer Erdogan-Schwiegersohn Berat Albayrak will zur\u00fccktreten. Ausl\u00f6ser ist offenbar ein handfester Streit mit dem k\u00fcnftigen Notenbankchef, berichten Insider.<\/p>\n<p>09.11.2020 Update: 09.11.2020 &#8211; 21:30 Uhr&#8220;<\/p>\n<p>https:\/\/www.handelsblatt.com\/politik\/international\/tuerkei-zweikampf-im-praesidialamt-was-hinter-dem-ruecktritt-des-tuerkischen-finanzministers-steckt\/26604196.html?ticket=ST-3931073-MYOzOcsHsZpoQbkjVE1n-ap6<\/p>\n<p>*<\/p>\n<p>################################################<\/p>\n<p>&#8222;<ins datetime=\"2021-02-23T07:35:49+00:00\"><strong>Turkey\u2019s President Erdo\u011fan has huge, custom-built vaults in his villa for stashing his secret wealth<br \/>\nby Abdullah Bozkurt January 9, 2021<\/strong><\/ins>&#8220;<\/p>\n<p><a href=\"https:\/\/nordicmonitor.com\/2020\/12\/turkeys-president-erdogan-has-huge-custom-built-vaults-to-stash-his-secret-cash-in-the-basement-of-his-villa\/\" rel=\"noopener noreferrer\" target=\"_blank\">Mutlaka, MUTLAKA OKU<\/a><\/p>\n<p>################################################<\/p>\n<p>&#8222;Germany accuses Turkish think tank of pushing government propaganda in Europe<\/p>\n<p>Tuesday .  February 23, 2021&#8220;<\/p>\n<p><a href=\"https:\/\/www.arabnews.com\/node\/1790376\/middle-east\" rel=\"noopener noreferrer\" target=\"_blank\">ulan G\u00d6T VEREN, sen \u00d6nderi K nokta K nokta mi sandin???<\/a><\/p>\n<p>Arap bile&#8230;<br \/>\nARAP!<\/p>\n<p>&#8222;Reuters haberi<\/p>\n<p>BUSINESS NEWS<br \/>\nNOVEMBER 8, 20209:43 PMUPDATED 3 MONTHS AGO<\/p>\n<p>Turkish finance minister resigns in second surprise departure after lira slide<\/p>\n<p>By Nevzat Devranoglu, Orhan Coskun&#8220;<\/p>\n<p>https:\/\/www.reuters.com\/article\/turkey-economy-minister\/turkish-finance-minister-resigns-in-second-surprise-departure-after-lira-slide-idINKBN27O0U8<\/p>\n<blockquote class=\"wp-embedded-content\" data-secret=\"EvxOOJBFpc\"><p><a href=\"http:\/\/wordpress.gurbuz.net\/?p=34052\">Bir T\u00fcrk \u00f6zdeyi\u015fidir K\u00f6pr\u00fcy\u00fc ge\u00e7ene kadar ay\u0131ya day\u0131 denir!<\/a><\/p><\/blockquote>\n<p><iframe class=\"wp-embedded-content\" sandbox=\"allow-scripts\" security=\"restricted\" style=\"position: absolute; clip: rect(1px, 1px, 1px, 1px);\" src=\"http:\/\/wordpress.gurbuz.net\/?p=34052&#038;embed=true#?secret=EvxOOJBFpc\" data-secret=\"EvxOOJBFpc\" width=\"525\" height=\"296\" title=\"&#8222;Bir T\u00fcrk \u00f6zdeyi\u015fidir K\u00f6pr\u00fcy\u00fc ge\u00e7ene kadar ay\u0131ya day\u0131 denir!&#8220; &#8212; \u00d6nder G\u00fcrb\u00fcz\" frameborder=\"0\" marginwidth=\"0\" marginheight=\"0\" scrolling=\"no\"><\/iframe><\/p>\n<p>Akdeniz\u2019de NATO tatbikat\u0131\u2026<br \/>\n&#x1f609;<br \/>\nYedirmezler o\u011flum, yedirmezler demedim mi???<\/p>\n<p>Orospu\u2026<br \/>\nLibya\u2019ym\u0131\u015f, gazm\u0131\u015f\u2026<br \/>\n<strong>ULAN\u2026<br \/>\nM\u0131s\u0131rdan ka\u00e7an ben miydim?<\/strong><\/p>\n<p>Al O IHA\u2026<br \/>\nSIHALARI, g\u00f6stermelikleri\u2026<br \/>\nEmine\u2019nin\u2026<br \/>\nK\u0131zlar\u0131n\u0131n m\u00fcnasip bir yerine sok&#8230;<br \/>\nT\u00dcRBANLI \u015f\u0131rf\u0131nt\u0131lar\u0131n!!! <\/p>\n","protected":false},"excerpt":{"rendered":"<p>A\u00e7t\u0131racaklar sonunda bana ar\u015fivleri\u2026 Art\u0131k\u2026 \u201c\u0130yi olmaktan\u201d panik \u015feklinde korkar oldum\u2026 Ertesi\u2026 Mislin, misli! * PARA, PARA&#8230; Rus benzeri, MUTLAKA * ISRAIL&#8230; Yazamam AMA (&#8230;) &#8222;AstraZeneca doch wirksamer als Pfizer und BioNTech? \u2013 Neue Studie zu Klinikeinweisungen 23 Feb. 2021 06:25 Uhr In Schottland wurde bereits jeder f\u00fcnfte Bewohner mit einer ersten Dose gegen das &hellip; <\/p>\n<p class=\"link-more\"><a href=\"http:\/\/wordpress.gurbuz.net\/?p=64676\" class=\"more-link\"><span class=\"screen-reader-text\">\u201eO\u2026 Orospu \u00e7ocu\u011fu, BOP e\u015f ba\u015fkan\u0131 ve M\u00fcsl\u00fcman Kalle\u015fler soytar\u0131s\u0131 daha \u00e7ok i\u015f a\u00e7acak ba\u015f\u0131n\u0131za AMA haberiniz yok bundan\u201c<\/span> weiterlesen<\/a><\/p>\n","protected":false},"author":1,"featured_media":0,"comment_status":"open","ping_status":"open","sticky":false,"template":"","format":"standard","meta":[],"categories":[1],"tags":[],"_links":{"self":[{"href":"http:\/\/wordpress.gurbuz.net\/index.php?rest_route=\/wp\/v2\/posts\/64676"}],"collection":[{"href":"http:\/\/wordpress.gurbuz.net\/index.php?rest_route=\/wp\/v2\/posts"}],"about":[{"href":"http:\/\/wordpress.gurbuz.net\/index.php?rest_route=\/wp\/v2\/types\/post"}],"author":[{"embeddable":true,"href":"http:\/\/wordpress.gurbuz.net\/index.php?rest_route=\/wp\/v2\/users\/1"}],"replies":[{"embeddable":true,"href":"http:\/\/wordpress.gurbuz.net\/index.php?rest_route=%2Fwp%2Fv2%2Fcomments&post=64676"}],"version-history":[{"count":16,"href":"http:\/\/wordpress.gurbuz.net\/index.php?rest_route=\/wp\/v2\/posts\/64676\/revisions"}],"predecessor-version":[{"id":64692,"href":"http:\/\/wordpress.gurbuz.net\/index.php?rest_route=\/wp\/v2\/posts\/64676\/revisions\/64692"}],"wp:attachment":[{"href":"http:\/\/wordpress.gurbuz.net\/index.php?rest_route=%2Fwp%2Fv2%2Fmedia&parent=64676"}],"wp:term":[{"taxonomy":"category","embeddable":true,"href":"http:\/\/wordpress.gurbuz.net\/index.php?rest_route=%2Fwp%2Fv2%2Fcategories&post=64676"},{"taxonomy":"post_tag","embeddable":true,"href":"http:\/\/wordpress.gurbuz.net\/index.php?rest_route=%2Fwp%2Fv2%2Ftags&post=64676"}],"curies":[{"name":"wp","href":"https:\/\/api.w.org\/{rel}","templated":true}]}}