{"id":6159,"date":"2018-02-02T14:09:00","date_gmt":"2018-02-02T14:09:00","guid":{"rendered":"http:\/\/wordpress.gurbuz.net\/?p=6159"},"modified":"2018-02-02T14:09:00","modified_gmt":"2018-02-02T14:09:00","slug":"benim-bildigim-ilk-ingilizdi-ama","status":"publish","type":"post","link":"http:\/\/wordpress.gurbuz.net\/?p=6159","title":{"rendered":"Benim bildi\u011fim ilk \u0130ngiliz\u2019di AMA"},"content":{"rendered":"<p>Kendisine bir kez \u00fcstad\u0131m dedim\u2026<br \/>\nVe ben sarf etti\u011fim her kelimenin ard\u0131nda dururum\u2026<br \/>\n\u00d6nemlide de\u011fil zaten, ha Frans\u0131z s\u00f6ylemi\u015f olsun ha \u0130ngiliz\u2026<br \/>\nKendisine olan sayg\u0131m ve sevgim baki.<\/p>\n<p>\u00d6nemli olan kimin ne s\u00f6yledi\u011fi de\u011fil, s\u00f6ylenenin i\u00e7eri\u011fidir\u2026<br \/>\nBana g\u00f6re Kemalizm\u2026<br \/>\nM\u00fccadeledir, pes etmeyen, teslim olmak nedir bilmeyen bir ruh, bir anlay\u0131\u015ft\u0131r Kemalizm benim i\u00e7in\u2026<br \/>\nMilliyet\u00e7iliktir\u2026<br \/>\nKuvay\u0131 Milliye, nas\u0131l ki Atat\u00fcrk\u00e7\u00fcl\u00fck dendi\u011finde ilk akl\u0131ma gelen \u00e7a\u011fda\u015fl\u0131ksa, mant\u0131ksa\u2026<br \/>\nG\u00f6z hizas\u0131ysa, bireysellikse, dini duygular\u0131n vicdan ve c\u00fczdan aras\u0131na s\u0131k\u0131\u015fmamas\u0131 ise\u2026<br \/>\nLaiklikse\u2026<br \/>\n\u0130ster Kemalizm de ister Atat\u00fcrk\u00e7\u00fcl\u00fck\u2026<br \/>\nGazi Mustafa Kemal Pa\u015fa, \u015fehitler gelir, imk\u00e2ns\u0131zl\u0131klar gelir, vatan gelir, millet gelir\u2026<br \/>\nK\u00fcllerinden do\u011fan Anka ku\u015fu misali T\u00dcRK ULUSU gelir\u2026<br \/>\nT\u00fcrkiye Cumhuriyeti gelir benim akla!      <\/p>\n<p>OKUYUN L\u00dcTFEN\u2026<br \/>\n\u00d6NCE Soner, ard\u0131ndan U\u011fur Beyi\u2026<br \/>\nVe d\u00fc\u015f\u00fcn\u00fcn arkada\u015flar, d\u00fc\u015f\u00fcn\u00fcn karde\u015fler, d\u00fc\u015f\u00fcn\u00fcn\u2026<br \/>\nNerelerden nerelere geldik\u2026<br \/>\nBu nas\u0131l bir d\u00fc\u015f\u00fc\u015ft\u00fcr, bu nas\u0131l bir faciad\u0131r geldi ba\u015fa\u2026<br \/>\nAta\u2026<br \/>\nBizi uyarmam\u0131\u015f olsa, ah ATAM ah\u2026<br \/>\nNe ettik, nas\u0131l ettik, nas\u0131l geldik bu g\u00fcnlere?<br \/>\nAyaklar ba\u015f, g.t k\u0131llar\u0131 ba\u015f tac\u0131 olunca ne vatan kald\u0131 ne millet(!)<\/p>\n<p>&#8212;<br \/>\n<strong>CHP kongresi<\/strong><br \/>\n2 \u015eubat 2018 <\/p>\n<p>\u0130\u015fgal g\u00fcnleri\u2026<br \/>\n\u0130stanbul H\u00fck\u00fcmeti, Musta\u00acfa Kemal etraf\u0131nda Ankara&#8217;da toplananlar\u0131 -Osmanl\u0131&#8217;ya isyan eden- Celalilere benzeterek \u201cKemali\u201d diye isimlendirdi.<br \/>\n\u0130ngiliz istihbarat raporlar\u0131na g\u00f6re Vahdettin, ulusal direni\u015f\u00ac\u00e7ilere \u201cKemalist\u201d diyordu.<br \/>\nD\u00f6nemin Alemdar-Yeni Sabah gibi saray yanda\u015f\u0131 ga\u00aczeteler de \u201cKemali \u00c7eteler\u201d diye yaz\u0131yordu.<br \/>\nFakat\u2026<br \/>\n\u201cKemalist\u201d isimlendirme\u00acyi ilk yapan i\u015fgal d\u00f6neminde -Yunan paras\u0131yla yay\u0131n yapan- Frans\u0131z gazetesi \u201cLe Bospko\u00acre\u201d sahibi ve yazar\u0131 Michel Paillares oldu. Hatta -san\u0131r\u0131m T\u00fcrk\u00e7e&#8217;ye \u00e7evrilmeyen- \u201cLe Kemalizme Devan Les Allies\u201d (M\u00fcttefikler Kar\u015f\u0131s\u0131nda Kema\u00aclizm) adl\u0131 kitap yazd\u0131.<br \/>\nAvrupal\u0131lar, 1919 y\u0131l\u0131ndan itibaren ba\u011f\u0131ms\u0131zl\u0131k\u00e7\u0131 Kuvay-\u0131 Milliye&#8217;ye \u201cKemalist hare\u00acket\u201d ve daha sonra meydana getirilen ulusal orduya \u201cKema\u00aclist ordu\u201d ad\u0131n\u0131 verdi. TBMM H\u00fck\u00fcmeti&#8217;ne ise \u201cKemalist h\u00fck\u00fcmet\u201d dediler.<br \/>\nABD farkl\u0131 de\u011fildi. Anado\u00aclu m\u00fccadelesini New York Times gibi gazeteler \u201cKemalist hareket\u201d diye yazd\u0131 hep.<br \/>\nCumhuriyet sonras\u0131 \u201cKe\u00acmalist\u201d nitelemesini T\u00fcrk bas\u0131n\u0131nda ilk kullanan 1927 y\u0131l\u0131nda Yakup Kadri oldu. Hakimiyeti Milliye gazete-sindeki makalesinde \u201cKemaliz\u00acm\u201din bir \u015fahsa, bir hizbe ait olmad\u0131\u011f\u0131n\u0131 daha geni\u015f anlam\u0131 oldu\u011funu yazd\u0131.<br \/>\n\u201cKemalizm\u201d, vatanseverli\u011fin, ba\u011f\u0131ms\u0131zl\u0131\u011f\u0131n, halk\u00e7\u0131l\u0131\u011f\u0131n ve devrimcili\u011fin ad\u0131yd\u0131. Keza\u2026<br \/>\n\u201cKemalizm\u201d ulusal ege\u00acmenlikti. Demokrasinin mektebiydi.<br \/>\n\u201cKemalizm\u201d, T\u00fcrkiye Cum\u00achuriyeti&#8217;nin parolas\u0131yd\u0131.<br \/>\nGer\u00e7ek\u00e7i ve dinamik olu\u00ac\u015fuyla ulusun yolunu \u00e7izen \u201cKemalizm\u201d tarihin seyrinden s\u00fcz\u00fcl\u00fcp bug\u00fcnlere geldi.<br \/>\nHi\u00e7 de kolay olmad\u0131\u2026<br \/>\nO YILLAR<br \/>\n\u00dcstad\u0131m\u0131z Oktay Ek\u015fi ga\u00aczetecili\u011fe Ankara&#8217;da 1952 y\u0131l\u0131nda ba\u015flad\u0131.<br \/>\nYeni yazd\u0131\u011f\u0131 \u201cGazetecilikte Ge\u00e7en O Y\u0131llar\u201d adl\u0131 kitab\u0131n\u0131 okudum. Yak\u0131n tarihe ili\u015fkin \u00e7ok bilgi edindim\u2026<br \/>\nCHP&#8217;nin, iktidar\u0131 1950&#8217;de kavgas\u0131z-g\u00fcr\u00fclt\u00fcs\u00fcz terk etme\u00acsiyle, DP milletvekilleri \u0130smet \u0130n\u00f6n\u00fc&#8217;ye sald\u0131rmaya ba\u015flad\u0131. Ama\u00e7, CHP liderinin itibar\u0131n\u0131 zedelemekti\u2026<br \/>\nNeler yapmad\u0131lar:<br \/>\n-(\u0130\u00e7y\u00fcz\u00fcn\u00fc \u201cSakl\u0131 Se\u00e7il\u00acmi\u015fler\u201d kitab\u0131mda yazd\u0131\u011f\u0131m) ABD&#8217;nin tar\u0131msal Marshall Yard\u0131m\u0131&#8217;n\u0131 koordine eden DP kurucusu Fevzi L\u00fctfi Kara-osmano\u011flu, \u201c\u0130smet Pa\u015fa II. D\u00fcnya Sava\u015f\u0131&#8217;na girmemizi \u00f6nleyerek, milletin erkekli\u011fini \u00f6ld\u00fcrd\u00fc\u201d dedi.<br \/>\n-DP Bolu Milletvekili Zuhuri Dan\u0131\u015fman, \u201ctarihte \u0130n\u00f6n\u00fc Zaferi diye bir \u015fey yoktur. Olan k\u00fc\u00e7\u00fck bir \u00e7at\u0131\u015fmad\u0131r onda da kuvvetlerimiz yenilmi\u015ftir\u201d dedi.<br \/>\n-DP Tokat Milletvekili Ah\u00acmet G\u00fcrkan, \u201c\u00d6mer \u0130n\u00f6n\u00fc arabas\u0131yla bir genci \u00f6ld\u00fcrd\u00fc, hakk\u0131nda adli i\u015flem yap\u0131lmad\u0131\u201d dedi.<br \/>\nTBMM d\u0131\u015f\u0131 da hareket\u00acliydi:<br \/>\n-DP \u0130zmir Belediye Ba\u015fka\u00acn\u0131 Rauf Onursal, \u201c\u0130smet Pa\u00ac\u015fa&#8217;y\u0131 s\u0131n\u0131r d\u0131\u015f\u0131na s\u00fcrmek gerek\u201d dedi. (CHP&#8217;li Belediye Ba\u015fkan\u0131 Muzaffer Akal\u0131n&#8217;\u0131n makam odas\u0131n\u0131 Jandarmalar bas\u0131p duvarda as\u0131l\u0131 \u0130smet \u0130n\u00f6n\u00fc resmini indirip el koydu. Emir \u201cyukar\u0131dan\u201d idi; ve el konulan resim ba\u015f a\u015fa\u011f\u0131 ta\u015f\u0131nacakt\u0131!)<br \/>\n\u0130n\u00f6n\u00fc&#8217;n\u00fcn halkla bulu\u015fmas\u0131 engellendi; ta\u015f atarak aln\u0131ndan yaralad\u0131lar.<br \/>\nYanda\u015f bas\u0131n durur mu:<br \/>\nCumhurba\u015fkan\u0131 \u0130n\u00f6n\u00fc&#8217;n\u00fcn ziyaret etti\u011fi fabrikadan hediye edilen elbiselik kuma\u015f\u0131n para\u00acs\u0131n\u0131 \u00f6demedi\u011fini yazd\u0131! (He\u00acn\u00fcz \u0130n\u00f6n\u00fc&#8217;n\u00fcn her ald\u0131\u011f\u0131n\u0131n kayd\u0131n\u0131 tuttu\u011funu, faturalar\u0131 saklad\u0131\u011f\u0131n\u0131 bilmiyorlard\u0131!)<br \/>\nBu arada i\u015fsiz kalan CHP&#8217;li bakanlar i\u015f ar\u0131yordu. \u00d6r\u00acne\u011fin\u2026 Maliye Bakanl\u0131\u011f\u0131 yapm\u0131\u015f M\u00fclkiye mezunu \u0130s\u00acmail R\u00fc\u015ft\u00fc Aksal, Hukuk Fak\u00fcltesi&#8217;nde ara dersleri verip duru\u015fmalarda stajyerler i\u00e7in ayr\u0131lm\u0131\u015f taburede oturup dava takip ediyordu!<br \/>\n\u201cGardrop\u00e7uluk\u201d DP d\u00f6\u00acneminde ba\u015flad\u0131; \u201cAtat\u00fcrk, Atat\u00fcrk\u201d diyerek ayd\u0131nlanma faaliyetlerini yok ettiler:<br \/>\n-K\u00f6y Enstit\u00fclerini kapatt\u0131lar.<br \/>\n-Halkevleri&#8217;ni kapatt\u0131lar.<br \/>\n-Ulus gazetesini kapatt\u0131lar.<br \/>\n-CHP&#8217;yi kapatmak i\u00e7in DP milletvekillerinden Tahkikat Komisyonu kurdular. Sadece Atat\u00fcrk&#8217;\u00fcn miras\u0131 olan CHP&#8217;nin \u0130\u015f Bankas\u0131 hisseleri de\u011fil; CHP&#8217;nin 274 ta\u015f\u0131nmaz\u0131na da el koy\u00acdular. CHP genel merkez binas\u0131z b\u0131rak\u0131ld\u0131. T\u00fcm bask\u0131lara ra\u011fmen yurdun d\u00f6rt yan\u0131nda partililer kiralar\u0131n\u0131 \u00f6deyerek CHP levhas\u0131n\u0131 ast\u0131.<br \/>\nCHP direndi.<br \/>\nEY CHP&#8217;L\u0130<br \/>\nCHP hep direndi\u2026<br \/>\n\u0130l ba\u015fkanlar\u0131 katledildi, direndi.<br \/>\nPartililer i\u015fkencelerden ge\u00e7irildi, direndi.<br \/>\nAskeri darbeyle partisi kapand\u0131, direndi.<br \/>\nGenel ba\u015fkan\u0131, milletvekil\u00acleri hapsedildi, direndi.<br \/>\nPeki\u2026 Bir\u00e7ok parti kuru\u00aclup, iktidar olup, yok olur\u00acken\u2026<br \/>\nCHP her zorlu d\u00f6nemden nas\u0131l ba\u015far\u0131yla \u00e7\u0131kt\u0131?<br \/>\n\u00c7\u00fcnk\u00fc CHP\u2026<br \/>\nCephede sava\u015fm\u0131\u015f parti.<br \/>\nKurtulu\u015fu ger\u00e7ekle\u015ftirmi\u015f kurucu parti.<br \/>\nB\u00fcy\u00fck d\u00f6n\u00fc\u015f\u00fcm\u00fc sa\u011flam\u0131\u015f parti.<br \/>\nVe m\u00fccadeleci parti\u2026<br \/>\nCHP&#8217;nin \u201cKemalizm\u201d gibi b\u00fcy\u00fck tarihsel teme\u00acli var.<br \/>\nBu nedenle diyorum ki:<br \/>\nCHP&#8217;liler!<br \/>\nMakam\u0131n-koltu\u011fun-paran\u0131n ve siyasi ihtiras\u0131n k\u00f6le\u00acsi \u201cprofesyonel politikac\u0131la\u00acra\u201d gerekli dersi verin.<br \/>\n\u015eeytani hilekarl\u0131kla partiye s\u0131zanlara gerekli dersi verin.<br \/>\n\u201cKemalizmi\u201d, pragmatist demogojiye kurban edenlere gerekli dersi verin.<br \/>\nBiliniz ki, her yerde olan hi\u00e7bir yerde olamaz. K\u00f6k\u00fc\u00acn\u00fcz\u00fc unutmay\u0131n\u0131z.<br \/>\n\u201cKemalizme\u201d inan\u00e7s\u0131z\u00acl\u0131k y\u0131k\u0131m getirir.<br \/>\nCHP, kendi tarihinden, devriminden korkmamal\u0131d\u0131r, utanmamal\u0131d\u0131r.<br \/>\nBat\u0131&#8217;n\u0131n k\u00f6hnemi\u015f siya\u00acsi-ekonomik r\u00fczgarlar\u0131n\u00acda savrulmamal\u0131d\u0131r.<br \/>\nCHP&#8217;ye \u201cKemalist ruh\u201d yeter!<br \/>\nYar\u0131n\u0131 in\u015fa edecek olan \u00fclk\u00fc \u201cKemalizm\u201ddir.<br \/>\nKendinize g\u00fcveniniz. Yapa\u00acbilirsiniz.<br \/>\n\u0130\u015fte o zaman yine\u2026<br \/>\nBug\u00fcn\u00fcn yenilmi\u015fleri, yar\u0131\u00acn\u0131n yenenleri olacakt\u0131r.<br \/>\nT\u00fcrkiye kazanacakt\u0131r\u2026<\/p>\n<p>http:\/\/www.sozcu.com.tr\/2018\/yazarlar\/soner-yalcin\/chp-kongresi-2199487\/<\/p>\n<p>&#8212;<br \/>\n<strong>CHP genel ba\u015fkan adaylar\u0131na tarihi \u00e7a\u011fr\u0131!..<\/strong><br \/>\n2 \u015eubat 2018 <\/p>\n<p>Son 15 y\u0131lda seyredenlerin hi\u00e7 unutamayacaklar\u0131 \u00fc\u00e7 b\u00fcy\u00fck ekran tart\u0131\u015fmas\u0131 ya\u015fand\u0131.<br \/>\nBirincisi 2002 Genel Se\u00e7imleri \u00f6ncesinde \u201cB\u00fcy\u00fck Bulu\u015fma\u201d ad\u0131 alt\u0131nda ve AKP lideri Tayyip Erdo\u011fan ile CHP Genel Ba\u015fkan\u0131 Deniz Baykal aras\u0131nda ger\u00e7ekle\u015fti. AKP&#8217;nin tek ba\u015f\u0131na iktidar olmas\u0131yla sonu\u00e7lanan se\u00e7imlerin ard\u0131ndan Erdo\u011fan, bir daha hi\u00e7bir parti lideriyle televizyonda bir araya gelmedi!..<br \/>\n* * *<br \/>\n\u0130kinci ve b\u00fcy\u00fck ilgiyle seyredilen tart\u0131\u015fma program\u0131, T\u00fcrkiye B\u00fcy\u00fck Millet Meclisi \u00e7at\u0131s\u0131 alt\u0131nda oldu. D\u00f6nemin AKP y\u00f6neticilerinden Dengir Mir Mehmet F\u0131rat ve CHP Grup Ba\u015fkanvekili Kemal K\u0131l\u0131\u00e7daro\u011flu aras\u0131ndaki d\u00fcello, soluk solu\u011fa izlendi ve milli ma\u00e7 kadar reyting ald\u0131.<br \/>\n* * *<br \/>\n\u00dc\u00e7\u00fcnc\u00fc b\u00fcy\u00fck kap\u0131\u015fmada ise CHP Grup Ba\u015fkanvekili Kemal K\u0131l\u0131\u00e7daro\u011flu ile Ankara B\u00fcy\u00fck\u015fehir Belediye Ba\u015fkan\u0131 Melih G\u00f6k\u00e7ek kar\u015f\u0131 kar\u015f\u0131 kar\u015f\u0131ya geldiler. Nefeslerin tutuldu\u011fu bu programda da reyting rekorlar\u0131 k\u0131r\u0131ld\u0131. K\u0131l\u0131\u00e7daro\u011flu&#8217;nun y\u0131ld\u0131z\u0131 bu tart\u0131\u015fmalarda parlad\u0131.<br \/>\n* * *<br \/>\nOkudu\u011funuz sat\u0131rlar\u0131n yazar\u0131 taraf\u0131ndan y\u00f6netilen \u00fc\u00e7 a\u00e7\u0131k oturum, medyada \u00e7ok seslili\u011fin vazge\u00e7ilmezli\u011fini, parlamenter demokratik sistemlerde muhalefetin denetim g\u00f6revini yerine getirmesinin \u00f6nemini ve iktidar\u0131n \u015feffaf-hesap verebilir y\u00f6netim anlay\u0131\u015f\u0131na sahip olmas\u0131 gerekti\u011fini kan\u0131tlamalar\u0131 a\u00e7\u0131s\u0131ndan tarihi de\u011fer ta\u015f\u0131yordu.<br \/>\n* * *<br \/>\nAma ne yaz\u0131k ki, \u00e7a\u011fda\u015f demokrasilerin olmazsa olmaz\u0131 kabul edilen bu a\u00e7\u0131k oturumlar\u0131n arkas\u0131 gelmedi. \u0130ktidar kanad\u0131 medyay\u0131 s\u00fcratle tek sesli hale getirip bildi\u011fini okumay\u0131 tercih etti. B\u00f6ylece halk\u0131n \u201cKim do\u011fru s\u00f6yl\u00fcyor\u201d sorusuna cevap bulmas\u0131n\u0131 sa\u011flayan demokratik hakk\u0131 elinden al\u0131nm\u0131\u015f oldu. Oysa Cumhurba\u015fkan\u0131 ve AKP Genel Ba\u015fkan\u0131 Erdo\u011fan bu hakk\u0131 her f\u0131rsatta kullanarak y\u00fckselmi\u015f bir liderdi.<br \/>\n* * *<br \/>\n\u0130zmir&#8217;de Gazeteciler Cemiyeti&#8217;nin \u00f6nderli\u011finde bas\u0131n emek\u00e7isi meslekta\u015flar\u0131m\u0131z\u0131n yay\u0131mlad\u0131\u011f\u0131 sayg\u0131n bir gazete var. Ad\u0131; 9 EYL\u00dcL\u2026<br \/>\nGazetenin de\u011ferli k\u00f6\u015fe yazarlar\u0131ndan Prof. Dr. \u00dclgen Zeki Ok, ge\u00e7enlerde toplumun \u00e7ok seslili\u011fe ve demokratik tart\u0131\u015fma \u00f6rneklerine duydu\u011fu \u00f6zlemi dile getirdi\u011fi yaz\u0131s\u0131nda \u015fu \u00e7a\u011fr\u0131da bulundu:<br \/>\n\u201cHalk Partisi, \u2018halk&#8217;a g\u00fcvenmelidir.<br \/>\nYak\u0131nda CHP Genel Ba\u015fkanl\u0131\u011f\u0131 i\u00e7in se\u00e7im var. Elimizde de Halk TV ve herkesin g\u00fcvendi\u011fi U\u011fur D\u00fcndar gibi bir gazeteci. Adaylar Halk TV ekranlar\u0131nda U\u011fur D\u00fcndar&#8217;\u0131n moderat\u00f6rl\u00fc\u011f\u00fcnde bir araya gelip tart\u0131\u015fsalar; bizlerin ve bizleri temsil eden delegelerin, hangi aday\u0131n CHP ve T\u00fcrkiye i\u00e7in daha iyi oldu\u011funu anlama \u015fanslar\u0131 olsa, daha demokratik olmaz m\u0131?<br \/>\nK\u0131l\u0131\u00e7daro\u011flu her se\u00e7imde Erdo\u011fan&#8217;a \u2018Ge\u00e7 kar\u015f\u0131ma, tart\u0131\u015fal\u0131m&#8216; diye meydan okuyor. Kendisi g\u00f6n\u00fcll\u00fc olarak rakiplerinin kar\u015f\u0131s\u0131na \u00e7\u0131karsa, b\u00fcy\u00fck olas\u0131l\u0131kla kazanaca\u011f\u0131 bu yar\u0131\u015fta halk\u0131n deste\u011fini de arkas\u0131na al\u0131r.<br \/>\nBu gelenek geri kazan\u0131ld\u0131\u011f\u0131nda, ileride Erdo\u011fan da kendini tart\u0131\u015fmaya \u00e7\u0131kmak zorunda hisseder, \u00e7\u0131kmamas\u0131 durumunda puan kaybeder.<br \/>\n(\u2026) Program \u00f6ncesi halk\u0131n adaylara y\u00f6nelik sorular\u0131 SMS, Twitter ve e-posta ile toplan\u0131p, en \u00e7ok merak edilen hususlar adaylara y\u00f6neltilebilir. B\u00f6ylece adaylar\u0131 kar\u015f\u0131la\u015ft\u0131rma f\u0131rsat\u0131 bulan delegeler, \u00f6zg\u00fcr iradelerini kullanabilirler.<br \/>\nAKP ve Erdo\u011fan&#8217;\u0131 hakl\u0131 olarak demokrasiyi katletmekle su\u00e7layan CHP ve K\u0131l\u0131\u00e7daro\u011flu&#8217;nun b\u00f6yle bir programla demokrasinin anlam\u0131n\u0131 hat\u0131rlatmas\u0131n\u0131 umuyorum.<br \/>\nHangi aday\u0131, hatta hangi partiyi desteklerseniz destekleyin\u2026<br \/>\nDemokrasinin gere\u011finin bu oldu\u011funa inan\u0131yorsan\u0131z, l\u00fctfen bu yaz\u0131y\u0131 dostlar\u0131n\u0131zla ve sevdiklerinizle payla\u015f\u0131n ki amac\u0131na ula\u015fs\u0131n\u2026\u201d<br \/>\n* * *<br \/>\nGe\u00e7en hafta izinli oldu\u011fum i\u00e7in bu yaz\u0131y\u0131 okur okumaz Twitter&#8217;deki @ugurdundarsozcu hesab\u0131mdan payla\u015f\u0131mda bulundum ve \u00e7ok yerinde g\u00f6rd\u00fc\u011f\u00fcm \u00f6neriyi hayata ge\u00e7irebilmek i\u00e7in haz\u0131r oldu\u011fumu duyurdum.<br \/>\nAdaylardan \u0130stanbul Barosu&#8217;nun eski Ba\u015fkan\u0131 Prof. \u00dcmit Kocasakal ile YARSAV&#8217;\u0131n Kurucu Ba\u015fkan\u0131 \u00d6mer Faruk Emina\u011fao\u011flu \u00e7a\u011fr\u0131ma hemen olumlu cevap verdiler ve tart\u0131\u015fmak i\u00e7in haz\u0131r olduklar\u0131n\u0131 a\u00e7\u0131klad\u0131lar.<br \/>\nYalova Milletvekili Muharrem \u0130nce de Genel Ba\u015fkan K\u0131l\u0131\u00e7daro\u011flu&#8217;nun yer alaca\u011f\u0131 bir a\u00e7\u0131k oturuma memnuniyetle kat\u0131laca\u011f\u0131n\u0131 belirtti.<br \/>\nGenel Ba\u015fkan K\u0131l\u0131\u00e7daro\u011flu&#8217;ndan ise hen\u00fcz cevap gelmedi!..<br \/>\n* * *<br \/>\nYar\u0131n kurultay ba\u015fl\u0131yor.<br \/>\nYani bug\u00fcn son g\u00fcn. Delege hesaplar\u0131n\u0131, \u201cAday olmak i\u00e7in delegeden yeterli oyu alamayacak olanlarla Genel Ba\u015fkan ni\u00e7in kar\u015f\u0131 kar\u015f\u0131ya gelsin\u201d gibi antidemokratik s\u00f6ylemleri bir kenara b\u0131rakarak, \u00e7a\u011fr\u0131m\u0131 yineliyorum.<br \/>\nAk\u015fam Halk Arenas\u0131 var. Daha \u00f6nceden adlar\u0131n\u0131 a\u00e7\u0131klad\u0131\u011f\u0131m\u0131z de\u011ferli konuklar\u0131m\u0131zla yapaca\u011f\u0131m\u0131z program\u0131 9 \u015eubat&#8217;a ertelemeyi g\u00f6ze alarak adaylara son kez sesleniyorum:<br \/>\nHalk Arenas\u0131&#8217;nda bir araya gelip tart\u0131\u015f\u0131n ve halk\u0131n elinden al\u0131nan \u201ckarar verme hakk\u0131n\u0131\u201d ona yeniden kazand\u0131r\u0131n.<br \/>\nBu bayra\u011f\u0131 ta\u015f\u0131mak, demokratik ho\u015fg\u00f6r\u00fc ve \u00e7ok seslili\u011fe sayg\u0131n\u0131n simgesi olan CHP&#8217;ye ve onu y\u00f6netecek olanlara \u00e7ok yak\u0131\u015f\u0131r\u2026<\/p>\n<p>http:\/\/www.sozcu.com.tr\/2018\/yazarlar\/ugur-dundar\/chp-genel-baskan-adaylarina-tarihi-cagri-2199470\/<\/p>\n","protected":false},"excerpt":{"rendered":"<p>Kendisine bir kez \u00fcstad\u0131m dedim\u2026 Ve ben sarf etti\u011fim her kelimenin ard\u0131nda dururum\u2026 \u00d6nemlide de\u011fil zaten, ha Frans\u0131z s\u00f6ylemi\u015f olsun ha \u0130ngiliz\u2026 Kendisine olan sayg\u0131m ve sevgim baki. \u00d6nemli olan kimin ne s\u00f6yledi\u011fi de\u011fil, s\u00f6ylenenin i\u00e7eri\u011fidir\u2026 Bana g\u00f6re Kemalizm\u2026 M\u00fccadeledir, pes etmeyen, teslim olmak nedir bilmeyen bir ruh, bir anlay\u0131\u015ft\u0131r Kemalizm benim i\u00e7in\u2026 Milliyet\u00e7iliktir\u2026 Kuvay\u0131 &hellip; <\/p>\n<p class=\"link-more\"><a href=\"http:\/\/wordpress.gurbuz.net\/?p=6159\" class=\"more-link\"><span class=\"screen-reader-text\">\u201eBenim bildi\u011fim ilk \u0130ngiliz\u2019di AMA\u201c<\/span> weiterlesen<\/a><\/p>\n","protected":false},"author":1,"featured_media":0,"comment_status":"open","ping_status":"open","sticky":false,"template":"","format":"standard","meta":[],"categories":[1],"tags":[],"_links":{"self":[{"href":"http:\/\/wordpress.gurbuz.net\/index.php?rest_route=\/wp\/v2\/posts\/6159"}],"collection":[{"href":"http:\/\/wordpress.gurbuz.net\/index.php?rest_route=\/wp\/v2\/posts"}],"about":[{"href":"http:\/\/wordpress.gurbuz.net\/index.php?rest_route=\/wp\/v2\/types\/post"}],"author":[{"embeddable":true,"href":"http:\/\/wordpress.gurbuz.net\/index.php?rest_route=\/wp\/v2\/users\/1"}],"replies":[{"embeddable":true,"href":"http:\/\/wordpress.gurbuz.net\/index.php?rest_route=%2Fwp%2Fv2%2Fcomments&post=6159"}],"version-history":[{"count":1,"href":"http:\/\/wordpress.gurbuz.net\/index.php?rest_route=\/wp\/v2\/posts\/6159\/revisions"}],"predecessor-version":[{"id":6160,"href":"http:\/\/wordpress.gurbuz.net\/index.php?rest_route=\/wp\/v2\/posts\/6159\/revisions\/6160"}],"wp:attachment":[{"href":"http:\/\/wordpress.gurbuz.net\/index.php?rest_route=%2Fwp%2Fv2%2Fmedia&parent=6159"}],"wp:term":[{"taxonomy":"category","embeddable":true,"href":"http:\/\/wordpress.gurbuz.net\/index.php?rest_route=%2Fwp%2Fv2%2Fcategories&post=6159"},{"taxonomy":"post_tag","embeddable":true,"href":"http:\/\/wordpress.gurbuz.net\/index.php?rest_route=%2Fwp%2Fv2%2Ftags&post=6159"}],"curies":[{"name":"wp","href":"https:\/\/api.w.org\/{rel}","templated":true}]}}