{"id":6109,"date":"2018-02-01T07:52:55","date_gmt":"2018-02-01T07:52:55","guid":{"rendered":"http:\/\/wordpress.gurbuz.net\/?p=6109"},"modified":"2018-02-01T08:18:23","modified_gmt":"2018-02-01T08:18:23","slug":"benim-durum-degerlendirmelerim-farklidir","status":"publish","type":"post","link":"http:\/\/wordpress.gurbuz.net\/?p=6109","title":{"rendered":"Benim durum de\u011ferlendirmelerim farkl\u0131d\u0131r"},"content":{"rendered":"<p>Bunun i\u00e7in e\u011fitilmi\u015fimdir, b\u00fct\u00fcn\u00fc g\u00f6r\u00fcrken ayr\u0131nt\u0131ya dikkat etmek\u2026<br \/>\nBili\u015fimciyim derken, sistem bili\u015fimcisiyim. Daha iyi anlaman\u0131z a\u00e7\u0131s\u0131ndan\u2026<br \/>\nAsker vard\u0131r \u00e7arp\u0131\u015f\u0131r, cephededir. Asker vard\u0131r komuta eder, kurmaydad\u0131r\u2026<br \/>\nPlanlar, d\u00fc\u015f\u00fcn\u00fcr, olas\u0131l\u0131klar\u0131 en ince ayr\u0131nt\u0131s\u0131na kadar dikkate almaya \u00e7al\u0131\u015f\u0131r\u2026<br \/>\nS\u00f6z konusu cand\u0131r, vatan \u2013 millet, toprakt\u0131r. S\u00f6z konusu olan ki\u015fisel verilerdir, maddiyat\u2026<br \/>\nHer ikisiydim hem mesleki hem s\u00f6z konusu vatan oldu\u011funda\u2026<br \/>\nDo\u011frudur askerlik yapmad\u0131m, kaza ama (\u2026)<br \/>\nUzun y\u0131llar oluyor ger\u00e7i, \u00e7ok uzun y\u0131llar. Oturup adam gibi programlad\u0131\u011f\u0131mdan beri\u2026<br \/>\nVurgu adam gibide\u2026<br \/>\nYaz\u0131l\u0131m ile u\u011fra\u015fan bilir noktan\u0131n, virg\u00fcl\u00fcn \u00f6nemini.<\/p>\n<p>Bilir bir noktan\u0131n yanl\u0131\u015f yere konmas\u0131n\u0131n sonu\u00e7lar\u0131n\u0131\u2026<br \/>\nEme\u011fin heba olmas\u0131n\u0131, bilir y\u00fczlerce, binlerce, y\u00fcz binlerce sat\u0131r aras\u0131nda yanl\u0131\u015f araman\u0131n zahmetini\u2026<br \/>\nZaman denilen fakt\u00f6r\u00fcn ensende Azrail gibi dikilmesini, bilir \u00e7aresizli\u011fi\u2026<br \/>\nBilir, \u00e7ok iyi bilir pes etmemesi, teslim olmamas\u0131 gerekti\u011fini!<\/p>\n<p>\u0130zliyorum, okuyorum\u2026<br \/>\nE\u011fer yalan\u0131m varsa Allah bin bir t\u00fcrl\u00fc belam\u0131 versin, T\u00fcrkiye\u2019deyken, son birka\u00e7 g\u00fcnde akl\u0131ma d\u00fc\u015ft\u00fc\u2026<br \/>\nYine Ermeni meselesi, yazacakt\u0131m bir iki kelime f\u0131rsat olmad\u0131, biliyorsunuz geldi\u011fimden beri nelerle u\u011fra\u015ft\u0131\u011f\u0131m\u0131. Bas\u0131n, yaz\u0131l\u0131 olsun g\u00f6rsel bas\u0131n olsun\u2026<br \/>\nOraya \u00e7\u0131kan\u2026<br \/>\nKOCA KOCA INSANLARI, entelekt\u00fcel g\u00f6r\u00fcn\u00fcml\u00fc entel \u2013 dantel ge\u00e7inenleri\u2026<br \/>\nDe\u011ferlendirmeleri, d\u00fc\u015f\u00fcnce ve g\u00f6r\u00fc\u015fleri, s\u00f6yledikleri\u2026<br \/>\nAllah\u2019\u0131m\u2026<br \/>\nBeynimden vurulmu\u015fa d\u00f6n\u00fcyorum her seferinde\u2026<br \/>\nYok mu bunlar\u0131n i\u00e7inde ger\u00e7ek analizci?<\/p>\n<p>En son kamuoyu ara\u015ft\u0131rmalar\u0131\u2026<br \/>\nOkumayan y\u00fczde 75\u2019lik bir kesim, Tayyip Silahl\u0131 Kuvvetlerine artan g\u00fcven\u2026<br \/>\nTer\u00f6rden rahats\u0131zm\u0131\u015f milletimiz, EN BA\u015eTA FET\u00d6\u2019den\u2026<br \/>\n\u201cGel, gel bitsin bu hasret\u201d diyen kimdi?<br \/>\nAKT\u00d6 koca T\u00fcrk milletine neler etti, kim yerle\u015ftirdi, izin verdi FET\u00d6\u2019ye, Cumhurba\u015fkanl\u0131k makam\u0131na olan g\u00fcven y\u00fczde 56!!!<\/p>\n<p>???<\/p>\n<p>L\u00fcgat par\u00e7al\u0131yorlar\u2026<br \/>\nGazel okuyorlar s\u00f6z konusu AB(D), Fransa, \u0130ngiltere falan olunca\u2026<br \/>\nEmperyalist diyorlar, s\u00f6m\u00fcrgeci diyorlar, i\u015fgalci deyip hop oturup hop kalk\u0131yorlar (\u2026)<br \/>\n\u0130yide be karde\u015fim\u2026<br \/>\nSen bilmez misin tarihi, s\u00f6yle bilmez misin?<\/p>\n<p>ROMA\u2026<br \/>\nRoma \u0130mparatorlu\u011fu, askeri g\u00fcc\u00fcn\u00fc b\u0131rak bir tarafa\u2026<br \/>\nAmerika, Fransa, \u0130ngiltere gibi, ge\u00e7 onlar\u0131, ge\u00e7\u2026<br \/>\nA\u00e7 kitaplar\u0131 oku\u2026<br \/>\nOku ya oku, Roman\u0131n i\u015fgal etti\u011fi bir\u00e7ok \u00fclke uzun, \u00e7ok uzun y\u0131llar ses \u00e7\u0131karmad\u0131, direnmedi, \u00e7are aramad\u0131 \u00f6zg\u00fcrl\u00fc\u011f\u00fcne tekrar kavu\u015fmak i\u00e7in.<\/p>\n<p>NEDEN???<\/p>\n<p>\u00c7\u00fcnk\u00fc Roma\u2026<br \/>\nGitti\u011fi yere medeniyet getirdi, yap\u0131lar\u0131yla, han ve hamamlar\u0131yla\u2026<br \/>\nAdalet getirdi, hukuk dedi\u011fimiz. Biliyorsunuz de\u011fil mi?<br \/>\nBug\u00fcn bile bir\u00e7ok bat\u0131l\u0131 \u00fclkede en az\u0131ndan temel ilkeler a\u00e7\u0131s\u0131ndan Roma Hukuku ge\u00e7erli!<\/p>\n<p>Biliyorsunuz de\u011fil mi \u00e7o\u011fu zaman Latince terimler sarf ederim, nedeni, hala ge\u00e7erli\u2026<br \/>\n\u0130ngiltere\u2026<br \/>\nUlan s\u00f6m\u00fcrgecili\u011fin \u201cAllah\u2019\u0131\u201d<br \/>\nHala\u2026<br \/>\nG\u00f6n\u00fclden ba\u011fl\u0131, KENDI \u00d6ZG\u00dcR IRADELERIYLE 52 \u00fclke \u0130ngiltere\u2019ye ba\u011fl\u0131\u2026<br \/>\nCommonwealth of Nations dedikleri.<\/p>\n<p>Neden ulan NEDENNN?<\/p>\n<p>Yine Fransa\u2026<br \/>\nCezayir ba\u015fta olmak \u00fczere Afrika\u2019n\u0131n bir\u00e7ok \u00fclkesinde ve hatta Avrupa\u2019da Frans\u0131zca\u2026<br \/>\nResmi dil olarak kullan\u0131lmakta\u2026<br \/>\nNeden?<\/p>\n<p>Neden karde\u015fim neden Amerika, neden?<\/p>\n","protected":false},"excerpt":{"rendered":"<p>Bunun i\u00e7in e\u011fitilmi\u015fimdir, b\u00fct\u00fcn\u00fc g\u00f6r\u00fcrken ayr\u0131nt\u0131ya dikkat etmek\u2026 Bili\u015fimciyim derken, sistem bili\u015fimcisiyim. Daha iyi anlaman\u0131z a\u00e7\u0131s\u0131ndan\u2026 Asker vard\u0131r \u00e7arp\u0131\u015f\u0131r, cephededir. Asker vard\u0131r komuta eder, kurmaydad\u0131r\u2026 Planlar, d\u00fc\u015f\u00fcn\u00fcr, olas\u0131l\u0131klar\u0131 en ince ayr\u0131nt\u0131s\u0131na kadar dikkate almaya \u00e7al\u0131\u015f\u0131r\u2026 S\u00f6z konusu cand\u0131r, vatan \u2013 millet, toprakt\u0131r. S\u00f6z konusu olan ki\u015fisel verilerdir, maddiyat\u2026 Her ikisiydim hem mesleki hem s\u00f6z konusu &hellip; <\/p>\n<p class=\"link-more\"><a href=\"http:\/\/wordpress.gurbuz.net\/?p=6109\" class=\"more-link\"><span class=\"screen-reader-text\">\u201eBenim durum de\u011ferlendirmelerim farkl\u0131d\u0131r\u201c<\/span> weiterlesen<\/a><\/p>\n","protected":false},"author":1,"featured_media":0,"comment_status":"open","ping_status":"open","sticky":false,"template":"","format":"standard","meta":[],"categories":[1],"tags":[],"_links":{"self":[{"href":"http:\/\/wordpress.gurbuz.net\/index.php?rest_route=\/wp\/v2\/posts\/6109"}],"collection":[{"href":"http:\/\/wordpress.gurbuz.net\/index.php?rest_route=\/wp\/v2\/posts"}],"about":[{"href":"http:\/\/wordpress.gurbuz.net\/index.php?rest_route=\/wp\/v2\/types\/post"}],"author":[{"embeddable":true,"href":"http:\/\/wordpress.gurbuz.net\/index.php?rest_route=\/wp\/v2\/users\/1"}],"replies":[{"embeddable":true,"href":"http:\/\/wordpress.gurbuz.net\/index.php?rest_route=%2Fwp%2Fv2%2Fcomments&post=6109"}],"version-history":[{"count":5,"href":"http:\/\/wordpress.gurbuz.net\/index.php?rest_route=\/wp\/v2\/posts\/6109\/revisions"}],"predecessor-version":[{"id":6114,"href":"http:\/\/wordpress.gurbuz.net\/index.php?rest_route=\/wp\/v2\/posts\/6109\/revisions\/6114"}],"wp:attachment":[{"href":"http:\/\/wordpress.gurbuz.net\/index.php?rest_route=%2Fwp%2Fv2%2Fmedia&parent=6109"}],"wp:term":[{"taxonomy":"category","embeddable":true,"href":"http:\/\/wordpress.gurbuz.net\/index.php?rest_route=%2Fwp%2Fv2%2Fcategories&post=6109"},{"taxonomy":"post_tag","embeddable":true,"href":"http:\/\/wordpress.gurbuz.net\/index.php?rest_route=%2Fwp%2Fv2%2Ftags&post=6109"}],"curies":[{"name":"wp","href":"https:\/\/api.w.org\/{rel}","templated":true}]}}