{"id":6056,"date":"2018-01-30T19:40:38","date_gmt":"2018-01-30T19:40:38","guid":{"rendered":"http:\/\/wordpress.gurbuz.net\/?p=6056"},"modified":"2018-01-30T19:40:38","modified_gmt":"2018-01-30T19:40:38","slug":"bir-kadinin-hikayesi","status":"publish","type":"post","link":"http:\/\/wordpress.gurbuz.net\/?p=6056","title":{"rendered":"Bir kad\u0131n\u0131n hikayesi"},"content":{"rendered":"<p>Bu anlatacaklar\u0131m ger\u00e7ek bir hayattan al\u0131nt\u0131lard\u0131r. Bir kad\u0131n\u0131n hik\u00e2yesi, yeri geldik\u00e7e kendimi de kataca\u011f\u0131m bu hik\u00e2yeye \u00e7\u00fcnk\u00fc hem kendi hayat\u0131m\u0131n bir par\u00e7as\u0131 oldu hem son demlerini ya\u015fayan bu insan a\u00e7\u0131s\u0131ndan, bu safhada kendim \u00f6nemli bir rol oynuyorum.<\/p>\n<p>Bana sorsan\u0131z\u2026<br \/>\nFrans\u0131z mi \u0130ngiliz mi diye\u2026<br \/>\nHer zaman i\u00e7in Frans\u0131z derim hem mutfa\u011f\u0131 a\u00e7\u0131s\u0131ndan hem kad\u0131n denen varl\u0131k y\u00fcz\u00fcnden\u2026<br \/>\n\u0130nsanl\u0131klar\u0131, k\u00fclt\u00fcrleri, g\u00f6rg\u00fcleri, e\u011fitimleri, yazarlar\u0131, sanat\u00e7\u0131lar\u0131 bir farkl\u0131d\u0131r Frans\u0131zlar\u0131n. Unutulmamal\u0131d\u0131r ki bademlerin g\u00f6stermelik bile olsa sahip \u00e7\u0131kt\u0131klar\u0131 Osmanl\u0131, Frans\u0131zlar\u0131, Frans\u0131zlar\u2026<br \/>\nOsmanl\u0131lar\u0131 etkilemi\u015ftir. Bug\u00fcn bile kulland\u0131\u011f\u0131m\u0131z T\u00fcrk\u00e7emiz i\u00e7eresinde bir\u00e7ok Frans\u0131zca kelime mevcuttur.<\/p>\n<p>Bu yaz\u0131, anlatacaklar\u0131m\u2026<br \/>\nUzun mu olacak k\u0131sam\u0131 hi\u00e7bir fikrim yok\u2026<br \/>\nTaslak olarak yazmak \u2013 anlatmak istediklerim akl\u0131mda AMA hayat \u015fartlar\u0131m, sa\u011fl\u0131\u011f\u0131m buna izin verir mi bilmem. Asl\u0131nda\u2026<br \/>\nBu \u00f6m\u00fcr, babaannem misali ba\u015f\u0131ndan sonuna anlat\u0131lacak bir hayat hikayesi, roman olacak cinsten.<br \/>\nBelki inanmayacaks\u0131n\u0131z bana\u2026<br \/>\nHerkes diyor, herkes\u2026<br \/>\nYazsam roman olur diye, benim hayat\u0131ma roman yetmez, birka\u00e7 ciltte\u2026<br \/>\nAnsiklopedi \u015feklinde kaleme al\u0131nmas\u0131 gerekir. Pi\u015fmi\u015f tavu\u011fun ba\u015f\u0131na gelenlerin \u00f6znesiyim, bu terimi kullanmam hem dil bilgisi a\u00e7\u0131s\u0131ndan hem felsefi bak\u0131\u015f ac\u0131s\u0131ndan olmak \u00fczere ikisi i\u00e7inde ge\u00e7erlidir!<\/p>\n<p>Birinci d\u00fcnya sava\u015f\u0131 esnas\u0131nda do\u011fmu\u015f bir kad\u0131n\u0131n hikayesidir\u2026<br \/>\nBaba sevgisini tatm\u0131\u015f ancak \u00f6zbe\u00f6z anne taraf\u0131ndan d\u0131\u015flanm\u0131\u015f, hor g\u00f6r\u00fclm\u00fc\u015f, istenmemi\u015f, def edilmi\u015f bir insan\u0131n. \u00d6l\u00fcms\u00fcz bir a\u015fk ya\u015fam\u0131\u015f bir gen\u00e7 kad\u0131n\u0131n, bir \u0130ngiliz ve bir Alman kad\u0131n aras\u0131nda ge\u00e7en hazin bir m\u00fcnasebet ve ac\u0131 bir sonun hikayesidir. Kazak\u2026<br \/>\nEvet, kazak bir \u00e7eyre\u011fin hikayesi, yok, kendimi kast etmiyorum. Anlataca\u011f\u0131m insan\u0131n e\u015fi. Bir h\u00e2kim.<br \/>\n\u0130ngiliz\u2019den ayr\u0131ld\u0131ktan sonra, \u201czorunlu\u201d bir evlili\u011fin hikayesi. Nazi Almanya\u2019s\u0131nda bir hayatta kalma m\u00fccadelesinin \u00f6yk\u00fcs\u00fc.       <\/p>\n<p>Devam edecek\u2026<\/p>\n","protected":false},"excerpt":{"rendered":"<p>Bu anlatacaklar\u0131m ger\u00e7ek bir hayattan al\u0131nt\u0131lard\u0131r. Bir kad\u0131n\u0131n hik\u00e2yesi, yeri geldik\u00e7e kendimi de kataca\u011f\u0131m bu hik\u00e2yeye \u00e7\u00fcnk\u00fc hem kendi hayat\u0131m\u0131n bir par\u00e7as\u0131 oldu hem son demlerini ya\u015fayan bu insan a\u00e7\u0131s\u0131ndan, bu safhada kendim \u00f6nemli bir rol oynuyorum. Bana sorsan\u0131z\u2026 Frans\u0131z mi \u0130ngiliz mi diye\u2026 Her zaman i\u00e7in Frans\u0131z derim hem mutfa\u011f\u0131 a\u00e7\u0131s\u0131ndan hem kad\u0131n denen &hellip; <\/p>\n<p class=\"link-more\"><a href=\"http:\/\/wordpress.gurbuz.net\/?p=6056\" class=\"more-link\"><span class=\"screen-reader-text\">\u201eBir kad\u0131n\u0131n hikayesi\u201c<\/span> weiterlesen<\/a><\/p>\n","protected":false},"author":1,"featured_media":0,"comment_status":"open","ping_status":"open","sticky":false,"template":"","format":"standard","meta":[],"categories":[1],"tags":[],"_links":{"self":[{"href":"http:\/\/wordpress.gurbuz.net\/index.php?rest_route=\/wp\/v2\/posts\/6056"}],"collection":[{"href":"http:\/\/wordpress.gurbuz.net\/index.php?rest_route=\/wp\/v2\/posts"}],"about":[{"href":"http:\/\/wordpress.gurbuz.net\/index.php?rest_route=\/wp\/v2\/types\/post"}],"author":[{"embeddable":true,"href":"http:\/\/wordpress.gurbuz.net\/index.php?rest_route=\/wp\/v2\/users\/1"}],"replies":[{"embeddable":true,"href":"http:\/\/wordpress.gurbuz.net\/index.php?rest_route=%2Fwp%2Fv2%2Fcomments&post=6056"}],"version-history":[{"count":1,"href":"http:\/\/wordpress.gurbuz.net\/index.php?rest_route=\/wp\/v2\/posts\/6056\/revisions"}],"predecessor-version":[{"id":6057,"href":"http:\/\/wordpress.gurbuz.net\/index.php?rest_route=\/wp\/v2\/posts\/6056\/revisions\/6057"}],"wp:attachment":[{"href":"http:\/\/wordpress.gurbuz.net\/index.php?rest_route=%2Fwp%2Fv2%2Fmedia&parent=6056"}],"wp:term":[{"taxonomy":"category","embeddable":true,"href":"http:\/\/wordpress.gurbuz.net\/index.php?rest_route=%2Fwp%2Fv2%2Fcategories&post=6056"},{"taxonomy":"post_tag","embeddable":true,"href":"http:\/\/wordpress.gurbuz.net\/index.php?rest_route=%2Fwp%2Fv2%2Ftags&post=6056"}],"curies":[{"name":"wp","href":"https:\/\/api.w.org\/{rel}","templated":true}]}}