{"id":59722,"date":"2020-12-27T13:11:40","date_gmt":"2020-12-27T13:11:40","guid":{"rendered":"http:\/\/wordpress.gurbuz.net\/?p=59722"},"modified":"2020-12-27T13:49:45","modified_gmt":"2020-12-27T13:49:45","slug":"rabbime-giden-cokca-yol-vardir","status":"publish","type":"post","link":"http:\/\/wordpress.gurbuz.net\/?p=59722","title":{"rendered":"Rabbime giden \u00e7ok\u00e7a yol vard\u0131r"},"content":{"rendered":"<p>Ne g\u00f6rd\u00fcm\u2026<br \/>\nNe duydum bu yolu kolay a\u015fan\u0131\u2026<br \/>\nZordur, engebeli\u2026<br \/>\nMe\u015fakkatli, yol tuzaklar ile dolu, \u015feytan her ad\u0131mda, her k\u00f6\u015fesinde\u2026<br \/>\nBekler seni.<\/p>\n<p>Kanser olsa\u2026<br \/>\nAkci\u011ferlerde, hele hele orada\u2026<br \/>\n\u00d6nder \u00e7oktan olurdu O bilinmeyen yolda\u2026<br \/>\nYok de\u011fil, doktor hakl\u0131 \u00e7\u0131k\u0131t\u0131 bu konuda\u2026<br \/>\nAma\u2026<br \/>\nAma var bir \u015feyler, dayan\u0131lmaz, \u00e7\u0131ld\u0131rtan a\u011fr\u0131lar.<\/p>\n<p>Allah\u2026<br \/>\nNe beni ne sevdiklerimi\u2026<br \/>\nKimseyi\u2026<br \/>\nOnun yolundan \u015fa\u015f\u0131rtmas\u0131n\u2026<br \/>\nY\u00e2r olsun\u2026<br \/>\nYolda\u015f olsun DAIMA yolumuzda\u2026<br \/>\n\u00d6m\u00fcr denilen\u2026<br \/>\nTiyatroda.<\/p>\n<p>Mevl\u00e2na hazretleri\u2026<br \/>\nVe yine yay\u0131nlad\u0131m ge\u00e7enlerde bir resmi, hazreti Isa ortada\u2026<br \/>\nBir serzeni\u015fti\u2026<br \/>\nKimler kimler duya\u2026<br \/>\nMesnevi hani bir el g\u00f6sterir yeri\u2026<br \/>\nDi\u011feri\u2026<br \/>\nYalvar\u0131rcas\u0131na, ikaz eder gibi\u2026<br \/>\nG\u00f6ky\u00fcz\u00fcne do\u011fru\u2026<br \/>\n2018 senesi\u2026<br \/>\n38\u2026<br \/>\nYok paraleli de\u011fil 38 uydu\u2026<br \/>\nG\u00f6ky\u00fcz\u00fc yolunda, oturttu y\u00f6r\u00fcngesine\u2026<br \/>\n\u00c7inli\u2026<br \/>\nHi\u00e7bir devlet, hi\u00e7bir toplum bir sene i\u00e7eresinde bunu bug\u00fcne kadar ba\u015faramam\u0131\u015ft\u0131.<\/p>\n<p>Laf ebeleri\u2026<br \/>\nPezevenkler\u2026<br \/>\nOrospular\u0131n do\u011furduklar\u0131 bunu duya\u2026<br \/>\nG\u00f6zleri vard\u0131r, g\u00f6rmezler\u2026<br \/>\nKulaklar\u0131 vard\u0131r, duymazlar\u2026<br \/>\nDilleri vard\u0131r, yalan s\u00f6ylerler\u2026<br \/>\nElleri vard\u0131r, h\u0131rs\u0131zl\u0131\u011fa yarar\u2026<br \/>\nRabbim\u2026<br \/>\nKorusun bu milleti, hepimizi.<\/p>\n<p>*<\/p>\n<p><iframe loading=\"lazy\" width=\"525\" height=\"295\" src=\"https:\/\/www.youtube.com\/embed\/Tzq89SONXQc?list=PL75UZ14Mx0u_r16FAZaUz-vbZHXRyjBGL\" frameborder=\"0\" allow=\"accelerometer; autoplay; clipboard-write; encrypted-media; gyroscope; picture-in-picture\" allowfullscreen><\/iframe><\/p>\n<p>*<\/p>\n<p><a href=\"https:\/\/www.msn.com\/de-de\/nachrichten\/politik\/strafverfolgung-die-gro%C3%9Fe-angst-der-despoten-vor-joe-biden\/ar-BB1cglYI?ocid=msedgntp\" target=\"_blank\" rel=\"noopener noreferrer\">Offf gitmeden \u00f6nce ne AFLAR ne AFLAR ama bir mahkeme var ki, ADALETI mah\u015feri. Ve Recep Tayyip Erdo\u011fan denilen pezevenk, belki kul adaletinden kurtulursun AMA onun \u00f6n\u00fcnde verece\u011fin hesap g\u00fcn\u00fc yak\u0131nd\u0131r<\/a><\/p>\n<p><a href=\"https:\/\/www.msn.com\/de-de\/nachrichten\/politik\/beschert-trump-den-usa-noch-einen-shutdown\/ar-BB1cgv3a?ocid=msedgntp\" target=\"_blank\" rel=\"noopener noreferrer\">oku<\/a><\/p>\n<p>### &gt;&gt;&gt; ! &lt;&lt;&lt; ###<\/p>\n<p>&#8222;Lockdown w\u00f6rtlich: abgeriegelte Geb\u00e4ude oder Gegenden<\/p>\n<p>Politiker wie Angela Merkel und Markus S\u00f6der nehmen den Begriff &#8222;Lockdown&#8220; aktuell st\u00e4ndig in den Mund. Und seit heute ist selbiger auch bundesweit in Kraft. Laut &#8222;Cambridge Dictionary&#8220; steht das englische Wort &#8222;Lockdown&#8220; f\u00fcr eine Situation, in der Geb\u00e4ude oder Gegenden nicht verlassen oder betreten werden d\u00fcrfen. Der Duden erkl\u00e4rt die Bedeutung des Wortes mit &#8222;Ausgangssperre; Abriegelung&#8220;. Abgeriegelt ist in Deutschland aber aktuell keine Gegend.<strong> Das Leibniz-Institut f\u00fcr Deutsche Sprache erweitert deshalb die Bedeutung von Lockdown auf: &#8222;Zeitraum, in dem fast alle wirtschaftlichen und gesellschaftlichen Aktivit\u00e4ten auf politische Anordnung hin stillgelegt sind.&#8220;<\/strong><\/p>\n<p>Shutdown: vor\u00fcbergehendes Einstellen des Betriebs<\/p>\n<p><strong>Das Cambridge-W\u00f6rterbuch beschreibt dagegen &#8222;Shutdown&#8220; als &#8222;Situation, in der ein Unternehmen oder ein gro\u00dfes Ger\u00e4t normalerweise f\u00fcr einen vor\u00fcbergehenden Zeitraum den Betrieb einstellt&#8220;<\/strong>.<\/p>\n<p>https:\/\/www.pnp.de\/nachrichten\/panorama\/Lockdown-und-Shutdown-Das-ist-der-Unterschied-3868123.html<\/p>\n<p><strong>Kelimeler&#8230;<br \/>\nVe \u00f6nemleri&#8230;<br \/>\nHele hele siyaset\u00e7inin a\u011fz\u0131ndan \u00e7\u0131kana \u00e7ok dikkat etmeli\u2026<br \/>\nYoksa\u2026<br \/>\nAyakta sikerler seni&#8230;<br \/>\nHayat\u2026<br \/>\nBunu \u00d6ndere \u00e7ok ac\u0131 bir \u015fekilde \u00f6\u011fretti!!!<\/strong><\/p>\n","protected":false},"excerpt":{"rendered":"<p>Ne g\u00f6rd\u00fcm\u2026 Ne duydum bu yolu kolay a\u015fan\u0131\u2026 Zordur, engebeli\u2026 Me\u015fakkatli, yol tuzaklar ile dolu, \u015feytan her ad\u0131mda, her k\u00f6\u015fesinde\u2026 Bekler seni. Kanser olsa\u2026 Akci\u011ferlerde, hele hele orada\u2026 \u00d6nder \u00e7oktan olurdu O bilinmeyen yolda\u2026 Yok de\u011fil, doktor hakl\u0131 \u00e7\u0131k\u0131t\u0131 bu konuda\u2026 Ama\u2026 Ama var bir \u015feyler, dayan\u0131lmaz, \u00e7\u0131ld\u0131rtan a\u011fr\u0131lar. Allah\u2026 Ne beni ne sevdiklerimi\u2026 Kimseyi\u2026 &hellip; <\/p>\n<p class=\"link-more\"><a href=\"http:\/\/wordpress.gurbuz.net\/?p=59722\" class=\"more-link\"><span class=\"screen-reader-text\">\u201eRabbime giden \u00e7ok\u00e7a yol vard\u0131r\u201c<\/span> weiterlesen<\/a><\/p>\n","protected":false},"author":1,"featured_media":0,"comment_status":"open","ping_status":"open","sticky":false,"template":"","format":"standard","meta":[],"categories":[1],"tags":[],"_links":{"self":[{"href":"http:\/\/wordpress.gurbuz.net\/index.php?rest_route=\/wp\/v2\/posts\/59722"}],"collection":[{"href":"http:\/\/wordpress.gurbuz.net\/index.php?rest_route=\/wp\/v2\/posts"}],"about":[{"href":"http:\/\/wordpress.gurbuz.net\/index.php?rest_route=\/wp\/v2\/types\/post"}],"author":[{"embeddable":true,"href":"http:\/\/wordpress.gurbuz.net\/index.php?rest_route=\/wp\/v2\/users\/1"}],"replies":[{"embeddable":true,"href":"http:\/\/wordpress.gurbuz.net\/index.php?rest_route=%2Fwp%2Fv2%2Fcomments&post=59722"}],"version-history":[{"count":12,"href":"http:\/\/wordpress.gurbuz.net\/index.php?rest_route=\/wp\/v2\/posts\/59722\/revisions"}],"predecessor-version":[{"id":59734,"href":"http:\/\/wordpress.gurbuz.net\/index.php?rest_route=\/wp\/v2\/posts\/59722\/revisions\/59734"}],"wp:attachment":[{"href":"http:\/\/wordpress.gurbuz.net\/index.php?rest_route=%2Fwp%2Fv2%2Fmedia&parent=59722"}],"wp:term":[{"taxonomy":"category","embeddable":true,"href":"http:\/\/wordpress.gurbuz.net\/index.php?rest_route=%2Fwp%2Fv2%2Fcategories&post=59722"},{"taxonomy":"post_tag","embeddable":true,"href":"http:\/\/wordpress.gurbuz.net\/index.php?rest_route=%2Fwp%2Fv2%2Ftags&post=59722"}],"curies":[{"name":"wp","href":"https:\/\/api.w.org\/{rel}","templated":true}]}}