{"id":58315,"date":"2020-12-13T11:00:13","date_gmt":"2020-12-13T11:00:13","guid":{"rendered":"http:\/\/wordpress.gurbuz.net\/?p=58315"},"modified":"2020-12-13T11:20:41","modified_gmt":"2020-12-13T11:20:41","slug":"ve-on-altisindan-itibaren-tamamen-ohal-demistim-mecbur-kalacaklar","status":"publish","type":"post","link":"http:\/\/wordpress.gurbuz.net\/?p=58315","title":{"rendered":">>> Ve on alt\u0131s\u0131ndan itibaren, t\u00fcm Almanya&#8217;da OHAL. Demi\u015ftim mecbur kalacaklar!!! <<<"},"content":{"rendered":"<p>Bak karde\u015fim ANLA BENI\u2026<br \/>\nTayyipistan, G\u00d6STERMELIK\u2026<br \/>\nHafta sonu eve hapis\u2026<br \/>\nYa \u00d6NCESI\u2026<br \/>\nSONRASI demedim ki \u00e7\u0131kar askeri sokaklara?<br \/>\nNOKTA<\/p>\n<p>Heriflerin gelmi\u015fi ge\u00e7mi\u015fi\u2026<br \/>\n\u0130stikballeri\u2026<br \/>\nS\u00f6yledikleri VARLIKLARI YALAN ve ne yaparlarsa yaps\u0131nlar her \u015fey G\u00d6STERMELIK!<\/p>\n<p><strong>Aman kime laf, s\u00f6z s\u00f6yl\u00fcyor bir \u015feyler \u00f6\u011fretmeye \u00e7al\u0131\u015f\u0131yorum ki???<\/strong><\/p>\n<p>KAPASINLAR\u2026<br \/>\nBen haz\u0131rl\u0131kl\u0131y\u0131m\u2026<br \/>\nKarde\u015f dahil hesap kitap yapt\u0131m\u2026<br \/>\nEn k\u00f6t\u00fc ihtimal ile bir \u00e7at\u0131 alt\u0131nda\u2026<br \/>\nEn AZINDAN haftalarca!<\/p>\n<p>&#8222;<strong>Lockdown ab Mittwoch \u2013 das haben Bund und L\u00e4nder heute beschlossen<\/strong><\/p>\n<p><em>Wegen der weiter steigenden Corona-Infektionszahlen m\u00fcssen sich die Menschen in Deutschland noch in der kommenden Woche auf einen harten Lockdown einstellen. Die Ministerpr\u00e4sidentinnen und Ministerpr\u00e4sidenten beschlossen am Sonntagvormittag mit Bundeskanzlerin Angela Merkel (CDU) in einer Videokonferenz deutliche Versch\u00e4rfungen der geltenden Regeln.<\/p>\n<p>Unmittelbar vor dem Corona-Gipfel fordern immer mehr Ministerpr\u00e4sidenten schnellstm\u00f6glich und bundesweit den harten Lockdown. Die Rede ist von einer fl\u00e4chendeckenden Schlie\u00dfung des Einzelhandels. Auch Kitas k\u00f6nnten betroffen sein. Quelle: WELT \/ David Schafbuch\u00a9 WELT \/ David Schafbuch Unmittelbar vor dem Corona-Gipfel fordern immer mehr Ministerpr\u00e4sidenten schnellstm\u00f6glich und bundesweit den harten Lockdown. Die Rede ist von einer fl\u00e4chendeckenden Schlie\u00dfung des Einzelhandels. Auch Kitas k\u00f6nnten betroffen sein. <\/p>\n<p><strong>Der Einzelhandel wird in weiten Teilen vom 16. Dezember bis zum 10. Januar geschlossen. Ausnahmen sind der Lebensmittel-Einzelhandel, Wochenm\u00e4rkte und Direktvermarkter f\u00fcr Lebensmittel, Abhol- und Lieferdienste, Getr\u00e4nkem\u00e4rkte, Reformh\u00e4user, Apotheken, Sanit\u00e4tsh\u00e4user, Drogerien, Optiker, H\u00f6rger\u00e4teakustiker, Tankstellen, Kfz- und Fahrradwerkst\u00e4tten, Banken und Sparkassen, Poststellen, Reinigungen, Waschsalons, Zeitungsverkaufsl\u00e4den, Tierbedarfs- und Futtermittelm\u00e4rkte, Weihnachtsbaumverkaufsst\u00e4nde und der Gro\u00dfhandel.<\/strong><\/p>\n<p>12.12.2020, Bayern, N\u00fcrnberg: Schilder weisen auf die bestehende Maskenpflicht, die Einhaltung des Mindestabstands und den Alkoholverbot in der Innenstadt hin. Angesichts steigender Corona-Zahlen verdichten sich die Anzeichen f\u00fcr einen baldigen Lockdown. Bayern, N\u00fcrnberg: Schilder weisen auf die bestehende Maskenpflicht, die Einhaltung des Mindestabstands und den Alkoholverbot in der Innenstadt hin. Angesichts steigender Corona-Zahlen verdichten sich die Anzeichen f\u00fcr einen baldigen Lockdown. <\/p>\n<p>Dagegen sollen Friseursalons, Kosmetikstudios, Massagepraxen, Tattoo-Studios und \u00e4hnliche Betriebe geschlossen werden.<\/p>\n<p>Auch an den Schulen und Kitas sollen die Kontakte \u201edeutlich eingeschr\u00e4nkt werden\u201c. Schulen werden grunds\u00e4tzlich ab Mittwoch geschlossen, Notfallbetreuung und Distanzlernen w\u00fcrden angeboten. F\u00fcr Abschlussklassen k\u00f6nnen gesonderte Regelungen gelten. Wie das konkret umgesetzt werde, h\u00e4nge von den Regelungen der einzelnen L\u00e4nder ab. Zudem sollen \u201ezus\u00e4tzliche M\u00f6glichkeiten\u201c geschaffen werden, damit Eltern bezahlten Urlaub nehmen k\u00f6nnen.<\/p>\n<p>Der Verzehr von alkoholischen Getr\u00e4nken im \u00f6ffentlichen Raum soll im selben Zeitraum untersagt und Verst\u00f6\u00dfe mit einem Bu\u00dfgeld belegt werden. Der Au\u00dferhausverkauf von Speisen und Getr\u00e4nken bleibt erlaubt, aber der Verzehr vor Ort wird untersagt, um Ansammlung von Menschen vor Einrichtungen wie in den vergangenen Tagen (\u201cGl\u00fchwein-Hopping\u201c) zu vermeiden.<\/p>\n<p>Ebenfalls verboten werden soll nun doch \u201egenerell\u201c der Verkauf von Pyrotechnik vor Silvester. Vom Z\u00fcnden von Feuerwerksk\u00f6rpern wird zwar abgeraten, verboten wird es aber nur an \u201epublikumstr\u00e4chtigen Pl\u00e4tzen\u201c, die von den Kommunen bestimmt werden sollen. Am Silvester- und Neujahrstag werde zudem bundesweit ein An- und Versammlungsverbot umgesetzt. Bayerns Ministerpr\u00e4sident Markus S\u00f6der (CSU) sprach von einem \u201eDe Facto B\u00f6llerverbot\u201c.<\/p>\n<p>Private Treffen sollen laut Entwurf weiterhin auf zwei Haushalte und maximal f\u00fcnf Personen beschr\u00e4nkt werden \u2013 Kinder unter 14 Jahren nicht eingerechnet. Vom 24. bis 26. Dezember sollen die L\u00e4nder die Obergrenze erh\u00f6hen k\u00f6nnen. Erlaubt sei dann das Treffen mit vier weiteren Personen \u00fcber den eigenen Hausstand hinaus aus dem engsten Verwandtenkreis, also \u201ein gerader Linie\u201c und Lebenspartner.<\/p>\n<p>Gottesdienste in Kirchen, Synagogen und Moscheen bleiben unter Hygieneauflagen erlaubt, gesungen werden darf aber nicht. An Tagen, an denen ein gro\u00dfer Andrang zu erwarten ist, wie zum Beispiel an Weihnachten, m\u00fcssen sich Besucher anmelden. Ab sofort m\u00fcssen Besucher in Alten- und Pflegeheimen verpflichtend einen negativen Corona-Test vorlegen.<\/p>\n<p>Neuansteckungszahlen auf hohem Niveau<br \/>\nHintergrund sind die weiter sehr hohen Infektionszahlen: Das Robert-Koch-Institut meldete am Sonntag 20.200 Neuinfektionen. Das sind 2433 mehr als vor einer Woche. Es starben weitere 321 Menschen an oder mit dem Virus. Die Sieben-Tage-Inzidenz stieg laut RKI-Angaben weiter auf 169,1 und entfernt sich damit immer mehr vom Zielwert 50, den Bund und L\u00e4nder anstreben. Der Wert gibt an, wie viele Menschen je 100.000 Einwohner sich in Deutschland innerhalb von sieben Tagen neu anstecken.<\/p>\n<p>Die Bundeskanzlerin und die L\u00e4nderchefs planen, am 5. Januar 2021 erneut zu beraten und dann die Ma\u00dfnahmen ab dem 11. Januar zu beschlie\u00dfen.&#8220;<\/em><\/p>\n<p>https:\/\/www.msn.com\/de-de\/nachrichten\/panorama\/lockdown-ab-mittwoch-das-haben-bund-und-l%C3%A4nder-heute-beschlossen\/ar-BB1bSYCg?ocid=msedgntp<\/p>\n","protected":false},"excerpt":{"rendered":"<p>Bak karde\u015fim ANLA BENI\u2026 Tayyipistan, G\u00d6STERMELIK\u2026 Hafta sonu eve hapis\u2026 Ya \u00d6NCESI\u2026 SONRASI demedim ki \u00e7\u0131kar askeri sokaklara? NOKTA Heriflerin gelmi\u015fi ge\u00e7mi\u015fi\u2026 \u0130stikballeri\u2026 S\u00f6yledikleri VARLIKLARI YALAN ve ne yaparlarsa yaps\u0131nlar her \u015fey G\u00d6STERMELIK! Aman kime laf, s\u00f6z s\u00f6yl\u00fcyor bir \u015feyler \u00f6\u011fretmeye \u00e7al\u0131\u015f\u0131yorum ki??? KAPASINLAR\u2026 Ben haz\u0131rl\u0131kl\u0131y\u0131m\u2026 Karde\u015f dahil hesap kitap yapt\u0131m\u2026 En k\u00f6t\u00fc ihtimal ile &hellip; <\/p>\n<p class=\"link-more\"><a href=\"http:\/\/wordpress.gurbuz.net\/?p=58315\" class=\"more-link\"><span class=\"screen-reader-text\">\u201e>>> Ve on alt\u0131s\u0131ndan itibaren, t\u00fcm Almanya&#8217;da OHAL. Demi\u015ftim mecbur kalacaklar!!! <<<\u201c<\/span> weiterlesen<\/a><\/p>\n","protected":false},"author":1,"featured_media":0,"comment_status":"open","ping_status":"open","sticky":false,"template":"","format":"standard","meta":[],"categories":[1],"tags":[],"_links":{"self":[{"href":"http:\/\/wordpress.gurbuz.net\/index.php?rest_route=\/wp\/v2\/posts\/58315"}],"collection":[{"href":"http:\/\/wordpress.gurbuz.net\/index.php?rest_route=\/wp\/v2\/posts"}],"about":[{"href":"http:\/\/wordpress.gurbuz.net\/index.php?rest_route=\/wp\/v2\/types\/post"}],"author":[{"embeddable":true,"href":"http:\/\/wordpress.gurbuz.net\/index.php?rest_route=\/wp\/v2\/users\/1"}],"replies":[{"embeddable":true,"href":"http:\/\/wordpress.gurbuz.net\/index.php?rest_route=%2Fwp%2Fv2%2Fcomments&post=58315"}],"version-history":[{"count":8,"href":"http:\/\/wordpress.gurbuz.net\/index.php?rest_route=\/wp\/v2\/posts\/58315\/revisions"}],"predecessor-version":[{"id":58323,"href":"http:\/\/wordpress.gurbuz.net\/index.php?rest_route=\/wp\/v2\/posts\/58315\/revisions\/58323"}],"wp:attachment":[{"href":"http:\/\/wordpress.gurbuz.net\/index.php?rest_route=%2Fwp%2Fv2%2Fmedia&parent=58315"}],"wp:term":[{"taxonomy":"category","embeddable":true,"href":"http:\/\/wordpress.gurbuz.net\/index.php?rest_route=%2Fwp%2Fv2%2Fcategories&post=58315"},{"taxonomy":"post_tag","embeddable":true,"href":"http:\/\/wordpress.gurbuz.net\/index.php?rest_route=%2Fwp%2Fv2%2Ftags&post=58315"}],"curies":[{"name":"wp","href":"https:\/\/api.w.org\/{rel}","templated":true}]}}