{"id":57910,"date":"2020-12-08T08:23:47","date_gmt":"2020-12-08T08:23:47","guid":{"rendered":"http:\/\/wordpress.gurbuz.net\/?p=57910"},"modified":"2020-12-08T08:45:36","modified_gmt":"2020-12-08T08:45:36","slug":"torba-ve-veya-paket-meselesi","status":"publish","type":"post","link":"http:\/\/wordpress.gurbuz.net\/?p=57910","title":{"rendered":"TORBA ve VEYA paket meselesi"},"content":{"rendered":"<p>D\u00fcn verdim galiba haberini, bu sabah TAM GAZ devam ediyorlar\u2026<br \/>\nCem\u2019in yerine ge\u00e7en O HERIF\u2026<br \/>\nGeliyor haberler, ger\u00e7ek veriler kula\u011f\u0131ma. Neredeyse en yetkili yerden diyesim var\u2026<br \/>\nAmerika ba\u015fta olmak \u00fczere Y\u00d6NETEMIYORLARMI\u015e Korona meselesini\u2026<br \/>\nAma onlar \u201cola\u011fan\u00fcst\u00fc ba\u015far\u0131l\u0131\u201d<br \/>\nBunu demek istiyorlar haberi sunu\u015f \u015feklileriyle\u2026<br \/>\nKanunlar\u2026<br \/>\nAt torbaya ge\u00e7ir \u201cmeclisten\u201d<br \/>\nLokantalar vesaire al\u0131\u015fveri\u015f merkezleri, paketle\u2026<br \/>\nMotorlu kuryeler\u2026<br \/>\nElden ele\u2026<br \/>\nOras\u0131n\u0131 buras\u0131n\u0131 m\u0131 eller, ka\u015f\u0131r\u2026<br \/>\nBurnuna m\u0131 sokar parmaklar\u0131n\u0131, eline mi hap\u015f\u0131r\u0131r\u2026<br \/>\nBelli mi, paketi ondan teslim ald\u0131\u011f\u0131nda bundan emin misin peki\u2026<br \/>\nBilmez misin bizim milleti, S\u00d6ZDE M\u00fcsl\u00fcman\u0131?<\/p>\n<p>Ka\u00e7t\u0131 bug\u00fcn a\u00e7\u0131klanan \u00f6l\u00fcm vakas\u0131?<br \/>\n200 \u00fcst\u00fc\u2026<br \/>\nSen ona en az\u0131ndan SADECE d\u00fcn \u00f6len 300 desene\u2026<br \/>\nKi bu ORTALAMASI!<\/p>\n<p>CNN T\u00fcrkiyeli\u2026<br \/>\nMeselemiz insan sponsorlu\u011fu\u2026<br \/>\nBenim meselemde insan\u2026<br \/>\nVe evet do\u011fru, ki\u015fi, insan, toplum \u00d6NCE kendisiyle bar\u0131\u015f\u0131k olmal\u0131\u2026<br \/>\nBen\u2026<br \/>\nKendimi otuz seneden beri af edemedim ki.<\/p>\n<p>Psikolog musun\u2026<br \/>\nYapma ya?<br \/>\nSosyolog, vay anas\u0131na\u2026<br \/>\nDiyor ki \u201cinsan kendisiyle bar\u0131\u015f\u0131k olmal\u0131, \u00e7ok fazla sorup sorgulamamal\u0131\u201d<br \/>\nYapma ya G\u00d6T KILI\u2026<br \/>\n\u0130nsan sorup sorgulamasayd\u0131 bug\u00fcn hala ma\u011faralarda ya\u015far olurdu\u2026<br \/>\nSoracaks\u0131n\u2026<br \/>\nSorgulayacaks\u0131n, y\u0131k\u0131c\u0131 olmadan kiii\u2026<br \/>\nGerekliyse bu bile\u2026<br \/>\nDo\u011fruyu, g\u00fczeli bir daha ileriyi bulas\u0131n\u2026<br \/>\nMetropol FM\u2019e m\u00fclakat veren Say\u0131n Merkel\u2026<br \/>\nKi siyaset\u00e7i dili\u2026<br \/>\nKomplo kuramlar\u0131na pirim vermeyin diyor, do\u011fru\u2026<br \/>\nVe ekliyor \u201cbu bir vir\u00fcs, tehlikeli\u201d<br \/>\nBuna kim itiraz ediyor ki?<\/p>\n<p>Ya d\u00fcnya sa\u011fl\u0131k \u00f6rg\u00fct\u00fc bile \u00f6neriyor\u2026<br \/>\nG\u00f6n\u00fcll\u00fcl\u00fck esas\u0131\u2026<br \/>\nMant\u0131k s\u00fczgeci, ya YAZAMADIKLARIMI\u2026<br \/>\nDilendiremediklerimi ne etmeli???<\/p>\n<p>Almanya\u2019da Querdenker hareketi\u2026<br \/>\nD\u00fcn haberi yap\u0131ld\u0131\u2026<br \/>\nAra\u015ft\u0131rm\u0131\u015f bir \u00fcniversite, sormu\u015f\u2026<br \/>\nSorgulam\u0131\u015f, bu harekete dahil olanlar\u0131n \u00e7o\u011funluk akademisyenlermi\u015f\u2026<br \/>\nHani \u201cayd\u0131n\u201d diyoruz ya topluma \u00f6rnek olmas\u0131 gerekenler\u2026<br \/>\nNEDEN isyanda\u2026<br \/>\nINAN d\u00fc\u015f\u00fcnen \u201cinsandan korkma!\u201d<\/p>\n<p>Korkman gerekenler s\u0131\u011f\u0131rlar, biat edenler\u2026<br \/>\nSessiz \u015feytanlar\u2026<br \/>\nBana dokunmayan y\u0131lan bin ya\u015fas\u0131n diyenler\u2026<br \/>\nHer \u015feye eyvallah \u00e7ekenler.<\/p>\n","protected":false},"excerpt":{"rendered":"<p>D\u00fcn verdim galiba haberini, bu sabah TAM GAZ devam ediyorlar\u2026 Cem\u2019in yerine ge\u00e7en O HERIF\u2026 Geliyor haberler, ger\u00e7ek veriler kula\u011f\u0131ma. Neredeyse en yetkili yerden diyesim var\u2026 Amerika ba\u015fta olmak \u00fczere Y\u00d6NETEMIYORLARMI\u015e Korona meselesini\u2026 Ama onlar \u201cola\u011fan\u00fcst\u00fc ba\u015far\u0131l\u0131\u201d Bunu demek istiyorlar haberi sunu\u015f \u015feklileriyle\u2026 Kanunlar\u2026 At torbaya ge\u00e7ir \u201cmeclisten\u201d Lokantalar vesaire al\u0131\u015fveri\u015f merkezleri, paketle\u2026 Motorlu kuryeler\u2026 &hellip; <\/p>\n<p class=\"link-more\"><a href=\"http:\/\/wordpress.gurbuz.net\/?p=57910\" class=\"more-link\"><span class=\"screen-reader-text\">\u201eTORBA ve VEYA paket meselesi\u201c<\/span> weiterlesen<\/a><\/p>\n","protected":false},"author":1,"featured_media":0,"comment_status":"open","ping_status":"open","sticky":false,"template":"","format":"standard","meta":[],"categories":[1],"tags":[],"_links":{"self":[{"href":"http:\/\/wordpress.gurbuz.net\/index.php?rest_route=\/wp\/v2\/posts\/57910"}],"collection":[{"href":"http:\/\/wordpress.gurbuz.net\/index.php?rest_route=\/wp\/v2\/posts"}],"about":[{"href":"http:\/\/wordpress.gurbuz.net\/index.php?rest_route=\/wp\/v2\/types\/post"}],"author":[{"embeddable":true,"href":"http:\/\/wordpress.gurbuz.net\/index.php?rest_route=\/wp\/v2\/users\/1"}],"replies":[{"embeddable":true,"href":"http:\/\/wordpress.gurbuz.net\/index.php?rest_route=%2Fwp%2Fv2%2Fcomments&post=57910"}],"version-history":[{"count":6,"href":"http:\/\/wordpress.gurbuz.net\/index.php?rest_route=\/wp\/v2\/posts\/57910\/revisions"}],"predecessor-version":[{"id":57916,"href":"http:\/\/wordpress.gurbuz.net\/index.php?rest_route=\/wp\/v2\/posts\/57910\/revisions\/57916"}],"wp:attachment":[{"href":"http:\/\/wordpress.gurbuz.net\/index.php?rest_route=%2Fwp%2Fv2%2Fmedia&parent=57910"}],"wp:term":[{"taxonomy":"category","embeddable":true,"href":"http:\/\/wordpress.gurbuz.net\/index.php?rest_route=%2Fwp%2Fv2%2Fcategories&post=57910"},{"taxonomy":"post_tag","embeddable":true,"href":"http:\/\/wordpress.gurbuz.net\/index.php?rest_route=%2Fwp%2Fv2%2Ftags&post=57910"}],"curies":[{"name":"wp","href":"https:\/\/api.w.org\/{rel}","templated":true}]}}