{"id":57897,"date":"2020-12-08T06:11:32","date_gmt":"2020-12-08T06:11:32","guid":{"rendered":"http:\/\/wordpress.gurbuz.net\/?p=57897"},"modified":"2020-12-08T06:21:39","modified_gmt":"2020-12-08T06:21:39","slug":"paket-servis-veya-korona-baglaminda-el-hijyenine-neden-oenem-verilir","status":"publish","type":"post","link":"http:\/\/wordpress.gurbuz.net\/?p=57897","title":{"rendered":"Paket servis VEYA Korona ba\u011flam\u0131nda el hijyenine NEDEN \u00d6NEM VERILIR?"},"content":{"rendered":"<p>S.\u00e7ar\u0131m psikologlar\u0131n baca\u011f\u0131na\u2026<br \/>\nOnlar \u201cokulda\u201d \u00f6\u011frendi\u2026<br \/>\nBana\u2026<br \/>\n\u0130nsan denileni, salt psikolojisini de\u011fil sosyolojisini hayat bizzat kendisi \u00f6\u011fretti\u2026<br \/>\nKimler kimler elimden ge\u00e7ip gitti.<\/p>\n<p>\u00c7ocuk ya\u015f\u0131mdan beri kimi konular\u0131n i\u00e7eresindeyim\u2026<br \/>\nYar\u0131m y\u00fczy\u0131l\u0131 ge\u00e7ti\u2026<br \/>\nHala\u2026<br \/>\nS\u0131yr\u0131lamad\u0131m, kendimi kurtaramad\u0131m kimi \u015feylerden\u2026<br \/>\nYETER diyemedim.<\/p>\n<p><strong>Sahi unuttum\u2026<br \/>\nBorsadaki d\u00fc\u015f\u00fc\u015flerin bir nedeni ama bence tek nedeni OLAMAZ bu\u2026<br \/>\nBilirki\u015fi demesi \u201ck\u00e2r realizasyonu\u201d<br \/>\nD\u00fcn ak\u015fam\u0131n haberiydi\u2026<br \/>\n&gt;&gt;&gt; Belirsizlik &lt;&lt;&lt;<br \/>\nBelki Korona belki muhtemel bir sava\u015f\u2026<br \/>\nPiyasaLAR huzursuz. Bu sebep \u201ck\u00e2r realizasyonunu\u201d tetiklemi\u015f olabilir!?<\/strong><\/p>\n<p>Sonra g\u00fcn i\u00e7eresinde d\u00fckk\u00e2nda\u2026<\/p>\n","protected":false},"excerpt":{"rendered":"<p>S.\u00e7ar\u0131m psikologlar\u0131n baca\u011f\u0131na\u2026 Onlar \u201cokulda\u201d \u00f6\u011frendi\u2026 Bana\u2026 \u0130nsan denileni, salt psikolojisini de\u011fil sosyolojisini hayat bizzat kendisi \u00f6\u011fretti\u2026 Kimler kimler elimden ge\u00e7ip gitti. \u00c7ocuk ya\u015f\u0131mdan beri kimi konular\u0131n i\u00e7eresindeyim\u2026 Yar\u0131m y\u00fczy\u0131l\u0131 ge\u00e7ti\u2026 Hala\u2026 S\u0131yr\u0131lamad\u0131m, kendimi kurtaramad\u0131m kimi \u015feylerden\u2026 YETER diyemedim. Sahi unuttum\u2026 Borsadaki d\u00fc\u015f\u00fc\u015flerin bir nedeni ama bence tek nedeni OLAMAZ bu\u2026 Bilirki\u015fi demesi \u201ck\u00e2r realizasyonu\u201d &hellip; <\/p>\n<p class=\"link-more\"><a href=\"http:\/\/wordpress.gurbuz.net\/?p=57897\" class=\"more-link\"><span class=\"screen-reader-text\">\u201ePaket servis VEYA Korona ba\u011flam\u0131nda el hijyenine NEDEN \u00d6NEM VERILIR?\u201c<\/span> weiterlesen<\/a><\/p>\n","protected":false},"author":1,"featured_media":0,"comment_status":"open","ping_status":"open","sticky":false,"template":"","format":"standard","meta":[],"categories":[1],"tags":[],"_links":{"self":[{"href":"http:\/\/wordpress.gurbuz.net\/index.php?rest_route=\/wp\/v2\/posts\/57897"}],"collection":[{"href":"http:\/\/wordpress.gurbuz.net\/index.php?rest_route=\/wp\/v2\/posts"}],"about":[{"href":"http:\/\/wordpress.gurbuz.net\/index.php?rest_route=\/wp\/v2\/types\/post"}],"author":[{"embeddable":true,"href":"http:\/\/wordpress.gurbuz.net\/index.php?rest_route=\/wp\/v2\/users\/1"}],"replies":[{"embeddable":true,"href":"http:\/\/wordpress.gurbuz.net\/index.php?rest_route=%2Fwp%2Fv2%2Fcomments&post=57897"}],"version-history":[{"count":4,"href":"http:\/\/wordpress.gurbuz.net\/index.php?rest_route=\/wp\/v2\/posts\/57897\/revisions"}],"predecessor-version":[{"id":57901,"href":"http:\/\/wordpress.gurbuz.net\/index.php?rest_route=\/wp\/v2\/posts\/57897\/revisions\/57901"}],"wp:attachment":[{"href":"http:\/\/wordpress.gurbuz.net\/index.php?rest_route=%2Fwp%2Fv2%2Fmedia&parent=57897"}],"wp:term":[{"taxonomy":"category","embeddable":true,"href":"http:\/\/wordpress.gurbuz.net\/index.php?rest_route=%2Fwp%2Fv2%2Fcategories&post=57897"},{"taxonomy":"post_tag","embeddable":true,"href":"http:\/\/wordpress.gurbuz.net\/index.php?rest_route=%2Fwp%2Fv2%2Ftags&post=57897"}],"curies":[{"name":"wp","href":"https:\/\/api.w.org\/{rel}","templated":true}]}}