{"id":565,"date":"2017-04-20T13:27:42","date_gmt":"2017-04-20T13:27:42","guid":{"rendered":"http:\/\/wordpress.gurbuz.net\/?p=565"},"modified":"2017-04-22T09:21:56","modified_gmt":"2017-04-22T09:21:56","slug":"cok-guezel-yazmis-agzina-saglik-soner-bey-yazan-ellerin-dert-goermesin","status":"publish","type":"post","link":"http:\/\/wordpress.gurbuz.net\/?p=565","title":{"rendered":"\u00c7ok g\u00fczel yazm\u0131\u015f, a\u011fz\u0131na sa\u011fl\u0131k Soner Bey, yazan ellerin dert g\u00f6rmesin"},"content":{"rendered":"<p>Ancak\u2026<br \/>\nAnlamaya beyin laz\u0131m, bilgi laz\u0131m, bilgiden olu\u015fan fikir laz\u0131m\u2026<br \/>\nKoyuna \u00e7oban laz\u0131m, it laz\u0131m bek\u00e7i olarak\u2026<br \/>\nVuracaks\u0131n sopay\u0131 gerisine veya s\u0131rt\u0131na y\u00fcr\u00fcyecek, \u00e7ok gelir, a\u011f\u0131r gelir bu yaz\u0131 koyuna!<\/p>\n<p>ANCAK\u2026<br \/>\n\u00d6yle anla\u015f\u0131l\u0131yor ki AKP se\u00e7meninin hepsi koyun de\u011fil\u2026<br \/>\nY\u00fczde onu kadar HAYIR demi\u015f, karde\u015fiz karde\u015f, karde\u015f karde\u015fi b\u0131\u00e7aklam\u0131\u015f d\u00f6nm\u00fc\u015f kucakla\u015fm\u0131\u015f\u2026<br \/>\nGer\u00e7ekler farkl\u0131l\u0131k arz edebilir ama akl\u0131n, mant\u0131\u011f\u0131n yolu birdir.<\/p>\n<p>&#8212;&#8212;&#8212;&#8212;&#8212;&#8212;<\/p>\n<p>\u201c1-0\u201d yetmez<\/p>\n<p>Cumhurba\u015fkan\u0131 Erdo\u011fan, referandum sonucunu CNN International&#8217;a de\u011ferlendirdi:<br \/>\n\u201c1-0 ya da 5-0 kazanm\u0131\u015fs\u0131n bir \u00f6nemi yok, \u00f6nemli olan ma\u00e7\u0131 kazanmakt\u0131r!\u201d<br \/>\nEvet, bir genel se\u00e7im sonucu i\u00e7in bu de\u011ferlendirme yap\u0131labilir.<br \/>\nEvet, bir yerel se\u00e7im sonucu i\u00e7in bu de\u011ferlendirme yap\u0131labilir.<br \/>\nAma\u2026<br \/>\nAnayasa referandumuyla ilgili b\u00f6yle bir de\u011ferlendirme ger\u00e7ek\u00e7i olmaz!<br \/>\n\u00c7ok basit \u00f6rnek vereyim:<br \/>\nTBMM&#8217;de Meclis ba\u015fkan\u0131 ka\u00e7 oyla se\u00e7ilir:<br \/>\nSon turda bir oy fazla alan aday meclis ba\u015fkan\u0131 olur.<br \/>\nYani, \u201c1-0\u201d yeterlidir!<br \/>\nTBMM&#8217;de yasa\/kanun ka\u00e7 oyla \u00e7\u0131kar:<br \/>\nMilletvekillerinin oy \u00e7oklu\u011fuyla ger\u00e7ekle\u015fir.<br \/>\nYani, \u201c1-0\u201d kafidir!<br \/>\nPeki\u2026 TBMM&#8217;de Anayasa de\u011fi\u015fikli\u011finde ka\u00e7 milletvekili oyu gerekir?<br \/>\nHat\u0131rlay\u0131n\u0131z:<br \/>\nAnayasa de\u011fi\u015fikli\u011fi i\u00e7in AKP milletvekili say\u0131s\u0131 yetmedi. Devlet Bah\u00e7eli ile ittifak yapt\u0131lar.<br \/>\nYine de, iki partinin milletvekili say\u0131s\u0131, Anayasa de\u011fi\u015fikli\u011finin TBMM&#8217;de yap\u0131lmas\u0131na yetmedi\u011finden referanduma gittiler.<br \/>\nEvet, Anayasa de\u011fi\u015fikli\u011fi i\u00e7in Meclis&#8217;in 2\/3 oy \u00e7o\u011funlu\u011fu \u015fart\u0131 var; AKP-MHP 330 milletvekili oyuyla ancak referanduma g\u00f6t\u00fcrebildiler. Anayasa de\u011fi\u015fikli\u011finin Meclis&#8217;te olmas\u0131 i\u00e7in 367 milletvekili oyu gerekliydi.<br \/>\nAnayasa de\u011fi\u015fikli\u011fi i\u00e7in TBMM&#8217;de neden kahir ekseriyet aran\u0131yor?<br \/>\n\u00c7\u00fcnk\u00fc Anayasa\u2026<br \/>\n\u00dclkenin y\u00f6netim bi\u00e7imidir.<br \/>\nB\u00fcy\u00fck uzla\u015f\u0131 gerekir.<br \/>\nAnayasa yapmak ile, yasa\/kanun yapmak aras\u0131ndaki fark vard\u0131r.<br \/>\nBu sebeple\u2026<br \/>\nTBMM&#8217;de gerekli \u00e7o\u011funlu\u011fu bulamad\u0131\u011f\u0131 i\u00e7in istedi\u011fini yapamayan Erdo\u011fan, referandumdan ald\u0131\u011f\u0131 y\u00fczde 51 ile, bu Anayasa de\u011fi\u015fikli\u011fini me\u015frula\u015ft\u0131ramaz.<br \/>\nYani\u2026<br \/>\n\u201c1-0\u201d yetmez; en az \u201c3-0\u201d olmal\u0131d\u0131r!<br \/>\nH\u0130\u00c7 ANLAMADILAR<br \/>\nErdo\u011fan \u201cma\u00e7 skorunu\u201d b\u0131rak\u0131p; kimler taraf\u0131ndan nas\u0131l kand\u0131r\u0131ld\u0131\u011f\u0131na kafa yormal\u0131d\u0131r.<br \/>\nDaha referandum gecesi \u201cy\u00fczde 51\u201din me\u015fruiyeti sorgulanmaya ba\u015fland\u0131.<br \/>\nCNN International, Anayasal me\u015fruiyeti soruyor.<br \/>\nAG\u0130T, Anayasal me\u015fruiyeti sorguluyor.<br \/>\nBat\u0131 medyas\u0131n\u0131n att\u0131\u011f\u0131 man\u015fetlerinden hi\u00e7 bahsetmeyeyim.<br \/>\nG\u00f6rece\u011fiz\u2026 Erdo\u011fan&#8217;\u0131 daha \u00e7ok s\u0131k\u0131\u015ft\u0131racaklar! Bunu Erdo\u011fan&#8217;a kar\u015f\u0131 olduklar\u0131 i\u00e7in yapmayacaklar; 2002&#8217;den beri AKP&#8217;den beklediklerini almak i\u00e7in yapacaklar:<br \/>\n\u00c7ok etnikli par\u00e7alanm\u0131\u015f bir T\u00fcrkiye istiyorlar.<br \/>\nSonraki durak, federalizm\/federasyon olacakt\u0131r.<br \/>\nOyun belli\u2026. S\u00fcre\u00e7 belli\u2026<br \/>\nDemek, AKP&#8217;li arkada\u015flar\u0131 yeteri kadar uyaramad\u0131k.<br \/>\n\u201cY\u00fczde 51\u201d referandum oyunun T\u00fcrkiye&#8217;de b\u00fcy\u00fck kaosa hizmet edece\u011fini yazd\u0131k, dinletemedik.<br \/>\nBu karga\u015fadan Bat\u0131&#8217;n\u0131n yararlanaca\u011f\u0131n\u0131 yazd\u0131k, dikkate al\u0131nmad\u0131k.<br \/>\nArt\u0131k\u2026<br \/>\nSadece Anayasa&#8217;n\u0131n de\u011fil; AKP iktidar\u0131n\u0131n ve Cumhurba\u015fkan\u0131&#8217;n\u0131n me\u015fruiyeti de sorgulanacak.<br \/>\n\u015eimdiden g\u00f6r\u00fcnt\u00fc \u015fu de\u011fil mi:<br \/>\nBa\u015fbakan koltu\u011funda oturan ba\u015fbakan de\u011fil! Topal \u00f6rdek! 3 Kas\u0131m 2019 se\u00e7imine kadar -23 Nisan \u00e7ocuklar\u0131 gibi- sadece koltukta temsili oturacak!<br \/>\nBu tarihe kadar h\u00fck\u00fcmet ne yapacak? H\u00fck\u00fcmet \u015fimdiden kad\u00fck oldu\/eskidi.<br \/>\nBu mudur; 6 ayd\u0131r harcanan \u00fclke enerjisinin sonucu! Heyhat\u2026<br \/>\nAkl\u0131 ba\u015f\u0131nda bir AKP&#8217;li, Anayasa de\u011fi\u015fikli\u011fine\/ referanduma neden ihtiya\u00e7 duyuldu\u011funu a\u00e7\u0131klayabilir mi? Yapamad\u0131klar\u0131n\u0131 referandum s\u00fcrecinde g\u00f6rd\u00fck. \u00d6yle ya\u2026<br \/>\n3 Kas\u0131m 2019&#8217;da Erdo\u011fan&#8217;\u0131n se\u00e7ilip se\u00e7ilmemesi bile garanti de\u011filken, bu de\u011fi\u015fikli\u011fi kim dayatt\u0131? Bah\u00e7eli neden \u201cU\u201d d\u00f6n\u00fc\u015f\u00fc yapt\u0131?<br \/>\nSonu\u00e7ta\u2026 Yat\u0131r\u0131mc\u0131dan t\u00fcketiciye kadar 3 Kas\u0131m 2019&#8217;u bekleyen\/kilitlenen bir T\u00fcrkiye yaratt\u0131lar. Buradan istikrar de\u011fil, karga\u015fa \u00e7\u0131kar!<br \/>\nDemek\u2026 Bunu \u00f6ng\u00f6recek fikri donan\u0131mlar\u0131 yoktu. \u201cErdo\u011fan kand\u0131r\u0131ld\u0131\u201d diye yazd\u0131\u011f\u0131m\u0131 bile hi\u00e7 kavrayamad\u0131lar\u2026<br \/>\nKime inand\u0131lar?<br \/>\nCEM K\u00dc\u00c7\u00dcK VD.<br \/>\n\u00d6zellikle son d\u00f6nemde\u2026<br \/>\nErdo\u011fan ve AKP, formel\/resmi bilgiler yerine, neden enformel\/gayri resmi s\u00f6zlere itibar eder hale geldi?<br \/>\nGer\u00e7eklikten koptular.<br \/>\nBir d\u00f6nem d\u00fc\u015f\u00fcnsel dayanaklar\u0131 liberaller ve FET\u00d6&#8217;n\u00fcn \u201cAlt\u0131n Nesil\u201diydi.<br \/>\nBu ili\u015fkileri kopunca, tek fikir dayanaklar\u0131; \u00fc\u00e7 kuru\u015f i\u00e7in s\u00fcrekli herkese sald\u0131ran, gemlenemez cahil s\u00fcr\u00fcs\u00fc oldu.<br \/>\nBu seviyesiz m\u00fcptezeller iktidardan iltifat g\u00f6rd\u00fck\u00e7e \u015f\u0131mard\u0131. Ama as\u0131l mesele bu  de\u011fildi, tehlikeli olan \u015fuydu:<br \/>\nYeterli donan\u0131mlar\u0131 olmad\u0131\u011f\u0131 i\u00e7in hakikatle ba\u011f kuramay\u0131p, salt dedikoduya dayanarak iktidar\u0131n kafas\u0131n\u0131 kar\u0131\u015ft\u0131rd\u0131lar. \u0130lgiyi-dikkati gereksiz s\u00f6ylentilere \u00e7ekerek, as\u0131l konuyu sapt\u0131rd\u0131lar.<br \/>\nIsrarla \u00fclkeyi, nefret \u00e7ukuruna \u00e7ektiler.<br \/>\nTek ama\u00e7lar\u0131, s\u00fcrekli gerginlik ve kaos \u00e7\u0131karmaktan ibaretti.<br \/>\nPeki ama niye? \u00c7\u00fcnk\u00fc\u2026<br \/>\nFET\u00d6&#8217;n\u00fcn yaratt\u0131\u011f\u0131 \u201cinsan tipi\u201d bunlar!<br \/>\nFET\u00d6 \u00f6\u011fretisiyle\/k\u00fclt\u00fcr\u00fcyle yeti\u015ftiler; bilin\u00e7lerinin temelini\/DNA&#8217;s\u0131n\u0131 buradan edindiler.<br \/>\nBu nedenle -FET\u00d6&#8217;n\u00fcn i\u015fine yarayacak \u015fekilde- sistemli \u00e7al\u0131\u015fmaktad\u0131rlar.<br \/>\nGazetecilikleri sadece maskedir\/ k\u0131l\u0131ft\u0131r!<br \/>\nSol k\u00fclt\u00fcrde bunlara \u201cobjektif ajan\u201d denir.<br \/>\nErdo\u011fan&#8217;\u0131n ve AKP&#8217;nin bir t\u00fcrl\u00fc anlamad\u0131\u011f\u0131 budur!<br \/>\nKu\u015fkusuz, s\u0131n\u0131rs\u0131z methiye ve destek ho\u015flar\u0131na gidiyor. Fakat di\u011fer yanda\u2026<br \/>\nKand\u0131r\u0131lmalar\u0131na bu ak\u0131l d\u0131\u015f\u0131l\u0131klar\u0131n sebep oldu\u011funu g\u00f6rm\u00fcyorlar m\u0131?<br \/>\n\u00c7evrelerinde bir tek \u201cakil insan\u201d kalmamas\u0131n\u0131n\/d\u00fc\u015f\u00fcnsel anlamda yaln\u0131zla\u015fmalar\u0131n\u0131n nedeni de, bu kifayetsiz zorbalar\u0131n sald\u0131rganl\u0131\u011f\u0131 de\u011fil mi?<br \/>\nSahiden\u2026<br \/>\nAKP, k\u00f6r m\u00fc oldu?<br \/>\nTuza\u011fa niye d\u00fc\u015fer?<br \/>\nKafalar\u0131n\u0131 kar\u0131\u015ft\u0131ran bu FET\u00d6 ekol\u00fcne hala nas\u0131l prim verir?<\/p>\n<p>SONER YAL\u00c7IN<br \/>\nhttp:\/\/www.sozcu.com.tr\/2017\/yazarlar\/soner-yalcin\/1-0-yetmez-1805124\/<\/p>\n","protected":false},"excerpt":{"rendered":"<p>Ancak\u2026 Anlamaya beyin laz\u0131m, bilgi laz\u0131m, bilgiden olu\u015fan fikir laz\u0131m\u2026 Koyuna \u00e7oban laz\u0131m, it laz\u0131m bek\u00e7i olarak\u2026 Vuracaks\u0131n sopay\u0131 gerisine veya s\u0131rt\u0131na y\u00fcr\u00fcyecek, \u00e7ok gelir, a\u011f\u0131r gelir bu yaz\u0131 koyuna! ANCAK\u2026 \u00d6yle anla\u015f\u0131l\u0131yor ki AKP se\u00e7meninin hepsi koyun de\u011fil\u2026 Y\u00fczde onu kadar HAYIR demi\u015f, karde\u015fiz karde\u015f, karde\u015f karde\u015fi b\u0131\u00e7aklam\u0131\u015f d\u00f6nm\u00fc\u015f kucakla\u015fm\u0131\u015f\u2026 Ger\u00e7ekler farkl\u0131l\u0131k arz edebilir &hellip; <\/p>\n<p class=\"link-more\"><a href=\"http:\/\/wordpress.gurbuz.net\/?p=565\" class=\"more-link\"><span class=\"screen-reader-text\">\u201e\u00c7ok g\u00fczel yazm\u0131\u015f, a\u011fz\u0131na sa\u011fl\u0131k Soner Bey, yazan ellerin dert g\u00f6rmesin\u201c<\/span> weiterlesen<\/a><\/p>\n","protected":false},"author":1,"featured_media":0,"comment_status":"open","ping_status":"open","sticky":false,"template":"","format":"standard","meta":[],"categories":[1],"tags":[],"_links":{"self":[{"href":"http:\/\/wordpress.gurbuz.net\/index.php?rest_route=\/wp\/v2\/posts\/565"}],"collection":[{"href":"http:\/\/wordpress.gurbuz.net\/index.php?rest_route=\/wp\/v2\/posts"}],"about":[{"href":"http:\/\/wordpress.gurbuz.net\/index.php?rest_route=\/wp\/v2\/types\/post"}],"author":[{"embeddable":true,"href":"http:\/\/wordpress.gurbuz.net\/index.php?rest_route=\/wp\/v2\/users\/1"}],"replies":[{"embeddable":true,"href":"http:\/\/wordpress.gurbuz.net\/index.php?rest_route=%2Fwp%2Fv2%2Fcomments&post=565"}],"version-history":[{"count":1,"href":"http:\/\/wordpress.gurbuz.net\/index.php?rest_route=\/wp\/v2\/posts\/565\/revisions"}],"predecessor-version":[{"id":566,"href":"http:\/\/wordpress.gurbuz.net\/index.php?rest_route=\/wp\/v2\/posts\/565\/revisions\/566"}],"wp:attachment":[{"href":"http:\/\/wordpress.gurbuz.net\/index.php?rest_route=%2Fwp%2Fv2%2Fmedia&parent=565"}],"wp:term":[{"taxonomy":"category","embeddable":true,"href":"http:\/\/wordpress.gurbuz.net\/index.php?rest_route=%2Fwp%2Fv2%2Fcategories&post=565"},{"taxonomy":"post_tag","embeddable":true,"href":"http:\/\/wordpress.gurbuz.net\/index.php?rest_route=%2Fwp%2Fv2%2Ftags&post=565"}],"curies":[{"name":"wp","href":"https:\/\/api.w.org\/{rel}","templated":true}]}}