{"id":54054,"date":"2020-10-16T04:29:48","date_gmt":"2020-10-16T04:29:48","guid":{"rendered":"http:\/\/wordpress.gurbuz.net\/?p=54054"},"modified":"2020-10-16T06:19:09","modified_gmt":"2020-10-16T06:19:09","slug":"leute-seht-euch-mal-die-zahlen-an-der-staat-hat-eine-sogenannte-fuehrsorge-pflicht","status":"publish","type":"post","link":"http:\/\/wordpress.gurbuz.net\/?p=54054","title":{"rendered":"LEUTE, seht euch mal die Zahlen an. Der Staat hat eine sogenannte F\u00fchrsorgepflicht"},"content":{"rendered":"<p>Im \u00dcbrigen auch wir, jeder einzelne von uns\u2026<br \/>\nF\u00fcreinander.<\/p>\n<p>*<\/p>\n<p>Ja<\/p>\n<blockquote class=\"wp-embedded-content\" data-secret=\"cToWmT2k3j\"><p><a href=\"http:\/\/wordpress.gurbuz.net\/?p=31277\">HARIKA, \u00f6rnek olacak \u00e7ok g\u00fczel hukuki bir soru buldum AYNI ZAMANDA diplomatik dile de \u00e7ok g\u00fczel bir \u00f6rnektir. Yani yaz\u0131lm\u0131yor, s\u00f6ylenmiyor AMA sarf edilen kelime ve kurulan c\u00fcmle a\u00e7\u0131s\u0131ndan ANCAK ANLAYANA!!!<\/a><\/p><\/blockquote>\n<p><iframe class=\"wp-embedded-content\" sandbox=\"allow-scripts\" security=\"restricted\" style=\"position: absolute; clip: rect(1px, 1px, 1px, 1px);\" src=\"http:\/\/wordpress.gurbuz.net\/?p=31277&#038;embed=true#?secret=cToWmT2k3j\" data-secret=\"cToWmT2k3j\" width=\"525\" height=\"296\" title=\"&#8222;HARIKA, \u00f6rnek olacak \u00e7ok g\u00fczel hukuki bir soru buldum AYNI ZAMANDA diplomatik dile de \u00e7ok g\u00fczel bir \u00f6rnektir. Yani yaz\u0131lm\u0131yor, s\u00f6ylenmiyor AMA sarf edilen kelime ve kurulan c\u00fcmle a\u00e7\u0131s\u0131ndan ANCAK ANLAYANA!!!&#8220; &#8212; \u00d6nder G\u00fcrb\u00fcz\" frameborder=\"0\" marginwidth=\"0\" marginheight=\"0\" scrolling=\"no\"><\/iframe><\/p>\n<p>Ve her sene Almanya\u2019da senenin kelimesi se\u00e7ilir\u2026<br \/>\nAlooooooooooooooo\u2026<br \/>\nAlmanya\u2019da se\u00e7iliyor dedim, Almanya\u2019da\u2026<br \/>\nSenenin kelimesi\u2026<br \/>\nLOST\u2026<br \/>\n\u0130ngilizce bir kelime, lost = kay\u0131p, kaybetmek demek.<\/p>\n<p>https:\/\/www.tagesschau.de\/inland\/jugendwort-lost-103.html<\/p>\n<p>*<\/p>\n<p><iframe loading=\"lazy\" width=\"525\" height=\"295\" src=\"https:\/\/www.youtube.com\/embed\/3u8DvdIh6d0?feature=oembed\" frameborder=\"0\" allow=\"accelerometer; autoplay; clipboard-write; encrypted-media; gyroscope; picture-in-picture\" allowfullscreen><\/iframe><\/p>\n<p>Ulan IT\u2026<br \/>\nBilmedi\u011fin, h\u00e2kim olmad\u0131\u011f\u0131n konularda ahkam kesme\u2026<br \/>\nG\u00f6rece\u011fiz dolar\u0131, sosyal medyay\u0131 falan\u2026<br \/>\nZAMAN\u2026<br \/>\nG\u00f6sterecek!<\/p>\n<p>Hah d\u00f6rd\u00fcnc\u00fc dakikadan sonra OL ger\u00e7ek\u00e7i!<\/p>\n<p>### &#8212; !!! &#8212; ###<br \/>\n<strong>DIKKAT DIKKAT DIKKAT<\/strong><br \/>\nD\u00fcn\u00fcn haberi, borsa kapan\u0131\u015f\u0131n\u0131n\u2026<br \/>\n&#8211; Alman devlet tahvilleri gittik\u00e7e de\u011fer kazan\u0131yor &#8211;<br \/>\nNIYE?<br \/>\nG\u00fcveni yitirme!<br \/>\n### &#8212; !!! &#8212; ###<\/p>\n<p>Almanya 08:03<br \/>\nDolar 7,8420<br \/>\nBug\u00fcn tarifi m\u00fcmk\u00fcn degil, yan\u0131yor sol taraf\u0131m&#8230;<br \/>\nCay\u0131r cay\u0131r. S\u0131rt\u0131m&#8230;<br \/>\nKa\u00e7\u0131nc\u0131 uyu\u015fturucu, a\u011fr\u0131 kesici, yok \u00e7aresi&#8230;<br \/>\nSonu IBO, T\u00fcrkiye\u2019den getirdi\u011fim krem\u2026<br \/>\nAncak 1, 2 saat.<\/p>\n<p>Hanim diyor\u2026<br \/>\nLekenin \u00fcst\u00fc \u015fi\u015fmi\u015f, g\u00f6rmedim bug\u00fcne kadar b\u00f6yle a\u011fr\u0131\u2026<br \/>\nBeterin beteri var.<\/p>\n<p>Evet\u2026<br \/>\nNormal bir \u00f6l\u00fcm yok bana. Can \u00e7eki\u015fe \u00e7eki\u015fe.<\/p>\n","protected":false},"excerpt":{"rendered":"<p>Im \u00dcbrigen auch wir, jeder einzelne von uns\u2026 F\u00fcreinander. * Ja HARIKA, \u00f6rnek olacak \u00e7ok g\u00fczel hukuki bir soru buldum AYNI ZAMANDA diplomatik dile de \u00e7ok g\u00fczel bir \u00f6rnektir. Yani yaz\u0131lm\u0131yor, s\u00f6ylenmiyor AMA sarf edilen kelime ve kurulan c\u00fcmle a\u00e7\u0131s\u0131ndan ANCAK ANLAYANA!!! Ve her sene Almanya\u2019da senenin kelimesi se\u00e7ilir\u2026 Alooooooooooooooo\u2026 Almanya\u2019da se\u00e7iliyor dedim, Almanya\u2019da\u2026 Senenin &hellip; <\/p>\n<p class=\"link-more\"><a href=\"http:\/\/wordpress.gurbuz.net\/?p=54054\" class=\"more-link\"><span class=\"screen-reader-text\">\u201eLEUTE, seht euch mal die Zahlen an. Der Staat hat eine sogenannte F\u00fchrsorgepflicht\u201c<\/span> weiterlesen<\/a><\/p>\n","protected":false},"author":1,"featured_media":0,"comment_status":"open","ping_status":"open","sticky":false,"template":"","format":"standard","meta":[],"categories":[1],"tags":[],"_links":{"self":[{"href":"http:\/\/wordpress.gurbuz.net\/index.php?rest_route=\/wp\/v2\/posts\/54054"}],"collection":[{"href":"http:\/\/wordpress.gurbuz.net\/index.php?rest_route=\/wp\/v2\/posts"}],"about":[{"href":"http:\/\/wordpress.gurbuz.net\/index.php?rest_route=\/wp\/v2\/types\/post"}],"author":[{"embeddable":true,"href":"http:\/\/wordpress.gurbuz.net\/index.php?rest_route=\/wp\/v2\/users\/1"}],"replies":[{"embeddable":true,"href":"http:\/\/wordpress.gurbuz.net\/index.php?rest_route=%2Fwp%2Fv2%2Fcomments&post=54054"}],"version-history":[{"count":15,"href":"http:\/\/wordpress.gurbuz.net\/index.php?rest_route=\/wp\/v2\/posts\/54054\/revisions"}],"predecessor-version":[{"id":54069,"href":"http:\/\/wordpress.gurbuz.net\/index.php?rest_route=\/wp\/v2\/posts\/54054\/revisions\/54069"}],"wp:attachment":[{"href":"http:\/\/wordpress.gurbuz.net\/index.php?rest_route=%2Fwp%2Fv2%2Fmedia&parent=54054"}],"wp:term":[{"taxonomy":"category","embeddable":true,"href":"http:\/\/wordpress.gurbuz.net\/index.php?rest_route=%2Fwp%2Fv2%2Fcategories&post=54054"},{"taxonomy":"post_tag","embeddable":true,"href":"http:\/\/wordpress.gurbuz.net\/index.php?rest_route=%2Fwp%2Fv2%2Ftags&post=54054"}],"curies":[{"name":"wp","href":"https:\/\/api.w.org\/{rel}","templated":true}]}}