{"id":526,"date":"2017-04-19T07:52:01","date_gmt":"2017-04-19T07:52:01","guid":{"rendered":"http:\/\/wordpress.gurbuz.net\/?p=526"},"modified":"2017-04-19T07:55:54","modified_gmt":"2017-04-19T07:55:54","slug":"absolutus","status":"publish","type":"post","link":"http:\/\/wordpress.gurbuz.net\/?p=526","title":{"rendered":"Absolutus*"},"content":{"rendered":"<p>\u0130yi mi oldu bilmiyorum?<br \/>\nAvrupal\u0131lar uyand\u0131\u2026<br \/>\nKorktular, ger\u00e7ekten korktular\u2026<br \/>\nAlmanya\u2019da \u00f6rne\u011fin oy vermeye giden insanlar\u0131n y\u00fczde altm\u0131\u015f\u0131ndan fazlas\u0131\u2026<br \/>\nHollanda\u2019da mesela oylar\u0131n y\u00fczde yetmi\u015finden fazlas\u0131 EVET\u2019e \u00e7\u0131kt\u0131(!)<\/p>\n<p>\u201cT\u00fcrkler\u201d elli seneyi ge\u00e7kin bir zamand\u0131r Avrupa\u2019da ya\u015f\u0131yorlar\u2026<br \/>\nYok ya\u015fam\u0131yor paraleller, paralel\u2026<br \/>\nAvrupal\u0131lar san\u0131yorlard\u0131 ki bu insanlar bunca zamand\u0131r aram\u0131zda, demokrasiyi tan\u0131d\u0131lar, \u00f6zg\u00fcrl\u00fc\u011f\u00fcn bilincine vard\u0131lar. NEREDEEE?<\/p>\n<p>Bak\u0131n\u2026<br \/>\nKimse s\u00f6zlerimi oraya buraya \u00e7ekmesin\u2026<br \/>\n\u0130\u00e7lerinde insan olan da var, insan evlad\u0131 olanda\u2026<br \/>\nOnlar\u0131 tenzih ederek s\u00f6zlerime devam ederim\u2026<br \/>\nSamimi ve dindar ama kand\u0131r\u0131lm\u0131\u015f, aldat\u0131lm\u0131\u015f insanlar!<\/p>\n<p>Di\u011ferleri\u2026<br \/>\nBir\u00e7o\u011fu t\u00fcrbanl\u0131 orospu, yanlar\u0131nda nik\u00e2hl\u0131 pezevenkleri\u2026<br \/>\nYaras\u0131 olan, s\u00f6z\u00fcm dokunana\u2026<br \/>\nAynen \u00f6yle g\u00f6r\u00fcyorum sizleri, bilgisiz \u2013 bilin\u00e7siz hayvanlar\u2026<br \/>\nAilemden birisinin s\u00f6z\u00fcd\u00fcr\u2026 <\/p>\n<p>\u201cAlmanlar bug\u00fcn ya ba\u015f\u0131ndan t\u00fcrban\u0131 \u00e7\u0131karacaks\u0131n veya siktir olup gidereceksin dese\u2026<br \/>\nDe\u011fil ba\u015flar\u0131ndan t\u00fcrban\u0131 \u00e7\u0131karmak, g\u00f6tlerini ba\u015flar\u0131n\u0131 bile a\u00e7arlar\u201d<\/p>\n<p>Aynen \u00f6yle, yeminle yapmazlarsa gelin y\u00fcz\u00fcme t\u00fck\u00fcr\u00fcn.<br \/>\nMenfaat dincileri, menfaatleri i\u00e7in g\u00f6tlerini bile satar, herifler kar\u0131lar\u0131 sikilirken birde seyir ederler!<br \/>\nA\u011f\u0131r mi geldi, s\u00f6yle yalan m\u0131?<\/p>\n<p>Demokrasi ve nimetleri\u2026<br \/>\nS\u0131n\u0131rlar i\u00e7inde \u00f6zg\u00fcrl\u00fck, toplumsal bir mutabakat, bir anlay\u0131\u015f\u2026<br \/>\nDiktat\u00f6rl\u00fck ki DIKKAT bir\u00e7o\u011funuz bu terimi yanl\u0131\u015f kullanmaktas\u0131n\u0131z\u2026<br \/>\nBir ki\u015finin veya k\u00fc\u00e7\u00fck bir kitlenin \u00fclke y\u00f6netiminde egemen olmas\u0131, hak ve hukukun bu ki\u015fi veya z\u00fcmrenin egemenli\u011fi alt\u0131nda bulunmas\u0131d\u0131r KIIII\u2026<br \/>\nO\u2026<br \/>\nOrospunun d\u00f6l\u00fc, Recep Tayyip Erdo\u011fan\u2026<br \/>\nMutl\u00e2kiyet pe\u015finde\u2026<br \/>\nYani monar\u015fi, T\u00fcrk\u00e7esi saltanat\u2026<br \/>\nVe bu kavram\u0131n diktat\u00f6rl\u00fck ile ilgisi yoktur, ikisinde bask\u0131c\u0131 rejim tek ortak yanlar\u0131\u2026<br \/>\nSaltanat ayriyeten kendinde Haktan gelen, ilahi bir g\u00fc\u00e7 ve devaml\u0131l\u0131k \u00f6ng\u00f6rmektedir, yani babadan o\u011fula veya olmad\u0131 k\u0131za.<\/p>\n<p>Ulan amc\u0131k a\u011f\u0131zl\u0131lar\u2026<br \/>\nSiz demokrasiden, saltanattan, diktat\u00f6rl\u00fckten ne anlars\u0131n\u0131z? Ya\u015f\u0131yorsunuz at g\u00f6t\u00fcnde ya\u015fayan sinek misali Avrupa\u2019da, ekmek elden su g\u00f6lden\u2026<br \/>\nS\u0131k\u0131\u015ft\u0131\u011f\u0131n anda devlet ba\u015f\u0131nda\u2026<br \/>\nGit T\u00fcrkiye\u2019ye, bak bakal\u0131m Tayyipistanda, Recep\u2019in saltanat\u0131 alt\u0131nda\u2026<br \/>\nAnan\u0131n am\u0131na nas\u0131l kar ya\u011f\u0131yor!!!<\/p>\n<p>Yok ya\u2026<br \/>\nAvrupal\u0131lar h\u00e2kli endi\u015felenmekte ve gere\u011fini yapmakta\u2026<br \/>\nYaz\u0131k olan\u2026<br \/>\nKurunun yan\u0131nda ya\u015fta yanacak!<\/p>\n<p>* Latince bir kelime, T\u00fcrk\u00e7esi mutl\u00e2kiyet, Almancas\u0131 absolutismus<\/p>\n","protected":false},"excerpt":{"rendered":"<p>\u0130yi mi oldu bilmiyorum? Avrupal\u0131lar uyand\u0131\u2026 Korktular, ger\u00e7ekten korktular\u2026 Almanya\u2019da \u00f6rne\u011fin oy vermeye giden insanlar\u0131n y\u00fczde altm\u0131\u015f\u0131ndan fazlas\u0131\u2026 Hollanda\u2019da mesela oylar\u0131n y\u00fczde yetmi\u015finden fazlas\u0131 EVET\u2019e \u00e7\u0131kt\u0131(!) \u201cT\u00fcrkler\u201d elli seneyi ge\u00e7kin bir zamand\u0131r Avrupa\u2019da ya\u015f\u0131yorlar\u2026 Yok ya\u015fam\u0131yor paraleller, paralel\u2026 Avrupal\u0131lar san\u0131yorlard\u0131 ki bu insanlar bunca zamand\u0131r aram\u0131zda, demokrasiyi tan\u0131d\u0131lar, \u00f6zg\u00fcrl\u00fc\u011f\u00fcn bilincine vard\u0131lar. NEREDEEE? Bak\u0131n\u2026 Kimse s\u00f6zlerimi &hellip; <\/p>\n<p class=\"link-more\"><a href=\"http:\/\/wordpress.gurbuz.net\/?p=526\" class=\"more-link\"><span class=\"screen-reader-text\">\u201eAbsolutus*\u201c<\/span> weiterlesen<\/a><\/p>\n","protected":false},"author":1,"featured_media":0,"comment_status":"open","ping_status":"open","sticky":false,"template":"","format":"standard","meta":[],"categories":[1],"tags":[],"_links":{"self":[{"href":"http:\/\/wordpress.gurbuz.net\/index.php?rest_route=\/wp\/v2\/posts\/526"}],"collection":[{"href":"http:\/\/wordpress.gurbuz.net\/index.php?rest_route=\/wp\/v2\/posts"}],"about":[{"href":"http:\/\/wordpress.gurbuz.net\/index.php?rest_route=\/wp\/v2\/types\/post"}],"author":[{"embeddable":true,"href":"http:\/\/wordpress.gurbuz.net\/index.php?rest_route=\/wp\/v2\/users\/1"}],"replies":[{"embeddable":true,"href":"http:\/\/wordpress.gurbuz.net\/index.php?rest_route=%2Fwp%2Fv2%2Fcomments&post=526"}],"version-history":[{"count":2,"href":"http:\/\/wordpress.gurbuz.net\/index.php?rest_route=\/wp\/v2\/posts\/526\/revisions"}],"predecessor-version":[{"id":528,"href":"http:\/\/wordpress.gurbuz.net\/index.php?rest_route=\/wp\/v2\/posts\/526\/revisions\/528"}],"wp:attachment":[{"href":"http:\/\/wordpress.gurbuz.net\/index.php?rest_route=%2Fwp%2Fv2%2Fmedia&parent=526"}],"wp:term":[{"taxonomy":"category","embeddable":true,"href":"http:\/\/wordpress.gurbuz.net\/index.php?rest_route=%2Fwp%2Fv2%2Fcategories&post=526"},{"taxonomy":"post_tag","embeddable":true,"href":"http:\/\/wordpress.gurbuz.net\/index.php?rest_route=%2Fwp%2Fv2%2Ftags&post=526"}],"curies":[{"name":"wp","href":"https:\/\/api.w.org\/{rel}","templated":true}]}}