{"id":52286,"date":"2020-09-24T06:38:44","date_gmt":"2020-09-24T06:38:44","guid":{"rendered":"http:\/\/wordpress.gurbuz.net\/?p=52286"},"modified":"2020-09-24T14:52:23","modified_gmt":"2020-09-24T14:52:23","slug":"goeren-goez-kilavuz-istemez-derler","status":"publish","type":"post","link":"http:\/\/wordpress.gurbuz.net\/?p=52286","title":{"rendered":"G\u00f6ren g\u00f6z k\u0131lavuz istemez derler"},"content":{"rendered":"<p>\u00d6NEMLI NOT; sahi sonunda terc\u00fcmesini yapt\u0131lar<br \/>\nYay\u0131nlasam bir faydas\u0131 olur mu?<br \/>\nSANMIYORUM!<\/p>\n<p>Bende terc\u00fcme ederim AMA inan\u2026<br \/>\nBunlar i\u00e7in parma\u011f\u0131n\u0131 k\u0131p\u0131rdatt\u0131\u011f\u0131na bile de\u011fmez\u2026<br \/>\nHala yay\u0131n yap\u0131yorsam\u2026<br \/>\nSADECE\u2026<br \/>\nTarihe not d\u00fc\u015f\u00fcyorum, belki bir iki y\u00fcrek\u2026<br \/>\nO da BELKI<\/p>\n<p>*<\/p>\n<p>Devam edelim g\u00fcn i\u00e7inde kald\u0131\u011f\u0131m\u0131z yerden, d\u00fcnk\u00fc konu\u2026<br \/>\n\u201cTanr\u0131 su\u00e7lu(!)\u201d<\/p>\n<p><img src=\"https:\/\/cdn.blogger.de\/static\/antville\/haarp\/images\/haarpundpolarlichter.jpg\" alt=\"\" \/><\/p>\n<p><strong>30 mins before the 2008 Sichuan earthquake in China<\/strong><br \/>\n<iframe loading=\"lazy\" width=\"525\" height=\"394\" src=\"https:\/\/www.youtube.com\/embed\/KKMTSDzU1Z4?feature=oembed\" frameborder=\"0\" allow=\"accelerometer; autoplay; clipboard-write; encrypted-media; gyroscope; picture-in-picture\" allowfullscreen><\/iframe><\/p>\n<p><strong>10 mins before the 2008 Sichuan earthquake in China<\/strong><br \/>\n<iframe loading=\"lazy\" width=\"525\" height=\"394\" src=\"https:\/\/www.youtube.com\/embed\/hzVamNQzfYA?feature=oembed\" frameborder=\"0\" allow=\"accelerometer; autoplay; clipboard-write; encrypted-media; gyroscope; picture-in-picture\" allowfullscreen><\/iframe><\/p>\n<p>Bilim\u2026<br \/>\nEVET bilim AMA bilim insan\u0131 insanl\u0131k i\u00e7in \u00e7al\u0131\u015fmal\u0131\u2026<br \/>\nCamiyi \u00e7alan k\u0131l\u0131f\u0131n\u0131 haz\u0131rlar, INAN ger\u00e7ek\u2026<br \/>\nDaha ge\u00e7enlerde yay\u0131nlad\u0131, \u00e7ok olmad\u0131 <strong>Neandertal&#8217;i<\/strong><br \/>\nGeneti\u011fini, bilim Neandertaler\u2019i TEKRAR yaratmak istiyor\u2026<br \/>\nGerek\u00e7eleri, tabii YERSEN\u2026<br \/>\nO insanlar\u0131n geneti\u011finden faydalanarak g\u00fcncel hastal\u0131klarla m\u00fccadele etmek\u2026<br \/>\nVay be\u2026<br \/>\nZaten hep gerek\u00e7eler, BAHANELER\u2026<br \/>\n\u0130nsani!<\/p>\n<p>Anlatmad\u0131m mi \u00fcst\u00fc kapal\u0131\u2026<br \/>\nLaboratuvarlar\u0131???<\/p>\n<p>Atom Bombas\u0131\u2026<br \/>\nAsl\u0131nda Almanya \u00fcst\u00fcnde at\u0131lmak \u00fczeri geli\u015ftirilmi\u015fti\u2026<br \/>\nAlmanya teslim oldu, nasip Japon\u2019aym\u0131\u015f\u2026<br \/>\nIsim sorma\u2026<br \/>\nUnuttum, bombay\u0131 geli\u015ftirmede \u00f6nemli rol oynayan bir bilim insan\u0131\u2026<br \/>\nILK PATLAMAYI g\u00f6rd\u00fckten sonra\u2026<br \/>\nG\u00f6revinden istifa ederek SADECE insanl\u0131\u011fa faydal\u0131 olabilecek \u00e7al\u0131\u015fmalara kat\u0131ld\u0131.<\/p>\n<p>INAN\u2026<br \/>\nGeni\u015f \u00e7apta konu ile ilgili, aradaki ba\u011f\u0131 g\u00f6rebilmeli\u2026<br \/>\nVe \u00d6nderin s\u00f6zleri DAHA BITMEDI.<\/p>\n<p>Yok gelmedim, u\u011frad\u0131m sadece\u2026<br \/>\nBir kahve\u2026<br \/>\n&#8230;<br \/>\n&#8230;<br \/>\n&#8230;<br \/>\n<img src=\"http:\/\/www.gurbuz.net\/Turk\/240920.JPG\" alt=\"\" \/><br \/>\n&#8230;<br \/>\n&#8230;<br \/>\n&#8230;<br \/>\n<img src=\"http:\/\/www.gurbuz.net\/Turk\/240920-1.JPG\" alt=\"\" \/><br \/>\n&#8230;<br \/>\n&#8230;<br \/>\n&#8230;<\/p>\n<p>Evet\u2026<br \/>\n3000 kilometre uzunlu\u011fundaki O neyse\u2026<br \/>\n\u00dc\u00e7\u00fcnc\u00fc D\u00fcnya Sava\u015f\u0131na sebebiyet verebilir mi?<br \/>\nNedir O\u2026<br \/>\nAntene benzeyen, 3000 Km uzunlu\u011funda olan?<br \/>\nH.A.A.R.P\u2019in geli\u015ftirilmi\u015f bir modeli mi?<br \/>\n\u201cSava\u015f\u201d \u00e7oktan evrene geni\u015fletildi, uydusu muydusu\u2026<br \/>\nDevlet \u201cgerek\u00e7esi, bahanesi\u201d genelde ter\u00f6r sebebi\u2026<br \/>\nVe VEYA devletin bakiyesi, O bunak o\u011flanc\u0131ya buradan selam eder \u00d6nder\u2026<br \/>\nPlum Island\u2026<br \/>\nNew York\u2019a 150 Km uzakl\u0131kta bir adac\u0131k, Animal Disease Center\u2026<br \/>\nS\u00f6zde hayvan salg\u0131n hastal\u0131klar\u0131 merkezi, kamuflaja bak kamuflaja\u2026<br \/>\nTar\u0131m Bakanl\u0131\u011f\u0131na ait bir kurulu\u015f\u2026<br \/>\nBina 101 ve bu adaya son derece k\u0131s\u0131tl\u0131, \u00e7ok y\u00fcksek g\u00fcvenirlikli giri\u015f \u00e7\u0131k\u0131\u015f izni\u2026<br \/>\nProject Paperclip ile \u00fcnlenmi\u015ftir bu adac\u0131k\u2026<\/p>\n<p><iframe loading=\"lazy\" width=\"525\" height=\"394\" src=\"https:\/\/www.youtube.com\/embed\/OIiz6Zp8wwU?feature=oembed\" frameborder=\"0\" allow=\"accelerometer; autoplay; clipboard-write; encrypted-media; gyroscope; picture-in-picture\" allowfullscreen><\/iframe><\/p>\n<p>1000 kadar Nazi bilim insani 2. D\u00fcnya Sava\u015f\u0131 sonras\u0131 bu adaya getirilmi\u015ftir\u2026<br \/>\nMAKSAT\u2026<br \/>\nSovyetler Birli\u011fi hayvanc\u0131l\u0131\u011f\u0131n\u0131 yerle bir etmekti\u2026<br \/>\nErik Traub sorumlu bilim adam\u0131yd\u0131\u2026<\/p>\n<p>https:\/\/de.wikipedia.org\/wiki\/Erich_Traub<\/p>\n<p>&gt;&gt;&gt; biyolojik silah karde\u015fim biyolojik silahlar &lt;&lt;&lt;<br \/>\nVe Traub\u2019un fikridir, \u201czehirlenmi\u015f\u201d kene fikri\u2026<br \/>\nB\u00f6ylelikle Sovyetlerin havyalar\u0131n\u0131 telef, insanlar\u0131 a\u00e7l\u0131\u011fa mahk\u00fbm edeceklerdi ve bu bilgiler:<\/p>\n<p>&gt;&gt;&gt; Devlet s\u0131rr\u0131 kapsam\u0131nda ANCAK 2004 y\u0131l\u0131nda yay\u0131nlanm\u0131\u015ft\u0131r &lt;&lt;&lt;<\/p>\n<p>Ve anlayan anlayacakt\u0131r, ada Homeland Security&#8217;e ba\u011fland\u0131ktan sonra iyice\u2026<br \/>\n\u0130yice z\u0131vanadan \u00e7\u0131kt\u0131. Akl\u0131ma Mehmet A\u011f\u0131r geldi, ne demi\u015fti?<br \/>\nS\u00f6zlerini tam olarak aktaramayaca\u011f\u0131m ama anlam itibar\u0131yla\u2026<br \/>\n\u201c\u00c7ok sa\u011fc\u0131, tertemiz \u00e7ocuklar\u0131n kan\u0131na girdik, tutuklad\u0131k\u201d<br \/>\nPa\u015fam\u2026<br \/>\nSol g\u00f6z\u00fcne ne ka\u00e7m\u0131\u015ft\u0131?<\/p>\n<p>\u0130ster sa\u011f ister sol, sen san\u0131yorsun vatan millet ad\u0131na\u2026<br \/>\nAMA\u2026<br \/>\n\u0130pler Allah bilir kimin elinde!<br \/>\nNOKTA<\/p>\n<p><strong>Anlatmad\u0131m m\u0131 P2\u2019yi (Propaganda Due\u2019yi) Gladio olarak da bilinir, anlatt\u0131m mi anlatmad\u0131m mi?<\/strong><\/p>\n<p>Ve 1975\u2026<br \/>\nAdaya 30 Kilometre yak\u0131nl\u0131\u011f\u0131nda olan Lyme yerle\u015fkesi, Cennecticut\u2026<br \/>\nLyme hastal\u0131\u011f\u0131\u2026<br \/>\n(Lyme hastal\u0131\u011f\u0131 (&#8222;Laym&#8220; okunur) veya Borreliosis, genelde Ixodes ricinus (sak\u0131rga) t\u00fcr\u00fc kenelerin \u0131s\u0131rmas\u0131 ile insana ge\u00e7en Borrelia burgdorferi adl\u0131 ve benzer bakterinin yol a\u00e7t\u0131\u011f\u0131 bir hastal\u0131kt\u0131r.)<br \/>\nAllah, Allah tesad\u00fcfe bak.<\/p>\n<p>https:\/\/www.rki.de\/DE\/Content\/Infekt\/EpidBull\/Merkblaetter\/Ratgeber_LymeBorreliose.html<\/p>\n<p>YOK, yok sadece Amerikal\u0131lar\u0131 su\u00e7lamayal\u0131m, zan alt\u0131nda b\u0131rakmayal\u0131m\u2026<br \/>\nANLATAMDIM MI\u2026<br \/>\n2. D\u00fcnya Sava\u015f\u0131 son g\u00fcnleri Berlin\u2019e KIM \u00d6NCE ula\u015facak m\u00fccadelesini\u2026<br \/>\nSovyetler mi yoksa Amerikal\u0131lar m\u0131?<br \/>\nNEDENI ar\u015fivlerimde, oku \u00f6\u011fren\u2026<br \/>\nDevlet\u2026<br \/>\nBazen kendi insan\u0131n\u0131 da kobay olarak kullan\u0131r, sonu\u00e7ta &#8222;devletin bekas\u0131&#8220; s\u00f6z konusu olan\u2026<br \/>\nTam tarih ve yer sorma, Sovyetler birli\u011fi\u2026<br \/>\n1950 ile 1960 aras\u0131\u2026<br \/>\nSovyetler askeri bir tatbikat yapt\u0131r\u0131rlar, binlerce gen\u00e7 kat\u0131l\u0131r\u2026<br \/>\nBinlerce\u2026<br \/>\nOlduk\u00e7a yak\u0131nlar\u0131nda bir atom bombas\u0131 patlat\u0131l\u0131r, bu tatbikat\u0131n maksad\u0131\u2026<br \/>\nBu bomban\u0131n insan sa\u011fl\u0131\u011f\u0131 \u00fczerindeki etkileri ara\u015ft\u0131rmakt\u0131\u2026<\/p>\n<p><strong>\u00d6L\u00dcYOR EVLADIN\u2026<br \/>\n\u00d6l\u00fcyor, \u00f6ld\u00fcr\u00fcl\u00fcyor Mehmet\u00e7ik\u2026<br \/>\nNeden \u00f6ld\u00fcklerini, ni\u00e7in biliyor musun?<\/strong><\/p>\n<p>1986\u2026<br \/>\n\u00c7ernobil Facias\u0131\u2026<br \/>\nOn binlerce insan \u00f6d\u00fc, \u00f6ld\u00fcr\u00fcld\u00fc\u2026<br \/>\nBILE BILE\u2026<br \/>\nBiliniyordu atomun etkileri, yolland\u0131 on binlercesi o faciay\u0131 toplamaya\u2026<br \/>\nVe devlet telkin etti \u201c<em><strong>korkacak bir \u015fey yok, gidim. Memleketin bekas\u0131<\/strong><\/em>\u201d<br \/>\nVe insanlar gitti\u2026<br \/>\n\u00d6L\u00dcME!<\/p>\n<p>Veee\u2026<br \/>\nHat\u0131rl\u0131 okuyucular\u0131m ANLANYACAKTIR\u2026<br \/>\n\u00d6nder anlat\u0131yor sanki hik\u00e2ye\u2026<br \/>\n\ud83d\ude42<br \/>\nAMA\u2026<br \/>\nAsl\u0131nda T\u00dcM anlatt\u0131klar\u0131m bir s\u00fcre\u00e7tir, hani yapars\u0131n ya bir bina\u2026<br \/>\nYOK derme \u00e7atma\u2026<br \/>\nTemeli derin kaz\u0131nm\u0131\u015f, ta\u015f \u00fcst\u00fcne ta\u015f koyuyorum, bir \u00f6nceki anlatt\u0131\u011f\u0131m tamamlan\u0131yor b\u00f6yle\u2026<br \/>\nHat\u0131rl\u0131yor musunuz, biliyor musunuz \u00fc\u00e7 k\u00fc\u00e7\u00fck domuzun MASALINI\u2026<br \/>\nHani kurt geldi \u00fcfledi \u00fcfledi\u2026<br \/>\nY\u0131kamad\u0131 evlerini, ta\u015ftan yap\u0131lm\u0131\u015ft\u0131, ta\u015ftan.<\/p>\n<p>http:\/\/www.maerchenstern.de\/maerchen\/die-drei-kleinen-schweinchen.php<\/p>\n<p>Kolay bir \u00f6l\u00fcm sanma atom \u0131\u015f\u0131nlar\u0131 ile gelen tahribat\u2026<br \/>\nV\u00fccudunda\u2026<br \/>\nAc\u0131 dolu, ACI.<\/p>\n<p><strong>Tesad\u00fcfler zinciri\u2026<br \/>\nDAIMA\u2026<br \/>\n\u015e\u00fcphelidir!<\/strong><\/p>\n<p>Laboratuvarlar\u2026<br \/>\nINSAN ve\u2026<br \/>\nPatojenler, bazen kaza bazen isteyerek (\u2026)<br \/>\n(Patojen, hastal\u0131\u011fa neden olan her t\u00fcrl\u00fc organizma ve madde.<br \/>\nBu terim \u00e7o\u011funlukla \u00e7ok h\u00fccreli organizmalar\u0131n i\u015fleyi\u015fini ve h\u00fccre b\u00fct\u00fcnl\u00fc\u011f\u00fcn\u00fc bozan yap\u0131lar i\u00e7in kullan\u0131l\u0131r; ancak bunun yan\u0131nda, tek h\u00fccrelileri etkileyen patojenler de vard\u0131r. Patojen kelimesi, Antik Yunanca\u00b4daki &#8222;pathos&#8220; (ac\u0131) ve &#8222;genesis&#8220; (olu\u015fma) kelimelerinin birle\u015fimidir.\u201d)<\/p>\n<p>Sars-CoV2???<\/p>\n<p>Y\u0131llardan 2002\u2026<br \/>\nPakistanl\u0131 bir atom bilim adam\u0131\u2026<br \/>\nEl-Kaide ba\u011flant\u0131l\u0131, Sultan Bashireddin Mahmoud do\u011frudan Bin-Laden ile yak\u0131ndan ilgili\u2026<br \/>\nBu ada ile ilgili \u00e7ok GIZLI bilgiler ile yakaland\u0131. S\u0131z\u0131nt\u0131 m\u0131\u2026<br \/>\nS\u0131zd\u0131r\u0131ld\u0131 m\u0131?<\/p>\n<p>Kim bilir, kim bilir?<\/p>\n<p><iframe loading=\"lazy\" width=\"525\" height=\"295\" src=\"https:\/\/www.youtube.com\/embed\/s9yj5DZ4-Vo?feature=oembed\" frameborder=\"0\" allow=\"accelerometer; autoplay; clipboard-write; encrypted-media; gyroscope; picture-in-picture\" allowfullscreen><\/iframe><\/p>\n<p>Biraz daha yazarsam, esas konuya gelirsem\u2026<br \/>\nA\u011fz\u0131m\u0131 y\u00fcz\u00fcm\u00fc s.kmekle kalmayacaklar\u2026<br \/>\nYedi s\u00fclale tehlikede!<\/p>\n<p>Abartt\u0131m\u2026<br \/>\nAma\u2026<br \/>\nHo\u015flar\u0131na gitmeyece\u011fi KESIN!<br \/>\n\ud83d\ude41<br \/>\n\u00c7okta \u015feyimdeydi!<\/p>\n<p>Her \u00fclkenin her devletin vard\u0131r denetim mekanizmalar\u0131\u2026<br \/>\n>>> \u00d6rne\u011fin Amerika\u2019da GAO (Goverment Accountability Office)<br \/>\nONLAR UYARDI\u2026<br \/>\nGere\u011fi yap\u0131ld\u0131, ne mi, niye mi\u2026<br \/>\nGe\u00e7\u2026<br \/>\n\u0130nsan demem yetmiyor mu, konumuz ne?<br \/>\nSahi T\u00fcrkiye Cumhuriyeti Devletinin de vard\u0131 bir Say\u0131\u015ftay\u2019\u0131\u2026<br \/>\nNe oldu ona???<\/p>\n<p>Sene 2008\u2026<br \/>\nYine Pakistan\u2019da Affia Siddiqui yakalan\u0131r\u2026<br \/>\n\u00dczerinde adaya y\u00f6nelik sald\u0131r\u0131 notlar\u0131\u2026<br \/>\nDevlet ve onun do\u011frudan kolu, istihbarat her zaman her \u015feyi kendi yapmaz\u2026<br \/>\nVarsa piyasada uygun bir \u015feyler\u2026<br \/>\nKullan\u0131r demedim mi?<\/p>\n<p>3 bin kilometre\u2026<br \/>\n<strong>Space Fence<\/strong>\u2026<\/p>\n<p>https:\/\/www.lockheedmartin.com\/en-us\/products\/space-fence.html<\/p>\n<p>\u0130lgin\u00e7 de\u011fil mi?<br \/>\nPeki bu cihaz\u0131n SADECE bir i\u015flevi mi var???<br \/>\n\u00d6rne\u011fin bir anten hem al\u0131c\u0131 hem verici olam\u0131yor mu?<br \/>\nWireless LAN\u2019i d\u00fc\u015f\u00fcn, hani internete girdi\u011fin\u2026<br \/>\n<ins datetime=\"2020-09-24T14:49:28+00:00\"><strong>Veee\u2026<br \/>\nDENIZLERDE gezer donanma radarlar\u0131, girdimi g\u00f6r\u00fc\u015f alan\u0131na bir tehlike\u2026<br \/>\nHani beka meselesi\u2026<br \/>\nDENIZDEN Y\u00dcKSELIR F\u00dcZE\u2026<br \/>\nAnlayan anlad\u0131 beni.<\/strong><\/ins><\/p>\n<p>Devam edecek&#8230;<\/p>\n<p>####################################<\/p>\n<p>KONUYU DAGITMADAN&#8230;<br \/>\n\ud83d\ude41<\/p>\n<blockquote class=\"wp-embedded-content\" data-secret=\"MWzBNyMzF2\"><p><a href=\"http:\/\/wordpress.gurbuz.net\/?p=47234\">&gt;&gt;&gt; YAPMA Yunanistan, YAPMA! Yanl\u0131\u015fa, yanl\u0131\u015f ile cevap verme! &lt;&lt;&lt;<\/a><\/p><\/blockquote>\n<p><iframe class=\"wp-embedded-content\" sandbox=\"allow-scripts\" security=\"restricted\" style=\"position: absolute; clip: rect(1px, 1px, 1px, 1px);\" src=\"http:\/\/wordpress.gurbuz.net\/?p=47234&#038;embed=true#?secret=MWzBNyMzF2\" data-secret=\"MWzBNyMzF2\" width=\"525\" height=\"296\" title=\"&#8222;&gt;&gt;&gt; YAPMA Yunanistan, YAPMA! Yanl\u0131\u015fa, yanl\u0131\u015f ile cevap verme! &lt;&lt;&lt;&#8220; &#8212; \u00d6nder G\u00fcrb\u00fcz\" frameborder=\"0\" marginwidth=\"0\" marginheight=\"0\" scrolling=\"no\"><\/iframe><\/p>\n<p><strong>D\u00fcn\u2026<br \/>\nO kadar duyguland\u0131m ki\u2026<br \/>\nMUTLAKA IZLEMELISINIZ, MUTLAKA\u2026<br \/>\nAkdeniz konusu kapans\u0131n, uzun s\u00fcrmez\u2026<br \/>\nErmeni meselesi yine hortlayacak\u2026<br \/>\nD\u00fc\u015f\u00fcn\u00fcyor \u00d6nder, ne g\u00fczel olurdu\u2026<br \/>\nGeli\u015f gidi\u015f olsa, gelse Yunanl\u0131 kom\u015fular\u0131m\u0131z bize, biz onlara\u2026<br \/>\nErmeniler, Bulgarlar keza\u2026<br \/>\nNe g\u00fczel olurdu, ortak ge\u00e7mi\u015f hat\u0131r\u0131na!<\/strong><\/p>\n<p>G\u00fcn gelir\u2026<br \/>\nEski defterler kapat\u0131lmal\u0131d\u0131r\u2026<br \/>\nYeni bir defter, yeni tertemiz sayfalar\u2026<br \/>\nA\u00e7\u0131lmal\u0131d\u0131r.<\/p>\n<p><a href=\"https:\/\/www.arte.tv\/de\/videos\/079472-002-A\/re-der-jude-und-sein-dorf\/\" target=\"_blank\" rel=\"noopener noreferrer\">Mutlaka anl\u0131yor musunuz MUTLAKA, Almancan varsa<\/a><\/p>\n<p>&#8212;<br \/>\nSal\u0131 g\u00fcn\u00fc saat onda\u2026<br \/>\nRuhsat\u2026<br \/>\nYa INANIN ismim benim i\u00e7in her \u015feyden \u00f6nemliydi, ger\u00e7ekten \u00e7ok rahatlad\u0131m.<\/p>\n<p>Offf korona\u2026<br \/>\nYa nereden bilebilirdim?<br \/>\nYEMINLE\u2026<br \/>\n\u015eahsi masraflar\u0131m\u0131 olabildi\u011fince k\u0131st\u0131m, kasa\u2026<br \/>\nParam olursa HEP EVIME\u2026<br \/>\nSilah falan d\u00fcnya para, yok YEMINLE ikici el, araba d\u0131\u015f\u0131nda bug\u00fcne kadar sokmad\u0131m eve\u2026<br \/>\nKasa tamam\u2026<br \/>\nKad\u0131lar\u2026<br \/>\nYenisini. Gerekli ama \u015fimdilik ikici el bir tabanca al\u0131r\u0131m kendime, \u00f6lmez kal\u0131rsak\u2026<br \/>\nDurumlar d\u00fczelince istedi\u011fimi. Maksat spor olsun, g\u00f6n\u00fcl ise istedi\u011fini\u2026<br \/>\nBeklesin!<br \/>\n&#8212;<\/p>\n<p><strong>D\u00fcn yazd\u0131\u011f\u0131m, d\u00f6viz ile ilgili\u2026<br \/>\nAlmanya 13:18<br \/>\nSanki tezatt\u0131, baraj, baraj meselesi\u2026<br \/>\nDikkat ediyor musunuz piyasalara\u2026<br \/>\nEkonominin ince yanlar\u0131, anlatmamda \u201canlamazs\u0131n\u201d<br \/>\nD\u00f6vize bak d\u00f6vize\u2026<br \/>\nYARINI BEKLE!<\/strong><\/p>\n<p>####################################<\/p>\n","protected":false},"excerpt":{"rendered":"<p>\u00d6NEMLI NOT; sahi sonunda terc\u00fcmesini yapt\u0131lar Yay\u0131nlasam bir faydas\u0131 olur mu? SANMIYORUM! Bende terc\u00fcme ederim AMA inan\u2026 Bunlar i\u00e7in parma\u011f\u0131n\u0131 k\u0131p\u0131rdatt\u0131\u011f\u0131na bile de\u011fmez\u2026 Hala yay\u0131n yap\u0131yorsam\u2026 SADECE\u2026 Tarihe not d\u00fc\u015f\u00fcyorum, belki bir iki y\u00fcrek\u2026 O da BELKI * Devam edelim g\u00fcn i\u00e7inde kald\u0131\u011f\u0131m\u0131z yerden, d\u00fcnk\u00fc konu\u2026 \u201cTanr\u0131 su\u00e7lu(!)\u201d 30 mins before the 2008 Sichuan earthquake &hellip; <\/p>\n<p class=\"link-more\"><a href=\"http:\/\/wordpress.gurbuz.net\/?p=52286\" class=\"more-link\"><span class=\"screen-reader-text\">\u201eG\u00f6ren g\u00f6z k\u0131lavuz istemez derler\u201c<\/span> weiterlesen<\/a><\/p>\n","protected":false},"author":1,"featured_media":0,"comment_status":"open","ping_status":"open","sticky":false,"template":"","format":"standard","meta":[],"categories":[1],"tags":[],"_links":{"self":[{"href":"http:\/\/wordpress.gurbuz.net\/index.php?rest_route=\/wp\/v2\/posts\/52286"}],"collection":[{"href":"http:\/\/wordpress.gurbuz.net\/index.php?rest_route=\/wp\/v2\/posts"}],"about":[{"href":"http:\/\/wordpress.gurbuz.net\/index.php?rest_route=\/wp\/v2\/types\/post"}],"author":[{"embeddable":true,"href":"http:\/\/wordpress.gurbuz.net\/index.php?rest_route=\/wp\/v2\/users\/1"}],"replies":[{"embeddable":true,"href":"http:\/\/wordpress.gurbuz.net\/index.php?rest_route=%2Fwp%2Fv2%2Fcomments&post=52286"}],"version-history":[{"count":41,"href":"http:\/\/wordpress.gurbuz.net\/index.php?rest_route=\/wp\/v2\/posts\/52286\/revisions"}],"predecessor-version":[{"id":52363,"href":"http:\/\/wordpress.gurbuz.net\/index.php?rest_route=\/wp\/v2\/posts\/52286\/revisions\/52363"}],"wp:attachment":[{"href":"http:\/\/wordpress.gurbuz.net\/index.php?rest_route=%2Fwp%2Fv2%2Fmedia&parent=52286"}],"wp:term":[{"taxonomy":"category","embeddable":true,"href":"http:\/\/wordpress.gurbuz.net\/index.php?rest_route=%2Fwp%2Fv2%2Fcategories&post=52286"},{"taxonomy":"post_tag","embeddable":true,"href":"http:\/\/wordpress.gurbuz.net\/index.php?rest_route=%2Fwp%2Fv2%2Ftags&post=52286"}],"curies":[{"name":"wp","href":"https:\/\/api.w.org\/{rel}","templated":true}]}}