{"id":52276,"date":"2020-09-24T05:17:59","date_gmt":"2020-09-24T05:17:59","guid":{"rendered":"http:\/\/wordpress.gurbuz.net\/?p=52276"},"modified":"2020-09-24T06:30:57","modified_gmt":"2020-09-24T06:30:57","slug":"dogru-yol-yanlis-yoentem-badem-yanlis-ortaokul-liselerden-baslayip-ueniversitelere-cevher-kesfine-daha-cok-daha-yogun-daha-bilimsel-teknofest-evet-ama-taaa-en-dipten-altyapi","status":"publish","type":"post","link":"http:\/\/wordpress.gurbuz.net\/?p=52276","title":{"rendered":"Do\u011fru yol yanl\u0131\u015f y\u00f6ntem badem, yanl\u0131\u015f. Ortaokul, liselerden ba\u015flay\u0131p \u00fcniversitelere, cevher ke\u015ffine. Daha cok, daha yo\u011fun, daha bilimsel. TeknoFest EVET ama taaa en dipten, ALTYAPI"},"content":{"rendered":"<p>&#8222;Die CIA hat mit Zustimmung der US-F\u00fchrung Terroranschl\u00e4ge und Sabotageakte in Venezuela vorbereitet, so der venezolanische Pr\u00e4sident Nicol\u00e1s Maduro. Unterdessen erhob die venezolanische Generalstaatsanwaltschaft Anklage gegen einen der Drahtzieher.<br \/>\nMaduro erkl\u00e4rte, die Terroranschl\u00e4ge und Sabotageakte in Venezuela, die der Anfang September in der Bolivarischen Republik festgenommene US-B\u00fcrger Matthew John Heath vorbereitete, gehen unmittelbar auf den US-Auslandsgeheimdienst Central Intelligence Agency (CIA) zur\u00fcck. Sie seien mit Zustimmung der US-F\u00fchrung geplant worden. Im staatlichen Fernsehen sagte Maduro am Dienstag:<\/p>\n<p>Wie schon bekannt war, benutzt die Regierung von Donald Trump die DEA, um Angriffe gegen Venezuela zu organisieren. Neu an der Sache ist jedoch, dass die US-Beh\u00f6rden der CIA gr\u00fcnes Licht zur Durchf\u00fchrung einer terroristischen Untergrundoperation unmittelbar durch ihre Agenten gegeben haben.&#8220;<\/p>\n<p><strong>Tayyipistandaki testleri d\u00fc\u015f\u00fcn\u00fcn, NEDEN milleti MR\u2019a sokuyorlar?<br \/>\nSokmak ZORUNDA kal\u0131yorlar, birde a\u015f\u0131 geli\u015ftireceklermi\u015f(!)<\/strong><\/p>\n<p>&#8222;Das zu Beginn der sogenannten COVID-19-Pandemie von einer Arbeitsgruppe um den Virologen Christian Drosten entwickelte PCR-Testverfahren steht zunehmend in der Kritik. Es gilt als nicht mehr zeitgem\u00e4\u00df. Dies erkl\u00e4rte unter anderen der US-Epidemiologe Michael Mina von der Harvard University.<br \/>\nK\u00fcrzlich erschien bei der vor allem in der westlichen Hemisph\u00e4re als \u00fcber alle Zweifel erhaben geltenden New York Times (NYT) ein bemerkenswerter Artikel, in dem die Sinnhaftigkeit der auch hierzulande g\u00e4ngigen PCR-Tests untersucht wurde.<\/p>\n<p>Behandelt wurden die Aussagen des renommierten Harvard-Epidemiologen und Immunologen Dr. Michael Mina, der Zweifel daran hegt, dass die um sich greifende Ausweitung der g\u00e4ngigen PCR-Tests in der aktuellen Situation der Corona-Krise noch zielf\u00fchrend ist.<\/p>\n<p>&#8222;Die Standardtests&#8220;, f\u00fchrt die NYT mit Bezug auf Mina aus, &#8222;diagnostizieren eine gro\u00dfe Zahl von Menschen, die m\u00f6glicherweise relativ unbedeutende Mengen des Virus in sich tragen&#8220;.<\/p>\n<p>Die meisten dieser Menschen sind wahrscheinlich nicht ansteckend, und ihre Identifizierung kann zu Engp\u00e4ssen beitragen, die verhindern, dass diejenigen, die ansteckend sind, rechtzeitig gefunden werden&#8220;, hei\u00dft es weiter \u00fcber das weltweit am h\u00e4ufigsten eingesetzte PCR-Testverfahren.<\/p>\n<p>Es z\u00e4hle daher nicht die Quantit\u00e4t der eingesetzten PCR-Tests, sondern vor allem deren Qualit\u00e4t hinsichtlich der tats\u00e4chlichen Aussagekraft.<\/p>\n<p>Ich finde es wirklich unverantwortlich, auf die Erkenntnis zu verzichten, dass es sich um ein Problem der Quantit\u00e4t handelt&#8220;, erl\u00e4utert Mina.<\/p>\n<p>Mina geht es jedoch nicht um eine Reduzierung der entsprechenden Tests, sondern um die Aussagekraft des immer umfangreicher eingesetzten Verfahrens, da dieses lediglich in der Lage sei, eine &#8222;simple Ja- oder Nein-Antwort zu liefern&#8220;. Das sei jedoch nicht mehr &#8222;gut genug&#8220; in der aktuellen Phase der sogenannten Corona-Krise.<\/p>\n<p>Wir haben f\u00fcr alles einen Datentyp verwendet, und dieser basiert lediglich auf Plus oder Minus \u2013 das ist alles. Wir verwenden es f\u00fcr die klinische Diagnostik, f\u00fcr die \u00f6ffentliche Gesundheit, f\u00fcr politische Entscheidungen&#8220;, kritisiert Mina das herk\u00f6mmliche PCR-Testverfahren.&#8220;<\/p>\n<p><strong>Askeri istihbarat girmek zorunda kal\u0131rsa konuya\u2026<br \/>\nDurumun vahametini var\u0131n siz d\u00fc\u015f\u00fcn\u00fcn!<\/strong><\/p>\n<p>&#8222;Die Chefs der deutschen Geheimdienste erkennen offenbar selbst, dass es bisher Defizite in der Zusammenarbeit beim Kampf gegen den Extremismus gegeben hat. Daher soll der Milit\u00e4rische Abschirmdienst enger mit dem Bundesamt f\u00fcr Verfassungsschutz und dem Bundeskriminalamt kooperieren.<br \/>\nUm den rechtsextremen Tendenzen in der Bundeswehr entgegenzuwirken, soll nach Informationen des Spiegels der Milit\u00e4rische Abschirmdienst (MAD) bei der Suche nach Extremisten enger als bisher mit dem Bundesamt f\u00fcr Verfassungsschutz (BfV) und dem Bundeskriminalamt (BKA) kooperieren.<\/p>\n<p>Das Verteidigungsministerium erhofft sich demnach, dass der MAD durch die engere Zusammenarbeit und die gemeinsame Fallbearbeitung mit dem Verfassungsschutz k\u00fcnftig aggressiver und effizienter nach rechtsextremen Soldaten ermittelt. Der MAD habe selbst durch seine milit\u00e4rische Pr\u00e4gung bislang oft zur\u00fcckhaltend und zu langsam agiert, wenn es um rechtsextreme Verdachtsf\u00e4lle ging, so die \u00dcberzeugung im Verteidigungsministerium laut Spiegel.&#8220;<\/p>\n<p>*<\/p>\n<p>Altyap\u0131 m\u00fchendis arkada\u015flar\u0131m\u2026<br \/>\n\u201cY\u00fcksek y\u00fcksek\u201d tepelerde kimi dostlar\u0131m\u2026<br \/>\nO\u2026<br \/>\nMarmaray falan, g\u00f6receksiniz!<\/p>\n<p>*<\/p>\n<p>CNN T\u00fcrkiyeli, O sabah haberleri sunucusu\u2026<br \/>\nAllah\u2019\u0131m bir insan NASIL bu kadar g\u00f6t k\u0131ll\u0131 olabilir?<br \/>\nUV-C<br \/>\nAkl\u0131mdan \u00e7\u0131km\u0131yor, m\u00fc\u015fterilerimize verdi\u011fim en son maske kullan\u0131m talimat\u0131n\u0131 hat\u0131rlat\u0131r\u0131m\u2026<br \/>\nAte\u015f arkada\u015f ate\u015f!<\/p>\n<p><strong>Ve Israil\u2026<br \/>\nYeralt\u0131 garajlar\u0131n\u0131 dispansere d\u00f6n\u00fc\u015ft\u00fcr\u00fcyormu\u015f\u2026<br \/>\n700 ki\u015filik hastanelere.<\/strong><\/p>\n<p><iframe loading=\"lazy\" width=\"525\" height=\"295\" src=\"https:\/\/www.youtube.com\/embed\/OphFtRRLIvg?feature=oembed\" frameborder=\"0\" allow=\"accelerometer; autoplay; clipboard-write; encrypted-media; gyroscope; picture-in-picture\" allowfullscreen><\/iframe><\/p>\n<p>###<br \/>\n<strong>Ve Almanya 08:30<br \/>\nDolar 7,7150<\/strong><br \/>\n###<\/p>\n","protected":false},"excerpt":{"rendered":"<p>&#8222;Die CIA hat mit Zustimmung der US-F\u00fchrung Terroranschl\u00e4ge und Sabotageakte in Venezuela vorbereitet, so der venezolanische Pr\u00e4sident Nicol\u00e1s Maduro. Unterdessen erhob die venezolanische Generalstaatsanwaltschaft Anklage gegen einen der Drahtzieher. Maduro erkl\u00e4rte, die Terroranschl\u00e4ge und Sabotageakte in Venezuela, die der Anfang September in der Bolivarischen Republik festgenommene US-B\u00fcrger Matthew John Heath vorbereitete, gehen unmittelbar auf den &hellip; <\/p>\n<p class=\"link-more\"><a href=\"http:\/\/wordpress.gurbuz.net\/?p=52276\" class=\"more-link\"><span class=\"screen-reader-text\">\u201eDo\u011fru yol yanl\u0131\u015f y\u00f6ntem badem, yanl\u0131\u015f. Ortaokul, liselerden ba\u015flay\u0131p \u00fcniversitelere, cevher ke\u015ffine. Daha cok, daha yo\u011fun, daha bilimsel. TeknoFest EVET ama taaa en dipten, ALTYAPI\u201c<\/span> weiterlesen<\/a><\/p>\n","protected":false},"author":1,"featured_media":0,"comment_status":"open","ping_status":"open","sticky":false,"template":"","format":"standard","meta":[],"categories":[1],"tags":[],"_links":{"self":[{"href":"http:\/\/wordpress.gurbuz.net\/index.php?rest_route=\/wp\/v2\/posts\/52276"}],"collection":[{"href":"http:\/\/wordpress.gurbuz.net\/index.php?rest_route=\/wp\/v2\/posts"}],"about":[{"href":"http:\/\/wordpress.gurbuz.net\/index.php?rest_route=\/wp\/v2\/types\/post"}],"author":[{"embeddable":true,"href":"http:\/\/wordpress.gurbuz.net\/index.php?rest_route=\/wp\/v2\/users\/1"}],"replies":[{"embeddable":true,"href":"http:\/\/wordpress.gurbuz.net\/index.php?rest_route=%2Fwp%2Fv2%2Fcomments&post=52276"}],"version-history":[{"count":9,"href":"http:\/\/wordpress.gurbuz.net\/index.php?rest_route=\/wp\/v2\/posts\/52276\/revisions"}],"predecessor-version":[{"id":52285,"href":"http:\/\/wordpress.gurbuz.net\/index.php?rest_route=\/wp\/v2\/posts\/52276\/revisions\/52285"}],"wp:attachment":[{"href":"http:\/\/wordpress.gurbuz.net\/index.php?rest_route=%2Fwp%2Fv2%2Fmedia&parent=52276"}],"wp:term":[{"taxonomy":"category","embeddable":true,"href":"http:\/\/wordpress.gurbuz.net\/index.php?rest_route=%2Fwp%2Fv2%2Fcategories&post=52276"},{"taxonomy":"post_tag","embeddable":true,"href":"http:\/\/wordpress.gurbuz.net\/index.php?rest_route=%2Fwp%2Fv2%2Ftags&post=52276"}],"curies":[{"name":"wp","href":"https:\/\/api.w.org\/{rel}","templated":true}]}}