{"id":51077,"date":"2020-09-10T13:17:47","date_gmt":"2020-09-10T13:17:47","guid":{"rendered":"http:\/\/wordpress.gurbuz.net\/?p=51077"},"modified":"2020-09-10T17:31:17","modified_gmt":"2020-09-10T17:31:17","slug":"almanya-1517-euro-88772","status":"publish","type":"post","link":"http:\/\/wordpress.gurbuz.net\/?p=51077","title":{"rendered":"Almanya 15:17 Euro 8,8772"},"content":{"rendered":"<p>Sa\u011fl\u0131k kaz\u0131klayan\u0131n a\u00e7\u0131klamas\u0131:<br \/>\n\u201cHasta say\u0131s\u0131 iki kat\u0131na \u00e7\u0131kt\u0131\u201d<br \/>\nULAN PEZEVENK, orospunun cocugu\u2026<br \/>\nHani \u201cHi\u00e7bir vir\u00fcs bizim tedbirlerimizden daha g\u00fc\u00e7l\u00fc de\u011fildir\u201d demi\u015ftin?<\/p>\n<p><iframe loading=\"lazy\" frameborder=\"0\" width=\"525\" height=\"295\" src=\"https:\/\/www.dailymotion.com\/embed\/video\/x7smwgj\" allowfullscreen allow=\"autoplay\"><\/iframe><\/p>\n<p><strong>Amc\u0131k a\u011f\u0131zl\u0131!<\/strong><\/p>\n<p>*<\/p>\n<p>Yazm\u0131\u015ft\u0131m galiba, sebepsiz ter\u2026<\/p>\n<p><a href=\"https:\/\/www.google.de\/search?ei=0TpaX4mMINKXkwXbi5-QCA&amp;q=stirnschwei%C3%9F+ohne+grund+%2Bherzinfakt&amp;oq=stirnschwei%C3%9F+ohne+grund+%2Bherzinfakt&amp;gs_lcp=CgZwc3ktYWIQAzoECAAQRzoECAAQHjoGCAAQBRAeOgUIIRCgAToGCAAQFhAeUJoMWIpFYOtHaABwAXgAgAG-AYgBlQySAQQyMi4xmAEAoAEBqgEHZ3dzLXdpesABAQ&amp;sclient=psy-ab&amp;ved=0ahUKEwjJuP7f6N7rAhXSy6QKHdvFB4IQ4dUDCA0&amp;uact=5\" target=\"_blank\" rel=\"noopener noreferrer\">alnimda ter, geceleri saclarim&#8230; Sanki dustan ciktim<\/a><\/p>\n<p>D\u00fcn\u2026<br \/>\nO ge\u00e7irdi\u011fim neyin nesiydi?<br \/>\nBende olan \u015feker hastal\u0131\u011f\u0131 tipi\u2026<br \/>\nGeeel\u2026<br \/>\nGeeel, gel \u0131\u015f\u0131\u011fa do\u011fru gel\u2026<br \/>\nGeeel\u2026<br \/>\nD\u00fcnyal\u0131\u011f\u0131n\u0131 doldurdunnn, koyacak yer kalmad\u0131\u2026<br \/>\nGeeel Tayyip geeel \u0131\u015f\u0131\u011fa do\u011fru gel\u2026<br \/>\nToplada geeellll\u2026<br \/>\nZebaniler \u00e2lemi seni bekler.<\/p>\n<p>Pardon\u2026<br \/>\nYanl\u0131\u015fl\u0131kla Tayyip yazd\u0131m, \u00d6nder olmal\u0131yd\u0131!<\/p>\n<p>&#x1f60a;<\/p>\n<p>Ailede&#8230;<br \/>\n\u00d6yle osuruk hastal\u0131klar\u0131n\u0131 bilmeyiz\u2026<br \/>\nKalp, kanser ba\u015fl\u0131ca belal\u0131lar\u0131m\u0131z\u2026<br \/>\n&gt;&gt;&gt; Sebepsiz ter &lt;&lt;&lt;<br \/>\nHele bende oldu\u011fu gibi SALT kafada, al\u0131nda\u2026<br \/>\nCIDDIYE ALINMALI\u2026<br \/>\nKalp krizi belirtisi olabilir, ben s\u00f6ylemi\u015f olay\u0131m da\u2026<br \/>\nGerisini herkes kendisi bilir.<\/p>\n<p>Ben mi?<br \/>\n&#x1f60a;<br \/>\nDalga m\u0131 ge\u00e7iyorsunuz benimle?<br \/>\nYa\u015famak isteyen kim???<\/p>\n<p>Ciddiye almad\u0131n\u0131z herhalde \u00f6ncesinde s\u00f6ylediklerimi\u2026<br \/>\nSenelerden beri, uyu\u015fturucu karde\u015fim uyu\u015fturucu\u2026<br \/>\nYETMIYOR \u00e7ok a\u011f\u0131r a\u011fr\u0131 kesiciler\u2026<br \/>\nHaber yok\u2026<br \/>\nIZLIYORLAR\u2026<br \/>\n\u00d6nemli de\u011fil zaten, ISMIM\u2026<br \/>\nLEKESIZ\u2026<br \/>\nElbette eninde sonunda verecekler, zaten verseler bile\u2026<br \/>\nBu durumda birka\u00e7 bin \u00f6zel zevkim i\u00e7in\u2026<br \/>\nBir iyice d\u00fc\u015f\u00fcnmeliyim, maalesef\u2026<br \/>\nTek ba\u015f\u0131ma de\u011filim bu d\u00fcnyada\u2026<br \/>\nAh ke\u015fke\u2026<br \/>\nNerede gece, hangi hatunun koynunda\u2026<br \/>\nOrada sabah!<br \/>\nNOKTA<\/p>\n<p>DE-Berlin\u2026<br \/>\n\u0130lgin\u00e7 de\u011fil mi?<br \/>\nDo\u011frudan Belin, Hessen de\u011fil\u2026<br \/>\nIsrail falan\u2026<br \/>\nKap\u0131n\u0131n \u00f6n\u00fcne kadar, neler var.<\/p>\n<p><strong>Kimsenin tavu\u011funa k\u0131\u015f bile demem\u2026<br \/>\nAya\u011f\u0131ma basmazsan\u2026<\/strong><br \/>\nO adi dinci, Trump ve benzerleri\u2026<br \/>\nMilletin, insanlar\u0131n zek\u00e2s\u0131yla oynayanlar\u2026<br \/>\n\u0130f\u015fa etmeyelim mi rezilliklerini, herkesi aptal yerine koyuyorlar\u2026<br \/>\nHat\u0131rlatmayal\u0131m m\u0131 laflar\u0131n\u0131?<\/p>\n<p>*<\/p>\n<p><strong>Ich bin weder rechts noch links\u2026<br \/>\nIch bin Kemalist\u2026<br \/>\nABER\u2026<br \/>\nNicht so wie es gerne verstanden wird, jedem das seine\u2026<br \/>\nIn Augenh\u00f6he\u2026<br \/>\nLeben UND leben lassen ist meine Devise!<\/strong><\/p>\n<p>&#8222;Recherchen der Redaktionen von &#8222;Report Mainz&#8220; und dem Nachrichtenportal &#8222;Der Westen&#8220; zufolge versuchen Mitglieder der t\u00fcrkischen, rechtsextremen &#8222;Grauen W\u00f6lfe&#8220; in der NRW-Politik Fu\u00df zu fassen. Unter anderem sei auch die CDU M\u00fclheim\/Ruhr betroffen.<br \/>\nAm 13. September dieses Jahres finden in Nordrhein-Westfalen Kommunalwahlen statt \u2013 offenbar unter aktiver Beteiligung der rechtsextremen t\u00fcrkischen Organisation &#8222;Graue W\u00f6lfe&#8220;. Den Recherchen von Report Mainz und dem Nachrichtenportal Der Westen zufolge treten bei den Wahlen auch Kandidaten der vom Bundesverfassungsschutz als gef\u00e4hrlich eingesch\u00e4tzten Organisation an.<\/p>\n<p>Laut Verfassungsschutz sind die &#8222;Grauen W\u00f6lfe&#8220; eine t\u00fcrkische, rechtsextremistische Bewegung, die ein gro\u00dft\u00fcrkisches Reich anstrebt und auch vor Gewalt nicht zur\u00fcckschreckt. Ihr Weltbild versto\u00dfe gegen Grunds\u00e4tze des Grundgesetzes und sie rufe in den sozialen Netzwerken insbesondere gegen Kurden zu Gewalt auf.<\/p>\n<p>Der \u00f6sterreichische Innenminister Karl Nehammer und Integrationsministerin Susanne Raab auf einer Pressekonferenz, 1. Juli 2020.<br \/>\nMehr lesen:\u00d6sterreich: Minister nach Morddrohungen von t\u00fcrkischen Nationalisten unter Polizeischutz<br \/>\nReport Mainz schildert den Fall von Stadtrat Hasan Tuncer aus M\u00fchlheim, der vor einigen Jahren das &#8222;B\u00fcndnis f\u00fcr Bildung&#8220; gegr\u00fcndet hatte und die Vereinigung im Stadtrat vertritt. Als sich ein Vorstand des B\u00fcndnisses als Anh\u00e4nger der &#8222;Grauen W\u00f6lfe&#8220; entpuppt habe, habe man Tuncer zwar damit konfrontiert, doch in der Zwischenzeit habe der Mann hinter ihrem R\u00fccken zahlreiche neue Mitglieder angeworben. Gegen\u00fcber Report Mainz stellt Tuncer fest:<\/p>\n<p>Wir sind unterwandert worden von &#8218;Grauen W\u00f6lfen&#8216;, von Vertretern oder von Entsendeten anscheinend von Moscheegemeinden. Ich bin komplett abgeschnitten von denen, die m\u00f6chten mir keine Informationen geben, antworten auf keine Mail.<\/p>\n<p>Bei dem Mann, der das B\u00fcndnis &#8222;gekapert&#8220; haben soll, handelt es sich laut den Recherchen um Ferit Sent\u00fcrk, den Spitzenkandidaten der Organisation. Er soll sich offen zu der Ideologie der &#8222;Grauen W\u00f6lfe&#8220; bekennen. Report Mainz zitiert ihn mit den Worten:<\/p>\n<p>&#8218;Die Grauen W\u00f6lfe&#8216;, denen ich angeh\u00f6re, passiv, aktiv, auch als Vorstandsmitglied, ich bin da Beisitzer, sind im Durchschnittsalter \u00fcber 50. Die Leute, die dort sitzen, kommen wirklich nur zum Kaffee trinken, freitags zum Beten. Ich steh&#8216; zu denen.<\/p>\n<p>Auch CDU unterwandert?<\/p>\n<p>Sent\u00fcrk streite jedoch ab, das B\u00fcndnis &#8222;unterwandert&#8220; zu haben. Er habe lediglich neue Mitglieder angeworben, dies sei ein demokratischer Vorgang. Report Mainz weist unter Bezugnahme auf den T\u00fcrkeiexperten Burak \u00c7opur darauf hin, dass es sich bei der &#8222;Unterwanderung&#8220; um eine alte Strategie der &#8222;Grauen W\u00f6lfe&#8220; handele.<\/p>\n<p>&#8222;Der Vordenker der &#8218;Grauen W\u00f6lfe&#8216; hat schon vor Jahren dazu aufgerufen, die politischen Parteien in Deutschland zu unterwandern. Und diesem Aufruf sind nat\u00fcrlich viele seiner Anh\u00e4nger gefolgt \u2013 bis heute. Mit dieser Unterwanderungsstrategie versucht die Bewegung, die Interessen der T\u00fcrkei, der t\u00fcrkischen Nation, auch in der deutschen Politik zu vertreten&#8220;, so \u00c7opur gegen\u00fcber Report Mainz.<\/p>\n<p>Mehr lesen:Zwei Tage Unruhen in Wien: Erdo\u011fan-Anh\u00e4nger und Graue W\u00f6lfe machen Jagd auf Linke und Kurden<br \/>\nPikant ist jedoch eine mutma\u00dfliche Verbindung zwischen den &#8222;Grauen W\u00f6lfen&#8220; und der CDU in M\u00fclheim\/Ruhr. Laut den Recherchen soll der Stadtrat der CDU, \u015eevket Avci, den &#8222;Grauen W\u00f6lfen&#8220; nahestehen. Der Politiker, der zuvor jahrelang Integrationsratsvorsitzender war, werde in einem Dossier der Beratungsstelle gegen Rechtsextremismus in NRW erw\u00e4hnt \u2013 er stehe den &#8222;Grauen W\u00f6lfe&#8220; nahe, soll es dort hei\u00dfen.<\/p>\n<p>Den Redaktionen von Report Mainz und Der Westen soll ein Foto vorliegen, das Avci auf einer Veranstaltung einer rechtsextremen Gruppierung aus der T\u00fcrkei zeigt. Im Hintergrund &#8222;gr\u00fc\u00dfe&#8220; das Konterfei eines bei ethnischen Minderheiten ber\u00fcchtigten Neo-Faschisten. Zudem h\u00e4tten weitere Recherchen ergeben, dass es zahlreiche weitere Zusammenk\u00fcnfte mit und bei t\u00fcrkischen Rechtsextremisten und deren Vereinen gegeben habe.<\/p>\n<p>Zudem geh\u00f6re, laut Grundbuchauszug, dem CDU-Politiker das Gel\u00e4nde, auf dem sich die Grauen W\u00f6lfen in Duisburg immer wieder trafen. Dort prange an der Wand ein gro\u00dfes Schild, das auf die &#8222;\u00dclk\u00fcc\u00fc-Bewegung&#8220;, also die &#8222;Grauen W\u00f6lfe&#8220;, hinweise. Avcis Anwalt habe mitgeteilt, dass Avcis Bruder mit der Verwaltung des Grundst\u00fccks betraut sei. Avci selbst habe keine politische N\u00e4he zur &#8222;\u00dclk\u00fcc\u00fc-Bewegung&#8220; \u2013 er lehne sie im Gegenteil ab, so der Bericht weiter. Als langj\u00e4hriger Integrationsratsvorsitzender sei er auf tausenden Veranstaltungen eingeladen gewesen und habe nicht immer Einfluss darauf, wo mit wem er auf Fotos abgebildet werde.<\/p>\n<p>Die CDU Duisburg soll auf Anfragen von Report Mainz und Der Westen bislang nicht reagiert haben. NRW-Parteichef Armin Laschet hatte w\u00e4hrend eines Pressetermins in Sachsen zu der Thematik erkl\u00e4rt: &#8222;&#8218;Graue W\u00f6lfe&#8216; werden aus der CDU ausgeschlossen.&#8220; Doch der &#8222;Fall Avci&#8220; sei der CDU-Parteif\u00fchrung schon l\u00e4nger bekannt. Mitglieder der Gruppierung &#8222;Union der Vielfalt&#8220; h\u00e4tten schon 2016 im Rahmen einer Pr\u00e4sentation auch Avcis mutma\u00dfliche N\u00e4he zu den &#8222;Grauen W\u00f6lfen&#8220; thematisiert. Dies sei jedoch ohne Konsequenzen geblieben, erkl\u00e4rte der damalige Mitinitiator Salim Cakmak in einem Interview mit Report Mainz.<\/p>\n<p>Auch \u00c7opur malt in seinem Interview mit dem Magazin ein d\u00fcsteres Bild. &#8222;Das Ganze hat System. Es gibt solche F\u00e4lle in anderen Parteien auch.&#8220; Problematisch sei das Desinteresse der deutschen Parteien &#8222;an diesen extremistischen Tendenzen in der t\u00fcrkischen Community&#8220;, so \u00c7opur.&#8220;<\/p>\n<p><strong>Sadece utand\u0131r\u0131yorlar, sadece\u2026<br \/>\nDincisi\u2026<br \/>\nG\u00d6T KILLI milliyet\u00e7isi.<\/p>\n<p>Dost yok\u2026<br \/>\n\u00c7eyre\u011fe\u2026<br \/>\n\u201cD\u00fc\u015fman\u201d \u00e7ok.<\/strong><\/p>\n<p><strong>G\u00d6Z\u00dcME SOKUYORLAR\u2026<br \/>\nDE-Berlin\u2019mi\u015f(!)<br \/>\nAya\u011f\u0131n\u0131 denk al\u2026<br \/>\nBilmek ne zamandan beri su\u00e7 oldu?<br \/>\nKimi bilgi neydi???<\/strong><br \/>\n&#x1f60a;<\/p>\n<p>Almanlar\u0131n bir \u00f6zdeyi\u015fi vard\u0131r;<br \/>\n\u201eVertraue NIEMALS einem Bullen und dem R\u00fccken einer Frau\u201c<br \/>\nBurada Bulle polis anlam\u0131nda, yani hi\u00e7bir zaman bir polise ve sana s\u0131rt d\u00f6nen bir kad\u0131na g\u00fcvenme!<\/p>\n<p>BND size bir \u015fey ifade ediyor mu?<br \/>\nBundesNachrichtenDienst; Tayyipistanda MIT ger\u00e7i fark atarlar art\u0131k ama o ba\u015fka bir konu\u2026<br \/>\nPeki\u2026<br \/>\nSecret Service?<\/p>\n<p>Yokkk\u2026<br \/>\nEl fal\u0131 de\u011fil, el yaz\u0131s\u0131\u2026<br \/>\nOfff\u2026<br \/>\nEl yaz\u0131s\u0131 tan\u0131ma, \u015fans\u0131n yok, muazam bir veri bankas\u0131\u2026<br \/>\nTan\u0131ma neredeyse y\u00fczde y\u00fcz, BND \u201cicat etti\u201d Secret Service geli\u015ftirdi\u2026<br \/>\nBir yaz\u0131l\u0131m.<\/p>\n","protected":false},"excerpt":{"rendered":"<p>Sa\u011fl\u0131k kaz\u0131klayan\u0131n a\u00e7\u0131klamas\u0131: \u201cHasta say\u0131s\u0131 iki kat\u0131na \u00e7\u0131kt\u0131\u201d ULAN PEZEVENK, orospunun cocugu\u2026 Hani \u201cHi\u00e7bir vir\u00fcs bizim tedbirlerimizden daha g\u00fc\u00e7l\u00fc de\u011fildir\u201d demi\u015ftin? Amc\u0131k a\u011f\u0131zl\u0131! * Yazm\u0131\u015ft\u0131m galiba, sebepsiz ter\u2026 alnimda ter, geceleri saclarim&#8230; Sanki dustan ciktim D\u00fcn\u2026 O ge\u00e7irdi\u011fim neyin nesiydi? Bende olan \u015feker hastal\u0131\u011f\u0131 tipi\u2026 Geeel\u2026 Geeel, gel \u0131\u015f\u0131\u011fa do\u011fru gel\u2026 Geeel\u2026 D\u00fcnyal\u0131\u011f\u0131n\u0131 doldurdunnn, koyacak &hellip; <\/p>\n<p class=\"link-more\"><a href=\"http:\/\/wordpress.gurbuz.net\/?p=51077\" class=\"more-link\"><span class=\"screen-reader-text\">\u201eAlmanya 15:17 Euro 8,8772\u201c<\/span> weiterlesen<\/a><\/p>\n","protected":false},"author":1,"featured_media":0,"comment_status":"open","ping_status":"open","sticky":false,"template":"","format":"standard","meta":[],"categories":[1],"tags":[],"_links":{"self":[{"href":"http:\/\/wordpress.gurbuz.net\/index.php?rest_route=\/wp\/v2\/posts\/51077"}],"collection":[{"href":"http:\/\/wordpress.gurbuz.net\/index.php?rest_route=\/wp\/v2\/posts"}],"about":[{"href":"http:\/\/wordpress.gurbuz.net\/index.php?rest_route=\/wp\/v2\/types\/post"}],"author":[{"embeddable":true,"href":"http:\/\/wordpress.gurbuz.net\/index.php?rest_route=\/wp\/v2\/users\/1"}],"replies":[{"embeddable":true,"href":"http:\/\/wordpress.gurbuz.net\/index.php?rest_route=%2Fwp%2Fv2%2Fcomments&post=51077"}],"version-history":[{"count":20,"href":"http:\/\/wordpress.gurbuz.net\/index.php?rest_route=\/wp\/v2\/posts\/51077\/revisions"}],"predecessor-version":[{"id":51097,"href":"http:\/\/wordpress.gurbuz.net\/index.php?rest_route=\/wp\/v2\/posts\/51077\/revisions\/51097"}],"wp:attachment":[{"href":"http:\/\/wordpress.gurbuz.net\/index.php?rest_route=%2Fwp%2Fv2%2Fmedia&parent=51077"}],"wp:term":[{"taxonomy":"category","embeddable":true,"href":"http:\/\/wordpress.gurbuz.net\/index.php?rest_route=%2Fwp%2Fv2%2Fcategories&post=51077"},{"taxonomy":"post_tag","embeddable":true,"href":"http:\/\/wordpress.gurbuz.net\/index.php?rest_route=%2Fwp%2Fv2%2Ftags&post=51077"}],"curies":[{"name":"wp","href":"https:\/\/api.w.org\/{rel}","templated":true}]}}