{"id":50899,"date":"2020-09-08T10:47:27","date_gmt":"2020-09-08T10:47:27","guid":{"rendered":"http:\/\/wordpress.gurbuz.net\/?p=50899"},"modified":"2020-09-08T12:44:51","modified_gmt":"2020-09-08T12:44:51","slug":"goetue-kalkan-bana-catiyor-arkadas-bana-catiyor","status":"publish","type":"post","link":"http:\/\/wordpress.gurbuz.net\/?p=50899","title":{"rendered":"G\u00f6t\u00fc kalkan bana \u00e7at\u0131yor arkada\u015f bana \u00e7at\u0131yor"},"content":{"rendered":"<p>Bir m\u00fc\u015fteri, gaipten geliyor sesi\u2026<br \/>\nBir ceket getirmi\u015f, siyah rezil etmi\u015fiz\u2026<br \/>\nTelefon ba\u011flant\u0131s\u0131 \u00e7ok bozuk\u2026<br \/>\nBir kad\u0131n, ya\u015fl\u0131\u2026<br \/>\nA\u00e7t\u0131 a\u011fz\u0131n\u0131 yumdu g\u00f6z\u00fcn\u00fc, \u00f6z\u00fcr diledim\u2026<br \/>\nDedi sizden \u015fik\u00e2yet\u00e7i olaca\u011f\u0131m\u2026<br \/>\nDedim kanunen getirmeniz laz\u0131m, ger\u00e7ekten yasalar b\u00f6yle\u2026<br \/>\nEn az bir, normalinde ikiye kadar d\u00fczetme hakkim var, HAK, kanunen\u2026<br \/>\nSen sus demez mi bana ama \u00e7ok sert \u015fekilde, tepem att\u0131 kapad\u0131m telefonu\u2026<br \/>\nSADECE KAPADIM\u2026<br \/>\nBirka\u00e7 dakika sonra o\u011flu telefonda, hala ba\u011flant\u0131 \u00e7ok k\u00f6t\u00fc\u2026<br \/>\n\u201cAnama hakaret etmi\u015fin, 90 ya\u015f\u0131nda \u2026 GELIYORUM\u201d<br \/>\nYok \u00f6yle bir \u015fey dedim ya y\u00fcz\u00fcne kapad\u0131m telefonu\u2026<br \/>\nOnun terbiyesizliklerini mi dinleyece\u011fim, ka\u00e7 ya\u015f\u0131nda olursa olsun\u2026<br \/>\nGEL DEDIM\u2026<br \/>\nBekliyorum, ne diyeyim!?<\/p>\n<p>KIMSE hat\u0131rlam\u0131yor \u00f6yle bir ceketi, \u00f6yle bir ihtiyari.<\/p>\n<p>Ge\u00e7mi\u015fte \u00e7ok oldu\u2026<br \/>\nInternet\u2026<br \/>\nKa\u00e7 tane d\u00fckk\u00e2n var, bize telefon ediyorlar\u2026<br \/>\nMerakla bekliyorum, gelsin bakal\u0131m\u2026<br \/>\nVallahi billahi, YEMINLE\u2026<br \/>\nBITMIYOR\u2026<br \/>\nManyaklar HEP beni buluyorlar, z\u0131rdeliler.<\/p>\n<p>*<\/p>\n<p>Evet!<\/p>\n<blockquote class=\"wp-embedded-content\" data-secret=\"XmcPTWQHt8\"><p><a href=\"http:\/\/wordpress.gurbuz.net\/?p=46326\">Paral\u0131 asker<\/a><\/p><\/blockquote>\n<p><iframe class=\"wp-embedded-content\" sandbox=\"allow-scripts\" security=\"restricted\" style=\"position: absolute; clip: rect(1px, 1px, 1px, 1px);\" src=\"http:\/\/wordpress.gurbuz.net\/?p=46326&#038;embed=true#?secret=XmcPTWQHt8\" data-secret=\"XmcPTWQHt8\" width=\"525\" height=\"296\" title=\"&#8222;Paral\u0131 asker&#8220; &#8212; \u00d6nder G\u00fcrb\u00fcz\" frameborder=\"0\" marginwidth=\"0\" marginheight=\"0\" scrolling=\"no\"><\/iframe><\/p>\n<p>*<\/p>\n<p>Almanya 13:14<br \/>\nDolar 7,4841<\/p>\n<p>Her m\u00fc\u015fteri geldi\u011finde validenin y\u00fcre\u011fi hopluyormu\u015f\u2026<br \/>\nNeticede\u2026<br \/>\nBir tane yar\u0131m g.t o\u011flu var\u2026<br \/>\n&#x1f60a;<br \/>\nNe gelen ne giden var deminki konu ile ilgili!<\/p>\n<p>*<\/p>\n<p><strong>Ulan \u00e7avu\u015fun o\u011flu, pezevengin yalamas\u0131\u2026<br \/>\nFatih Sultan Mehmet zaman\u0131nda\u2026<br \/>\nM\u00fcze mi vard\u0131, s\u00f6yle ulan g\u00f6t veren d\u0131\u015fi\u015fleri bilmem nesi\u2026<br \/>\nVak\u0131fta \u201cCamii\u2026\u201d diyormu\u015f ne diyecekti ulan ba\u015fka ne diyecekti?<\/strong><\/p>\n<p>*<\/p>\n<p>Emekliyim emekli\u2026<br \/>\nBir hayattan, ebediyen emekli edemedim kendimi!<\/p>\n<p>\u0130nan\u0131n KIMSE y\u0131kamaz beni, yani d\u0131\u015far\u0131dan gelebilecek herhangi bir \u015fey\u2026<br \/>\nAma i\u00e7eriden\u2026<br \/>\nHelal olsun hepinize!<\/p>\n<p>*<\/p>\n<p>\u0130stihbarat\u2026<br \/>\nHEN\u00dcZ T\u00fcrk\u00e7eye terc\u00fcme edilmemi\u015f\u2026<br \/>\nAMA\u2026<br \/>\n\u00d6nderin senelerden beri anlatmaya \u00e7al\u0131\u015ft\u0131\u011f\u0131.<\/p>\n<p>&#8222;<em>Die Ereignisse, die sich seit 2001 im &#8222;erweiterten Nahen Osten&#8220; ereignet haben, folgen einer unerbittlichen Logik. Die aktuelle Frage ist, ob die Zeit f\u00fcr einen neuen Krieg in der T\u00fcrkei oder Saudi-Arabien gekommen ist. Die Antwort h\u00e4ngt insbesondere von der Wiederaufnahme der Feindseligkeiten in Libyen ab. In diesem Zusammenhang muss das von den Pr\u00e4sidenten Erdogan und Putin ausgehandelte Zusatzprotokoll zur L\u00f6sung der Idlib-Krise interpretiert werden.<\/em>&#8220;<br \/>\n&#8230;<br \/>\n&#8230;<br \/>\n&#8230;<\/p>\n<p>\u201c<br \/>\n\u2026<br \/>\n\u2026<br \/>\n\u2026<br \/>\n<em>Die vom US-Krieg betroffenen Gebiete werden einem &#8222;Chaos&#8220; ausgesetzt werden. <\/em><br \/>\n\u2026<br \/>\n\u2026<br \/>\n\u2026<br \/>\n<em>Oberst Ralph Peters, der 2001 die neue Strategie des Pentagons enth\u00fcllt hatte, ver\u00f6ffentlichte 2006 die Ziele der Karte von Admiral Cebrowski. Es zeigte sich, dass nur Israel und Jordanien nicht betroffen sein w\u00fcrden. Alle anderen L\u00e4nder im &#8222;Erweiterten Nahen Osten&#8220; (d. h. von Marokko bis Pakistan) w\u00fcrden schrittweise ihres Staates beraubt werden, und alle wichtigen L\u00e4nder (einschlie\u00dflich Saudi-Arabien und der T\u00fcrkei) w\u00fcrden verschwinden<\/em>.<br \/>\n\u2026<br \/>\n\u2026<br \/>\n\u2026\u201c<\/p>\n<p><strong>BELKI!?<\/strong><\/p>\n<p>Uyarm\u0131\u015ft\u0131m\u2026<br \/>\nHaz\u0131rl\u0131kl\u0131 olun diye\u2026<br \/>\nSON KALE\u2026<br \/>\nGerisini getiremem, zaman\u0131, yeri geldik\u00e7e\u2026<br \/>\n\u00dct\u00fc kapal\u0131\u2026<br \/>\n\u00c7eyrek\u00e7e!<\/p>\n<p>Yand\u0131 g\u00f6t\u00fcm diye a\u011flamay\u0131n sonra\u2026<br \/>\nBac\u0131lar\u0131n\u2026<br \/>\nBacaklar\u0131 el alemin omuzlar\u0131na erdi\u011finde\u2026<br \/>\n\u00d6nder diye\u2026<br \/>\nHayk\u0131rmay\u0131n!<\/p>\n<p>Ben porno izlemem\u2026<br \/>\nYani\u2026<br \/>\n\u0130zlerimde izlemem, ben istihbarat toplar\u0131m\u2026<br \/>\nDe\u011ferlendiririm.<\/p>\n<p>Bu arada;<br \/>\nAlmanya\u2026<br \/>\nFena geliyor oyuna&#8230;<br \/>\nHa Almanya ha T\u00fcrkiye Cumhuriyeti\u2026<br \/>\nGazi Mustafa Kemal Atat\u00fcrk\u2019\u00fcn kurmu\u015f oldu\u011fu, ikisi de benim i\u00e7in\u2026<br \/>\n\u00d6NEMLI!<\/p>\n<p>YASAKLADIM\u2026<br \/>\nKimse ile payla\u015famazs\u0131n, KIMSE ILE\u2026<br \/>\nTabii, tabii ki yay\u0131nlanm\u0131\u015f AMA ne do\u011fru ne yanl\u0131\u015f?<br \/>\nG\u00fcveniyorsan\u0131z \u00d6nder analizine\u2026<br \/>\nAsparagas de\u011fil yani\u2026<br \/>\nBOP\u2026<br \/>\nB\u00fcy\u00fck Ortado\u011fu Projesi\u2026<br \/>\nAl SOK G\u00d6T\u00dcNE Kahpedo\u011fan\u0131!<\/p>\n<p>\u00d6nder\u2026<br \/>\nBir konunun \u00fcst\u00fcnde \u00e7ok duruyorsa\u2026<br \/>\nSay\u0131yorsa Frans\u0131z\u2019\u0131, \u0130ngiliz\u2019i\u2026<br \/>\nMISIRI\u2026<br \/>\nLibya\u2019y\u0131 VAR BIR NEDENI!<\/p>\n<p><img src=\"http:\/\/www.gurbuz.net\/Turk\/080920.JPG\" alt=\"\" \/><br \/>\n<img src=\"http:\/\/www.gurbuz.net\/Turk\/080920-1.JPG\" alt=\"\" \/><\/p>\n","protected":false},"excerpt":{"rendered":"<p>Bir m\u00fc\u015fteri, gaipten geliyor sesi\u2026 Bir ceket getirmi\u015f, siyah rezil etmi\u015fiz\u2026 Telefon ba\u011flant\u0131s\u0131 \u00e7ok bozuk\u2026 Bir kad\u0131n, ya\u015fl\u0131\u2026 A\u00e7t\u0131 a\u011fz\u0131n\u0131 yumdu g\u00f6z\u00fcn\u00fc, \u00f6z\u00fcr diledim\u2026 Dedi sizden \u015fik\u00e2yet\u00e7i olaca\u011f\u0131m\u2026 Dedim kanunen getirmeniz laz\u0131m, ger\u00e7ekten yasalar b\u00f6yle\u2026 En az bir, normalinde ikiye kadar d\u00fczetme hakkim var, HAK, kanunen\u2026 Sen sus demez mi bana ama \u00e7ok sert \u015fekilde, &hellip; <\/p>\n<p class=\"link-more\"><a href=\"http:\/\/wordpress.gurbuz.net\/?p=50899\" class=\"more-link\"><span class=\"screen-reader-text\">\u201eG\u00f6t\u00fc kalkan bana \u00e7at\u0131yor arkada\u015f bana \u00e7at\u0131yor\u201c<\/span> weiterlesen<\/a><\/p>\n","protected":false},"author":1,"featured_media":0,"comment_status":"open","ping_status":"open","sticky":false,"template":"","format":"standard","meta":[],"categories":[1],"tags":[],"_links":{"self":[{"href":"http:\/\/wordpress.gurbuz.net\/index.php?rest_route=\/wp\/v2\/posts\/50899"}],"collection":[{"href":"http:\/\/wordpress.gurbuz.net\/index.php?rest_route=\/wp\/v2\/posts"}],"about":[{"href":"http:\/\/wordpress.gurbuz.net\/index.php?rest_route=\/wp\/v2\/types\/post"}],"author":[{"embeddable":true,"href":"http:\/\/wordpress.gurbuz.net\/index.php?rest_route=\/wp\/v2\/users\/1"}],"replies":[{"embeddable":true,"href":"http:\/\/wordpress.gurbuz.net\/index.php?rest_route=%2Fwp%2Fv2%2Fcomments&post=50899"}],"version-history":[{"count":16,"href":"http:\/\/wordpress.gurbuz.net\/index.php?rest_route=\/wp\/v2\/posts\/50899\/revisions"}],"predecessor-version":[{"id":50915,"href":"http:\/\/wordpress.gurbuz.net\/index.php?rest_route=\/wp\/v2\/posts\/50899\/revisions\/50915"}],"wp:attachment":[{"href":"http:\/\/wordpress.gurbuz.net\/index.php?rest_route=%2Fwp%2Fv2%2Fmedia&parent=50899"}],"wp:term":[{"taxonomy":"category","embeddable":true,"href":"http:\/\/wordpress.gurbuz.net\/index.php?rest_route=%2Fwp%2Fv2%2Fcategories&post=50899"},{"taxonomy":"post_tag","embeddable":true,"href":"http:\/\/wordpress.gurbuz.net\/index.php?rest_route=%2Fwp%2Fv2%2Ftags&post=50899"}],"curies":[{"name":"wp","href":"https:\/\/api.w.org\/{rel}","templated":true}]}}