{"id":50875,"date":"2020-09-08T08:38:43","date_gmt":"2020-09-08T08:38:43","guid":{"rendered":"http:\/\/wordpress.gurbuz.net\/?p=50875"},"modified":"2020-09-08T09:20:14","modified_gmt":"2020-09-08T09:20:14","slug":"ulan-goet-kirik-doekuek-askeri-guecleri-ile-bilmem-ne-sen-neden-libyada-misirdan-korkan-bir-koepek-gibi-kuyrugunu-kisip-geri-cekildin","status":"publish","type":"post","link":"http:\/\/wordpress.gurbuz.net\/?p=50875","title":{"rendered":"Ulan G\u00d6T; \u201ck\u0131r\u0131k d\u00f6k\u00fck askeri g\u00fc\u00e7leri ile\u2026\u201d bilmem ne! SEN neden Libya\u2019da M\u0131s\u0131rdan korkan bir k\u00f6pek gibi kuyru\u011funu k\u0131s\u0131p geri \u00e7ekildin?"},"content":{"rendered":"<p>Palavra&#8230;<br \/>\nPalavra, palavra&#8230;<br \/>\nPezevenk\u2026<br \/>\nA\u00e7\u0131klama yap\u0131yor d\u00fcn\u2026<br \/>\n10 milyon turist gelmi\u015f bu sene\u2026<br \/>\nVay be(!)<\/p>\n<p>Oku\u2026<br \/>\nYETER, anlars\u0131n ger\u00e7ekleri:<\/p>\n<p>https:\/\/www.hurriyet.de\/news_1-quartal-2020-inlaendischer-tourismus-in-der-tuerkei-eingebrochen_143538990.html<\/p>\n<p>https:\/\/www.auswaertiges-amt.de\/de\/aussenpolitik\/laender\/tuerkei-node\/tuerkeisicherheit\/201962<\/p>\n<p>https:\/\/www.adac.de\/news\/urlaub-tuerkei-corona\/<\/p>\n<p>*<\/p>\n<p><a href=\"https:\/\/deutsch.rt.com\/nordamerika\/106398-ich-habe-fuller-von-trump-vucic\/\" rel=\"noopener noreferrer\" target=\"_blank\">\u00d6NEMLI mutlaka okunmal\u0131<\/a><\/p>\n<p><strong>Konu ekonomik ve VEYA siyasiyse\u2026<br \/>\nBAKMAYACAKSIN \u00fclkende denilenlere\u2026<br \/>\nILLE\u2026<br \/>\nSana kim d\u00fc\u015fmansa, bir rakip ONU OKU\u2026<br \/>\nBak \u201ckendi ger\u00e7eklerine\u201d<br \/>\nSana lanse edilenlere, sunulana\u2026<br \/>\nSonra d\u00fc\u015f\u00fcn \u00fcst\u00fcne.<\/strong><\/p>\n<p>*<\/p>\n<p>Ya bunlar vallahi yanda\u015f, yolda\u015f\u2026<br \/>\nRusya a\u00e7\u0131klamas\u0131\u2026<br \/>\nSORUYORUM\u2026<br \/>\nAvrupa\u2019da ka\u00e7 tane Ortodoks \u00fclke var?<\/p>\n<p>Salt bu y\u00fczden, dini g\u00f6r\u00fc\u015f birli\u011fi bile \u201cyeter\u201d<br \/>\nS\u0131rbistan d\u00fcn ald\u0131 a\u011fz\u0131n\u0131n pay\u0131n\u0131\u2026<br \/>\nEskiden\u2026<br \/>\nYugoslavya bir numarayd\u0131, de\u011fi\u015fmeceli&#8230;<br \/>\nSiyaset bu g\u00f6receli, g\u00f6receli\u2026<br \/>\n<strong>AMA\u2026<br \/>\nG\u00fcvenilir bir insan ve VEYA devlet\u2026<br \/>\nD\u00f6nmez s\u00f6z\u00fcnden.<\/strong><\/p>\n<p>S\u00f6z bir&#8230;<br \/>\nER BIR!<\/p>\n<p>Ich war schon immer ein Einzelk\u00e4mpfer\u2026<br \/>\nKann aber auch erfolgreich im Team arbeiten\u2026<br \/>\nWissen ist Macht und nicht zu wissen macht eben doch etwas aus!<br \/>\n&#x1f60a;<\/p>\n<p>*<\/p>\n<p>Bak g\u00f6r\u2026<br \/>\nRus\u2019un, Putin\u2019in intikam\u0131 korkun\u00e7 olacak\u2026<br \/>\nPezevenk\u2026<br \/>\nAp\u0131\u015f\u0131p kalacak!<\/p>\n<p>Ne der Almanlar?<\/p>\n<p>&#8222;<strong>Rache ist ein Gericht das am besten kalt serviert wird<\/strong>&#8220;<\/p>\n<p>\u00d6nder usul\u00fc\u2026<br \/>\nDedim ya yap\u0131lan\u0131 unutmam ve ne zaman intikam alaca\u011f\u0131m belli olmaz!!!<\/p>\n<p>\u0130ntikam(!)<br \/>\nBiraz sert oldu, maksatt\u0131 a\u015ft\u0131\u2026<br \/>\nNe zaman hesap soraca\u011f\u0131m belli olmaz\u2026<br \/>\nEn b\u00fcy\u00fck i\u015fkencelerden biridir\u2026<br \/>\nKorku i\u00e7inde ya\u015famak, ya\u015fatmak!<\/p>\n<p>Kalbimdeysen KORKMA\u2026<br \/>\nAma\u2026<br \/>\nEVET AMA (\u2026)<\/p>\n","protected":false},"excerpt":{"rendered":"<p>Palavra&#8230; Palavra, palavra&#8230; Pezevenk\u2026 A\u00e7\u0131klama yap\u0131yor d\u00fcn\u2026 10 milyon turist gelmi\u015f bu sene\u2026 Vay be(!) Oku\u2026 YETER, anlars\u0131n ger\u00e7ekleri: https:\/\/www.hurriyet.de\/news_1-quartal-2020-inlaendischer-tourismus-in-der-tuerkei-eingebrochen_143538990.html https:\/\/www.auswaertiges-amt.de\/de\/aussenpolitik\/laender\/tuerkei-node\/tuerkeisicherheit\/201962 https:\/\/www.adac.de\/news\/urlaub-tuerkei-corona\/ * \u00d6NEMLI mutlaka okunmal\u0131 Konu ekonomik ve VEYA siyasiyse\u2026 BAKMAYACAKSIN \u00fclkende denilenlere\u2026 ILLE\u2026 Sana kim d\u00fc\u015fmansa, bir rakip ONU OKU\u2026 Bak \u201ckendi ger\u00e7eklerine\u201d Sana lanse edilenlere, sunulana\u2026 Sonra d\u00fc\u015f\u00fcn \u00fcst\u00fcne. * Ya bunlar &hellip; <\/p>\n<p class=\"link-more\"><a href=\"http:\/\/wordpress.gurbuz.net\/?p=50875\" class=\"more-link\"><span class=\"screen-reader-text\">\u201eUlan G\u00d6T; \u201ck\u0131r\u0131k d\u00f6k\u00fck askeri g\u00fc\u00e7leri ile\u2026\u201d bilmem ne! SEN neden Libya\u2019da M\u0131s\u0131rdan korkan bir k\u00f6pek gibi kuyru\u011funu k\u0131s\u0131p geri \u00e7ekildin?\u201c<\/span> weiterlesen<\/a><\/p>\n","protected":false},"author":1,"featured_media":0,"comment_status":"open","ping_status":"open","sticky":false,"template":"","format":"standard","meta":[],"categories":[1],"tags":[],"_links":{"self":[{"href":"http:\/\/wordpress.gurbuz.net\/index.php?rest_route=\/wp\/v2\/posts\/50875"}],"collection":[{"href":"http:\/\/wordpress.gurbuz.net\/index.php?rest_route=\/wp\/v2\/posts"}],"about":[{"href":"http:\/\/wordpress.gurbuz.net\/index.php?rest_route=\/wp\/v2\/types\/post"}],"author":[{"embeddable":true,"href":"http:\/\/wordpress.gurbuz.net\/index.php?rest_route=\/wp\/v2\/users\/1"}],"replies":[{"embeddable":true,"href":"http:\/\/wordpress.gurbuz.net\/index.php?rest_route=%2Fwp%2Fv2%2Fcomments&post=50875"}],"version-history":[{"count":14,"href":"http:\/\/wordpress.gurbuz.net\/index.php?rest_route=\/wp\/v2\/posts\/50875\/revisions"}],"predecessor-version":[{"id":50889,"href":"http:\/\/wordpress.gurbuz.net\/index.php?rest_route=\/wp\/v2\/posts\/50875\/revisions\/50889"}],"wp:attachment":[{"href":"http:\/\/wordpress.gurbuz.net\/index.php?rest_route=%2Fwp%2Fv2%2Fmedia&parent=50875"}],"wp:term":[{"taxonomy":"category","embeddable":true,"href":"http:\/\/wordpress.gurbuz.net\/index.php?rest_route=%2Fwp%2Fv2%2Fcategories&post=50875"},{"taxonomy":"post_tag","embeddable":true,"href":"http:\/\/wordpress.gurbuz.net\/index.php?rest_route=%2Fwp%2Fv2%2Ftags&post=50875"}],"curies":[{"name":"wp","href":"https:\/\/api.w.org\/{rel}","templated":true}]}}