{"id":50851,"date":"2020-09-08T04:05:24","date_gmt":"2020-09-08T04:05:24","guid":{"rendered":"http:\/\/wordpress.gurbuz.net\/?p=50851"},"modified":"2020-09-08T07:15:10","modified_gmt":"2020-09-08T07:15:10","slug":"obruk-ve-temel-icguedue-uezerine","status":"publish","type":"post","link":"http:\/\/wordpress.gurbuz.net\/?p=50851","title":{"rendered":">>> Obruk ve temel i\u00e7g\u00fcd\u00fc \u00fczerine <<<"},"content":{"rendered":"<p>Anlatm\u0131\u015f\u0131md\u0131r\u2026<br \/>\nRabbin rahmeti, bug\u00fcn ya\u011fan bir ya\u011fmur\u2026<br \/>\n15\u2026<br \/>\nTEKRAR on be\u015f sene sonra do\u011fa taraf\u0131ndan kullan\u0131ma sunulur\u2026<br \/>\nDIKKAT\u2026<br \/>\nDemedim senin, benim, insan\u0131n kullan\u0131m\u0131na\u2026<br \/>\nTabiat\u2026<br \/>\nCanl\u0131n\u0131n kullan\u0131m\u0131na sunuyor, haz\u0131r ediyor, filtreliyor\u2026<br \/>\nVe SEN, d\u00fc\u015f\u00fcncesiz HAYVAN insafs\u0131zca kullan\u0131yorsun bunu\u2026<br \/>\nSonrada \u015fa\u015f\u0131r\u0131yorsun bu obruk nereden \u00e7\u0131kt\u0131 diye\u2026<br \/>\nDaha ge\u00e7enlerde yazd\u0131m, \u00e7ok olmad\u0131 DEPREM ba\u011flam\u0131nda\u2026<br \/>\nYer y\u00fczeyinin ta\u015f\u0131yabilece\u011fi bir kapasite var diye\u2026<br \/>\nANLAYANA!<\/p>\n<p>Ve yine KADIN daim\u00ee konum\u2026<br \/>\nNe derim hep?<\/p>\n<p>Bacak a\u00e7mak!<\/p>\n<p>Kad\u0131n\u0131 a\u015fa\u011f\u0131lamak, kad\u0131n\u0131 hor g\u00f6rmek i\u00e7in s\u00f6ylemem, kurmam bu kelimeleri, c\u00fcmleyi\u2026<br \/>\nKADIN \u00e7ok \u00f6nemli\u2026<br \/>\nBir kad\u0131n i\u00e7g\u00fcd\u00fcsel bilir, en aptal\u0131 bile, en \u00e7irkini\u2026<br \/>\nBir \u201cerkek\u201d kar\u015f\u0131s\u0131nda bacak a\u00e7man\u0131n ne demek oldu\u011funu\u2026<br \/>\nRus s\u00f6zc\u00fcs\u00fc\u2026<br \/>\nKendisi bir kad\u0131nken S\u0131rp ba\u015fbakan\u0131na yapt\u0131\u011f\u0131 g\u00f6nderme diplomatik nezakete pek uymasa bile\u2026<br \/>\nBRAVO\u2026<br \/>\nAncak bu kadar g\u00fczel anlat\u0131l\u0131r, b\u00f6ylelerine ancak b\u00f6yle tepki g\u00f6sterilir.<\/p>\n<p>*<\/p>\n<blockquote class=\"wp-embedded-content\" data-secret=\"RhApVrThuW\"><p><a href=\"http:\/\/wordpress.gurbuz.net\/?p=46257\">\u00d6nderin IO&#8217;su*<\/a><\/p><\/blockquote>\n<p><iframe class=\"wp-embedded-content\" sandbox=\"allow-scripts\" security=\"restricted\" style=\"position: absolute; clip: rect(1px, 1px, 1px, 1px);\" src=\"http:\/\/wordpress.gurbuz.net\/?p=46257&#038;embed=true#?secret=RhApVrThuW\" data-secret=\"RhApVrThuW\" width=\"525\" height=\"296\" title=\"&#8222;\u00d6nderin IO&#8217;su*&#8220; &#8212; \u00d6nder G\u00fcrb\u00fcz\" frameborder=\"0\" marginwidth=\"0\" marginheight=\"0\" scrolling=\"no\"><\/iframe><\/p>\n<p>Hayret edilecek bir \u015fey, bir geli\u015fme\u2026<br \/>\nAkl\u0131mdan ge\u00e7ti, sonra d\u00fckk\u00e2nda\u2026<br \/>\nK\u0131sa k\u0131sa. O \u00fcniversiteli gen\u00e7 kiz, K\u00fcrt k\u00f6kenli\u2026<br \/>\nPKK yanl\u0131s\u0131, AKTIF\u2026<br \/>\nSonra, dedi\u011fim gibi k\u0131sa k\u0131sa\u2026<br \/>\nBu ba\u015fl\u0131k alt\u0131nda:<\/p>\n<p>Karl Marx &#8211; Friedrich Engels, Wladimir Iljitsch Lenin\u2019den Josef Wissarionowitsch Stalin\u2019e, Mao\u2018ya<\/p>\n<p>O k\u0131zca\u011f\u0131z akl\u0131mdan \u00e7\u0131km\u0131yor\u2026<br \/>\nBeyni y\u0131kanm\u0131\u015f gencecik zihinler. BILGISIZ\u2026<br \/>\nS\u00f6zde ideoloji AMA bilin\u00e7siz.<\/p>\n<p><img src=\"http:\/\/www.gurbuz.net\/Turk\/big_080920_0700.webp\" alt=\"\" \/><br \/>\n<a href=\"http:\/\/www.gurbuz.net\/Turk\/big_080920_0700.webp\" target=\"_blank\" rel=\"noopener noreferrer\">+<\/a><\/p>\n<p>\u0130nsanl\u0131\u011f\u0131n b\u00fcy\u00fck \u00f6zlemlerinden biridir\u2026<br \/>\nSanayile\u015fme ile birlikte s\u00f6m\u00fcr\u00fc artm\u0131\u015f olsa bile, daha geni\u015f kitlelere yay\u0131lm\u0131\u015f olmakla birlikte\u2026<br \/>\nE\u015fitlik ilkesi bir hasrettir, bir \u00f6zlem\u2026<br \/>\nAncak\u2026<br \/>\nBiliyoruz ki insan var oldu\u011fundan beri e\u015fitler aras\u0131nda daha bir e\u015fit olanlar vard\u0131r.<\/p>\n<p>\u0130nsan karakterinin bir \u00f6zelli\u011fidir bu\u2026<br \/>\nYani\u2026<br \/>\nDo\u011fas\u0131nda yatan bir ger\u00e7e\u011fi insan ink\u00e2r edemeyece\u011fi gibi bu durumu d\u00fczetmesi de m\u00fcmk\u00fcn olamayacakt\u0131r. E\u015fitsizlik hep vard\u0131, var ve var olmaya devam edecektir.<\/p>\n<p>\u00c7ocuklar\u2026<br \/>\nGen\u00e7ler ben, bizler yani sizlerden ya\u015f\u00e7a b\u00fcy\u00fck olanlar sizlerin ya\u015fad\u0131klar\u0131n\u0131 hep ya\u015fad\u0131k\u2026<br \/>\nAma\u2026<br \/>\nSizler bizim ya\u015fad\u0131klar\u0131m\u0131z\u0131, g\u00f6rd\u00fcklerimizi ya\u015famad\u0131n\u0131z hen\u00fcz, bu \u201colgunluk\u201d safhas\u0131na ge\u00e7emediniz\u2026<br \/>\nA\u015fk, me\u015fk\u2026<br \/>\nMaddi manevi s\u0131k\u0131nt\u0131lar\u2026<br \/>\nSevin\u00e7ler, mutluluklar bunlar\u0131n hepsini g\u00f6rd\u00fck ya\u015fad\u0131k\u2026<br \/>\nAma sizler bunlar\u0131 muhtemelen VE yeteri derecede\u2026<br \/>\nDeneyimlemediniz.<\/p>\n<p>Hat\u0131rl\u0131 okuyucular\u0131m bilirler\u2026<br \/>\n\u00d6\u011fretiye\u2026<br \/>\n\u00d6Z \u00f6\u011fretiye verdi\u011fim \u00f6nemi, yani ger\u00e7ek \u00f6\u011fretiye. \u0130lkine\u2026<br \/>\nHani insan insandan beslenir ya birisi bir sav atar ortaya\u2026<br \/>\nBir d\u00fc\u015f\u00fcnceler manzumesi olabilir bu, g\u00fczeldir, kula\u011fa ho\u015f gelir, y\u00fcrekleri \u0131s\u0131tabilir \u00f6rne\u011fin\u2026<br \/>\n\u0130yi ya demedik mi insan insandan beslenir diye, ILLE bir bilmi\u015f \u00e7\u0131kacakt\u0131r ortaya\u2026<br \/>\nBu d\u00fc\u015f\u00fcnceleri, g\u00f6r\u00fc\u015fleri daha da \u201cg\u00fczel\u201d hale getirir(!)<\/p>\n<p>Almanlar buna \u201cverschlimmbessern\u201d derler\u2026<br \/>\nK\u00f6t\u00fcle\u015ftirir yani.<\/p>\n<p>Tavsiye ederim; Das kapital AMA orijinal haliyle okumal\u0131s\u0131n\u0131z, yani Almanca\u2026<br \/>\nZaten genel olarak \u00f6neririm sizlere bir yap\u0131t\u0131 orijinal dile okuman\u0131z\u0131\u2026<br \/>\nKelimeler ve \u00f6nemleri\u2026<br \/>\nTerc\u00fcmeler, insan yan\u0131lg\u0131s\u0131, terc\u00fcme hatas\u0131 vesaire\u2026<br \/>\nNeyse\u2026<br \/>\nKarl Marx ve Friedrich Engels \u201cbir d\u00f6nemin\u201d ciddi yanl\u0131\u015flar\u0131n\u0131 tenkit ederler bu yap\u0131tta\u2026<br \/>\nYani ele\u015ftirirler, yine tavsiye ederim\u2026<br \/>\nEle\u015ftirel olun AMA yap\u0131c\u0131 ele\u015ftiriler olmas\u0131na dikkat edin.<\/p>\n<p>Sanayi Devrimi 4.0\u2026<br \/>\nHEMEN ARDINDAN GELEN\u2026<br \/>\n5.0 d\u00fczeltmesi, kiii inan\u0131n bu kadar b\u00fcy\u00fck bir versiyon de\u011fi\u015fimini hak etmiyor bu \u201cgeli\u015ftirilenler\u201d<br \/>\nHani O \u201choca\u201d ge\u00e7enlerde s\u00f6z etmi\u015fti. Konumuz de\u011fil, bir g\u00fcn elbette ele al\u0131r\u0131m bunu ama \u015fimdi s\u0131ras\u0131 de\u011fil.<\/p>\n<p>Hangisi DAHA K\u00d6T\u00dc\u2026<br \/>\nHangi d\u00fc\u015f\u00fcnceler VE uygulamalar daha insafs\u0131z\u2026<br \/>\nDAHA HAYVANCA\u2026<br \/>\nBilemedim, Maoizm mi yoksa Stalinizm mi?<br \/>\nBILMIYORUM a\u00e7\u0131k\u00e7as\u0131, bilmiyorum.<\/p>\n<p>Her iki \u201cd\u00fc\u015f\u00fcnce ve uygulama akt\u00f6rlerinin\u201d ESAS OLAN, \u00d6Z \u00f6\u011freti ile uzaktan yak\u0131ndan\u2026<br \/>\nBir ilgisi kalmam\u0131\u015f olmas\u0131yla birlikte\u2026<br \/>\n&gt;&gt;&gt; <strong>Her iki \u00fclkede de MILYONLARCA cana mal olmas\u0131 <\/strong>&lt;&lt;&lt;<br \/>\nAyr\u0131ca KAYDA de\u011fer bir ger\u00e7ek olarak kar\u015f\u0131m\u0131za \u00e7\u0131kmaktad\u0131r.<\/p>\n<p>\u00c7ok anlatm\u0131\u015f\u0131md\u0131r PKK\u2019yi\u2026<br \/>\nKurulu\u015f felsefesini, EVRIMINI\u2026<br \/>\nSonunda\u2026<br \/>\nBir ma\u015fa olmakla birlikte Stalinizme \u00e7ak\u0131lmas\u0131n\u0131!<\/p>\n<p>Bak\u0131n\u2026<br \/>\nBu sabah haberlerde iki manzara\u2026<br \/>\nHong Kong\u2019da 12 ya\u015f\u0131nda bir \u00e7ocu\u011fun, bir k\u0131z \u00e7ocu\u011funun polislerce \u201ctutuklanmas\u0131\u201d<br \/>\n12 ya on iki benim gibi, tamam ben ondan birka\u00e7 ya\u015f b\u00fcy\u00fckt\u00fcm, ulan ben dahil 12 ya\u015f\u0131nda bir \u00e7ocuk siyasetten ne anlar???<\/p>\n<p>VEYA\u2026<br \/>\n5 tane yine k\u0131z \u00e7ocu\u011funun okul kap\u0131s\u0131nda \u201c\u00f6\u011fretmen, \u00f6\u011frenci oyunu\u201d<br \/>\nBiri anas\u0131n\u0131f\u0131 \u00f6\u011frencisi\u2026<br \/>\n&gt;&gt;&gt; Okul, NORMAL, al\u0131\u015ft\u0131klar\u0131 hayat \u00d6ZLEMI &lt;&lt;&lt;<br \/>\n\u00d6\u011frenme \u00f6zlemi, \u00f6\u011frenme!!!<\/p>\n<p>Man\u015fete konu olan pezevenk\u2026<br \/>\nGe\u00e7enlerde pezevengin ba\u015fka bir pezevenkle g\u00f6r\u00fc\u015fmesi\u2026<br \/>\n\u201cArd\u0131ndan gelen\u201d bu a\u00e7\u0131klama, kim bilir ka\u00e7 paraya satt\u0131 gene kendini?<br \/>\n\u00d6rt\u00fcl\u00fc \u00d6denek sa\u011f olsun(!)<\/p>\n<p>Ve EVET\u2026<br \/>\nPKK ve Stalinizm\u2026<br \/>\nVe yine lanse edilen kamplarda S\u00d6ZDE kad\u0131n \u2013 erkek\u2026<br \/>\nToplum e\u015fitli\u011fi\u2026<br \/>\nBu \u00f6\u011fretiye, hayatin ger\u00e7eklerine TERS!<\/p>\n<p>Kusura bakmay\u0131n, demi\u015ftim k\u0131sa k\u0131sa\u2026<br \/>\nINANIN\u2026<br \/>\nDerinlere dalarsak ki yazd\u0131klar\u0131m SADECE \u00f6ns\u00f6z niteli\u011finde\u2026<br \/>\n\u201cBo\u011fuluruz\u201d<br \/>\nAlt\u0131ndan kalkamay\u0131z!<\/p>\n<p>K\u0131sadan bir hisse\u2026<br \/>\nG\u00f6z\u00fcn g\u00f6rd\u00fc\u011f\u00fc ile ger\u00e7ekler pek birbirine uyum sa\u011flamayabilir\u2026<br \/>\nPerde arkas\u0131, yatak &#8211; koltuk alt\u0131, dolap d\u00fczeni dedi\u011fim!<\/p>\n<p><strong>Unutmadan, son s\u00f6z niteli\u011finde\u2026<br \/>\n\u00c7in\u2019de Mao\u2026<br \/>\nRusya\u2019da Stalin HALA kimi \u00e7evrelerde TAPINIRCASINA sevilmekte, say\u0131lmaktad\u0131r\u2026<br \/>\nBunu, bu durumu NASIL a\u00e7\u0131klayabiliriz?<\/p>\n<p>Almanya\u2026<br \/>\nHitler ve Yahudiler ger\u00e7e\u011fi benzeri\u2026<br \/>\nNas\u0131l ki HALA Almanya\u2019da Hitler hayranlar\u0131 varsa\u2026<br \/>\nOralarda da aynisi\u2026<br \/>\nBilgi, veri eksi\u011fi\u2026<br \/>\nAlgida, \u00f6\u011fretilenlerde yan\u0131lma, yanl\u0131\u015f\u2026<br \/>\nEskiye \u201c\u00f6zlem\u201d<br \/>\nHepsi, hepsi ve daha da fazlas\u0131!<\/strong><\/p>\n<p>*<\/p>\n<p><iframe loading=\"lazy\" width=\"525\" height=\"295\" src=\"https:\/\/www.youtube.com\/embed\/Y3TifWaE0kM?feature=oembed\" frameborder=\"0\" allow=\"accelerometer; autoplay; encrypted-media; gyroscope; picture-in-picture\" allowfullscreen><\/iframe><\/p>\n<p>*<\/p>\n<p>Almanya 09:04<br \/>\nDolar 7,4624<br \/>\nSOR KENDINE&#8230;<br \/>\n\u00c7eyrek NEDEN dolara bakmaya ba\u015flad\u0131 yine?<\/p>\n<p>Veee borsa 1102&#8230;<br \/>\nDolar 7,4632<br \/>\nG\u00d6T VEREN OROSPU \u00c7OCUKLARI<\/p>\n<p>O yap\u0131lan tatbikatlar\u2026<br \/>\nEyyyler\u2026<br \/>\nBen geliyorum ha demeler, ka\u00e7a mal oluyor haberin var m\u0131?<\/p>\n","protected":false},"excerpt":{"rendered":"<p>Anlatm\u0131\u015f\u0131md\u0131r\u2026 Rabbin rahmeti, bug\u00fcn ya\u011fan bir ya\u011fmur\u2026 15\u2026 TEKRAR on be\u015f sene sonra do\u011fa taraf\u0131ndan kullan\u0131ma sunulur\u2026 DIKKAT\u2026 Demedim senin, benim, insan\u0131n kullan\u0131m\u0131na\u2026 Tabiat\u2026 Canl\u0131n\u0131n kullan\u0131m\u0131na sunuyor, haz\u0131r ediyor, filtreliyor\u2026 Ve SEN, d\u00fc\u015f\u00fcncesiz HAYVAN insafs\u0131zca kullan\u0131yorsun bunu\u2026 Sonrada \u015fa\u015f\u0131r\u0131yorsun bu obruk nereden \u00e7\u0131kt\u0131 diye\u2026 Daha ge\u00e7enlerde yazd\u0131m, \u00e7ok olmad\u0131 DEPREM ba\u011flam\u0131nda\u2026 Yer y\u00fczeyinin ta\u015f\u0131yabilece\u011fi bir &hellip; <\/p>\n<p class=\"link-more\"><a href=\"http:\/\/wordpress.gurbuz.net\/?p=50851\" class=\"more-link\"><span class=\"screen-reader-text\">\u201e>>> Obruk ve temel i\u00e7g\u00fcd\u00fc \u00fczerine <<<\u201c<\/span> weiterlesen<\/a><\/p>\n","protected":false},"author":1,"featured_media":0,"comment_status":"open","ping_status":"open","sticky":false,"template":"","format":"standard","meta":[],"categories":[1],"tags":[],"_links":{"self":[{"href":"http:\/\/wordpress.gurbuz.net\/index.php?rest_route=\/wp\/v2\/posts\/50851"}],"collection":[{"href":"http:\/\/wordpress.gurbuz.net\/index.php?rest_route=\/wp\/v2\/posts"}],"about":[{"href":"http:\/\/wordpress.gurbuz.net\/index.php?rest_route=\/wp\/v2\/types\/post"}],"author":[{"embeddable":true,"href":"http:\/\/wordpress.gurbuz.net\/index.php?rest_route=\/wp\/v2\/users\/1"}],"replies":[{"embeddable":true,"href":"http:\/\/wordpress.gurbuz.net\/index.php?rest_route=%2Fwp%2Fv2%2Fcomments&post=50851"}],"version-history":[{"count":19,"href":"http:\/\/wordpress.gurbuz.net\/index.php?rest_route=\/wp\/v2\/posts\/50851\/revisions"}],"predecessor-version":[{"id":50870,"href":"http:\/\/wordpress.gurbuz.net\/index.php?rest_route=\/wp\/v2\/posts\/50851\/revisions\/50870"}],"wp:attachment":[{"href":"http:\/\/wordpress.gurbuz.net\/index.php?rest_route=%2Fwp%2Fv2%2Fmedia&parent=50851"}],"wp:term":[{"taxonomy":"category","embeddable":true,"href":"http:\/\/wordpress.gurbuz.net\/index.php?rest_route=%2Fwp%2Fv2%2Fcategories&post=50851"},{"taxonomy":"post_tag","embeddable":true,"href":"http:\/\/wordpress.gurbuz.net\/index.php?rest_route=%2Fwp%2Fv2%2Ftags&post=50851"}],"curies":[{"name":"wp","href":"https:\/\/api.w.org\/{rel}","templated":true}]}}