{"id":50781,"date":"2020-09-07T05:21:40","date_gmt":"2020-09-07T05:21:40","guid":{"rendered":"http:\/\/wordpress.gurbuz.net\/?p=50781"},"modified":"2020-09-07T05:25:27","modified_gmt":"2020-09-07T05:25:27","slug":"neo-osmanli-rus-catismasi-yine-hortladi-bende-bu-kadini-bir-sey-sandim-aslinda-o-sadece-bir-gazeteci","status":"publish","type":"post","link":"http:\/\/wordpress.gurbuz.net\/?p=50781","title":{"rendered":"Neo Osmanl\u0131 \u2013 Rus \u00e7at\u0131\u015fmas\u0131 yine hortlad\u0131. Bende bu kad\u0131n\u0131 bir \u015fey sand\u0131m, asl\u0131nda O SADECE bir gazeteci"},"content":{"rendered":"<p>Tatarlar\u0131\u2026<br \/>\nUkrayna\u2019y\u0131, \u00f6ld\u00fcr\u00fclen el\u00e7iyi, d\u00fc\u015f\u00fcr\u00fclen u\u00e7a\u011f\u0131 falan unutacakt\u0131\u2026<br \/>\nSen\u2026<br \/>\nMilleti kendi g\u00f6t k\u0131ll\u0131n m\u0131 sand\u0131n?<br \/>\nRus\u2026<br \/>\nAf etmez.<br \/>\nNOKTA<\/p>\n<p>Sende k\u0131z\u0131m yazacaksan\u2026<br \/>\nBir de\u011ferlendirme, analiz, durum tespiti yapacaksan\u2026<br \/>\n\u00c7\u0131kar at g\u00f6zl\u00fcklerini\u2026<br \/>\nG\u00f6r ger\u00e7ekleri!<\/p>\n<p><strong>\u2018Ki\u015fi k\u00fclt\u00fcn\u00fcn\u2019 T\u00fcrkiye\u2019ye zarar\u0131; Libya\u2019da darbe; Suriye\u2019de Rus kaz\u0131\u011f\u0131; Akdeniz\u2019de yaln\u0131zl\u0131k<\/strong><br \/>\n31 A\u011fustos 2020 <\/p>\n<p>AKP-MHP i\u015fbirli\u011fi ile kurulan yeni y\u00f6netim sistemi \u201cki\u015fi k\u00fclt\u00fcne\u201d dayan\u0131yor; \u201cT\u00fcrk tipi Ba\u015fkanl\u0131k\u201d diye propagandas\u0131 yap\u0131lan bu sistemde, Cumhurba\u015fkanl\u0131\u011f\u0131 makam\u0131 neredeyse tek yetkili unsur haline getirilmi\u015f halde.<br \/>\nDolay\u0131s\u0131yla i\u00e7 politikada da, d\u0131\u015f politika da bu \u201ctek ki\u015finin\u201d idealleri, \u201cdavas\u0131\u201d, de\u011fer yarg\u0131lar\u0131 ya da d\u00fc\u015fmanl\u0131klar\u0131, sanki \u201ct\u00fcm milletinmi\u015f\u201d gibi bir atmosfer yarat\u0131l\u0131yor.<br \/>\nBu yarat\u0131lan atmosfere kar\u015f\u0131 \u00e7\u0131kan, y\u00f6netime hakim olan unsurun de\u011fer yarg\u0131lar\u0131na uymayan, inan\u00e7lar\u0131n\u0131 ya da d\u00fc\u015fmanlar\u0131n\u0131 payla\u015fmayanlar ise, ya vatan haini, ya da ter\u00f6rist damgas\u0131n\u0131 yemekten kurtulam\u0131yor.<br \/>\n\u201cK\u0130\u015e\u0130 K\u00dcLT\u00dc\u201d DI\u015e POL\u0130T\u0130KAYI VURDU<br \/>\nY\u00f6netim ki\u015fiselle\u015ftik\u00e7e, d\u0131\u015f politika da kimi zaman dost, kimi zaman d\u00fc\u015fman g\u00f6r\u00fclen \u201cki\u015filer\u201d \u00fczerinden y\u00fcr\u00fct\u00fclmeye y\u00f6neliyor;<br \/>\nABD&#8217;de mesela; AKP h\u00fck\u00fcmeti t\u00fcm d\u0131\u015f politikas\u0131n\u0131 Ba\u015fkan Trump \u00fczerinden y\u00fcr\u00fctmeye \u00e7al\u0131\u015f\u0131yor.<br \/>\nABD&#8217;nin bir demokrasi oldu\u011fu, Kas\u0131m&#8217;daki se\u00e7imde Trump&#8217;\u0131n kaybedebilece\u011fi hi\u00e7 hesaplanmadan, t\u00fcm \u201cyumurtalar\u201d, Trump&#8217;\u0131n sepetine yerle\u015ftiriliyor.<br \/>\n\u201cD\u00fc\u015fmanl\u0131k\u201d da \u201cki\u015fi k\u00fclt\u00fc\u201d \u00fczerinden y\u00fcr\u00fcyor; AKP y\u00f6neticilerinin \u201ckarde\u015f\u201d g\u00f6rd\u00fc\u011f\u00fc M\u00fcsl\u00fcman Karde\u015fler hareketinin zaferleri ya da yenilgileri, T\u00fcrk d\u0131\u015f politikas\u0131nda da belirleyici oluyor.<br \/>\nD\u0131\u015f politikada \u201cd\u00fc\u015fman ya da dost\u201d olmad\u0131\u011f\u0131, sadece \u00fclke \u00e7\u0131karlar\u0131n\u0131n oldu\u011fu unutulup; M\u0131s\u0131r&#8217;da Sisi darbe yap\u0131p M\u00fcsl\u00fcman Karde\u015fler&#8217;i y\u00f6netimden indirdi\u011finde, ya da Esad M\u00fcsl\u00fcman Karde\u015flere kendi h\u00fck\u00fcmetinde yer vermedi\u011finde, \u201cT\u00fcrkiye d\u00fc\u015fman\u0131\u201d haline getiriliveriyor.<br \/>\nL\u0130BYA&#8217;DA DARBE S\u00d6YLENT\u0130S\u0130; AKP&#8217;N\u0130N DESTEKLED\u0130\u011e\u0130 \u0130\u00c7\u0130\u015eLER\u0130 BAKANI G\u00d6REVDEN ALINDI<br \/>\nAyn\u0131 durum Libya&#8217;da da ya\u015fan\u0131yor; Libya i\u00e7 sava\u015f\u0131nda ABD&#8217;den Rusya&#8217;ya, \u0130talya&#8217;dan Fransa&#8217;ya kadar t\u00fcm \u00fclkeler her iki tarafla da bir \u015fekilde ili\u015fki kurarken, AKP h\u00fck\u00fcmeti \u201cyumurtalar\u0131n\u0131\u201d yine tek bir taraf\u0131n sepetine koydu: Trablus&#8217;daki Sarra\u00e7 h\u00fck\u00fcmeti desteklenirken, kar\u015f\u0131 taraftaki sava\u015f baronu Halife Hafter \u201cd\u00fc\u015fman\u201d ilan edildi.<br \/>\nBa\u015flang\u0131\u00e7ta iyi gibi giden AKP&#8217;nin Libya seferi, i\u015f Libya&#8217;n\u0131n as\u0131l petrol zengini b\u00f6lgelerinin kontrol\u00fcne gelince -t\u0131pk\u0131 Suriye&#8217;de oldu\u011fu gibi- Rusya&#8217;ya, Fransa&#8217;ya, Arap d\u00fcnyas\u0131na tak\u0131ld\u0131.<br \/>\n\u0130\u015fin k\u00f6t\u00fcs\u00fc, AKP&#8217;nin Trablus&#8217;ta destekledi\u011fi h\u00fck\u00fcmet de kendi i\u00e7inde birbirine girdi. AKP&#8217;lilerin Libya&#8217;daki en b\u00fcy\u00fck i\u015fbirlik\u00e7ilerinden olan, M\u00fcsl\u00fcman Karde\u015fler ba\u011flant\u0131l\u0131 oldu\u011fu yaz\u0131l\u0131p \u00e7izilen \u0130\u00e7i\u015fleri Bakan\u0131 Ba\u015fa\u011fa, bizzat Sarra\u00e7 taraf\u0131ndan, hem de T\u00fcrkiye&#8217;de AKP&#8217;lilerle g\u00f6r\u00fc\u015fmeler yaparken g\u00f6revden al\u0131nd\u0131.<br \/>\nSarra\u00e7 g\u00f6revden alma i\u00e7in resmi gerek\u00e7e olarak Trablus&#8217;taki sokak g\u00f6sterilerine y\u00f6nelik sert m\u00fcdahaleleri g\u00f6sterse de, Arap bas\u0131n\u0131 karar\u0131n ard\u0131nda Ba\u015fa\u011fa&#8217;n\u0131n \u201cdarbe\u201d yap\u0131p, Sarra\u00e7&#8217;\u0131n yerine ge\u00e7me planlar\u0131n\u0131n oldu\u011fu bilgisini yayd\u0131.<br \/>\nYine Arap bas\u0131n\u0131 Sarra\u00e7&#8217;\u0131n istihbarat\u0131n\u0131 ald\u0131\u011f\u0131 bu darbe giri\u015fimi nedeniyle T\u00fcrkiye&#8217;ye planlad\u0131\u011f\u0131 \u00e7al\u0131\u015fma ziyaretini de tek tarafl\u0131 iptal etti\u011fini de duyurdu.<br \/>\nT\u00fcrkiye&#8217;den Libya&#8217;ya d\u00f6nen Ba\u015fa\u011fa ise, g\u00fc\u00e7l\u00fc oldu\u011fu Misrata kentinde destek\u00e7isi silahl\u0131 milisler taraf\u0131ndan olu\u015fturulan konvoylarla, \u201cBa\u015fkan\u201d sloganlar\u0131yla kar\u015f\u0131land\u0131.<br \/>\n\u015eu anda, AKP h\u00fck\u00fcmetinin destekledi\u011fi Sarra\u00e7 h\u00fck\u00fcmeti tam ortadan ikiye b\u00f6l\u00fcnm\u00fc\u015f durumda; Trablus&#8217;ta Sarra\u00e7, Misrata&#8217;ta ise Ba\u015fa\u011fa g\u00fc\u00e7l\u00fc g\u00f6r\u00fcn\u00fcyor.<br \/>\nT\u00fcm bunlar\u0131n \u00fczerine uluslararas\u0131 bas\u0131nda da Sarra\u00e7&#8217;\u0131n \u00f6n\u00fcm\u00fczdeki d\u00f6nemde, Libya i\u00e7 sava\u015f\u0131nda AKP&#8217;nin tam kar\u015f\u0131s\u0131nda duran Fransa&#8217;ya resmi ziyarette bulunaca\u011f\u0131n\u0131 dair yaz\u0131lar \u00e7\u0131kmaya ba\u015flad\u0131.<br \/>\nTrablus h\u00fck\u00fcmeti i\u00e7indeki bu g\u00fc\u00e7 sava\u015f\u0131n\u0131n kim taraf\u0131ndan kazan\u0131laca\u011f\u0131, AKP h\u00fck\u00fcmetinin Libya seferinin kaderini de etkileyecek.<br \/>\nSARRA\u00c7 H\u00dcK\u00dcMET\u0130 T\u00dcRK\u0130YE \u0130LE ANLA\u015eMADAN \u00c7EK\u0130L\u0130R M\u0130?<br \/>\nLibya h\u00fck\u00fcmeti i\u00e7indeki AKP&#8217;ye en yak\u0131n duran isimleri \u00e7emberin d\u0131\u015f\u0131na \u00e7\u0131karan Sarra\u00e7&#8217;\u0131n \u00f6n\u00fcm\u00fczdeki d\u00f6nemde Fransa\/Rusya\/M\u0131s\u0131r&#8217;\u0131n kay\u0131\u011f\u0131na binmesi \u00e7ok da \u015fa\u015f\u0131rt\u0131c\u0131 olmaz.<br \/>\nAKP h\u00fck\u00fcmeti, Libya konusunda da -hemen her konuda oldu\u011fu gibi- hukukun kenar\u0131ndan dolanm\u0131\u015f, Libya ile imzalanan deniz egemenlik alan\u0131 s\u0131n\u0131rlama anla\u015fmas\u0131n\u0131 \u201cmutabakat zapt\u0131\u201d olarak imzalam\u0131\u015ft\u0131.<br \/>\nO d\u00f6nemde anla\u015fman\u0131n \u201cmutabakat zapt\u0131\u201d olarak imzalanmas\u0131, Libya&#8217;n\u0131n \u201cdi\u011fer taraf\u0131nda\u201d kalan Meclisinin onay\u0131ndan ka\u00e7\u0131rmak i\u00e7in \u201c\u00e7ok kurnazca bir yol\u201d gibi g\u00f6r\u00fcnm\u00fc\u015ft\u00fc.<br \/>\nAncak parlamento onay\u0131 olmadan, sadece h\u00fck\u00fcmetin imzalad\u0131\u011f\u0131 \u201cmutabakat zapt\u0131\u201d, yine bir h\u00fck\u00fcmet karar\u0131yla geri al\u0131nabilir. AKP h\u00fck\u00fcmetinin etkisinden kendisini s\u0131y\u0131rmaya \u00e7al\u0131\u015fan Sarra\u00e7&#8217;\u0131n bu y\u00f6nde bir karar al\u0131p, hep mutabakat zapt\u0131n\u0131 ge\u00e7ersiz k\u0131lmas\u0131, hem de T\u00fcrkiye ile olan t\u00fcm askeri anla\u015fmalar\u0131 iptal etmesi m\u00fcmk\u00fcn.<br \/>\nYani Libya&#8217;da \u201cme\u015fru h\u00fck\u00fcmete destek\u201d diye \u00e7\u0131k\u0131lan yolda, bizzat \u201cme\u015fru h\u00fck\u00fcmet\u201d taraf\u0131ndan \u00fclkeden ayr\u0131lmaya zorlanmak olas\u0131l\u0131\u011f\u0131 giderek art\u0131yor.<br \/>\nSUR\u0130YE&#8217;DE RUS KAZI\u011eI<br \/>\nAKP d\u0131\u015f politikada \u201carka kap\u0131lar\u0131\u201d\/ \u201cyandan giri\u015fleri\u201d zorlar da, ba\u015fkalar\u0131 durur mu?<br \/>\nSuriye&#8217;de PKK ter\u00f6r \u00f6rg\u00fct\u00fc ba\u011flant\u0131l\u0131 PYD\/YPG de, Suriye&#8217;nin gelece\u011fini belirleyecek olan Anayasa g\u00f6r\u00fc\u015fmelerine \u201cyandan\/arka kap\u0131dan\u201d girmeye \u00e7al\u0131\u015f\u0131yor. \u00dcstelik bu \u00e7aba, Erdo\u011fan&#8217;\u0131n \u201cdostum\u201d dedi\u011fi Putin Rusya&#8217;s\u0131 \u00fczerinden y\u00fcr\u00fcyor.<br \/>\nPYD\/YPG&#8217;ye ba\u011fl\u0131 \u201cSuriye demokratik Meclisi\u201d adl\u0131 olu\u015fumdan bir heyet, bu hafta gizli sakl\u0131 Moskova&#8217;ya gidip, Suriye Anayasa g\u00f6r\u00fc\u015fmelerine \u201cmuhalif heyet\u201d kontenjan\u0131ndan kat\u0131lan bir grupla \u201ci\u015fbirli\u011fi mutabakat\u0131\u201d imzalad\u0131.<br \/>\nPYD\/YPG heyetinin Rusya&#8217;da mutabakat imzalad\u0131\u011f\u0131 Suriye De\u011fi\u015fim ve \u00d6zg\u00fcrl\u00fck i\u00e7in Halk Cephesi adl\u0131 grup, Suriye muhalefetinin \u201cMoskova grubu\u201d olarak an\u0131l\u0131yor.<br \/>\nBu grup Cenevre&#8217;deki Suriye Anayasa g\u00f6r\u00fc\u015fmelerinde \u201ckoltuk\u201d sahibi. \u015eimdi bu koltu\u011fa, dolayl\u0131 yoldan PYD-YPG de dahil ediliyor. \u00dcstelik t\u00fcm bunlar Rusya&#8217;n\u0131n bilgisi ve onay\u0131 dahilinde y\u00fcr\u00fcyor.<br \/>\n\u0130\u015fin ilginci, Moskova&#8217;da bu imzalar at\u0131l\u0131rken, ABD&#8217;nin Suriye temsilcisi James Jeffrey de Ankara&#8217;ya gelip, Washington&#8217;un t\u0131rlarla silah m\u00fchimmat verdi\u011fi PYD-YPG i\u00e7in kulis yap\u0131yor.<br \/>\nRusya ve ABD&#8217;nin Suriye&#8217;de \u00fczerinde uzla\u015ft\u0131\u011f\u0131 tek \u015fey, PYD-YPG hamili\u011fi gibi g\u00f6r\u00fcn\u00fcyor.<br \/>\nAKDEN\u0130Z&#8217;DE \u201cDE\u011eERS\u0130Z YALNIZLIK\u201d<br \/>\nAKP h\u00fck\u00fcmetinin \u201cki\u015fi k\u00fclt\u00fc\u201d \u00fczerinden kotarmaya \u00e7al\u0131\u015ft\u0131\u011f\u0131 bu d\u0131\u015f politikan\u0131n T\u00fcrkiye&#8217;yi i\u00e7ine soktu\u011fu bir ba\u015fka \u00e7\u0131kmaz ise ger\u00e7ek milli dava olan Ege&#8217;de, Do\u011fu Akdeniz&#8217;de ya\u015fan\u0131yor.<br \/>\n\u201cM\u00fcsl\u00fcman Karde\u015fler h\u00fck\u00fcmetini devirdi\u201d diye d\u00fc\u015fman ilan edilen Sisi, 2003&#8217;ten bu yana direndi\u011fi Yunanistan&#8217;la deniz yetki anla\u015fmas\u0131n\u0131, bu yaz imzalay\u0131verdi.<br \/>\nAKP \u00f6ncesinde Ege ve Akdeniz&#8217;de Rum-Yunan ikilisinin olu\u015fturdu\u011fu cephe, AKP&#8217;nin bol hamaset i\u00e7eren d\u0131\u015f politika s\u00f6ylemi sayesinde art\u0131k i\u00e7ine ABD&#8217;yi, AB&#8217;yi, M\u0131s\u0131r ve Birle\u015fik Arap Emirliklerini, \u0130srail ve Fransa&#8217;y\u0131 da dahil ederek \u201cd\u00fcnya koalisyonu\u201d haline gelmi\u015f durumda.<br \/>\nAKP h\u00fck\u00fcmeti o kadar s\u0131k\u0131\u015fm\u0131\u015f durumda ki, Cumhurba\u015fkan\u0131 Erdo\u011fan&#8217;\u0131n bir d\u00f6nem \u201chezimettir\u201d dedi\u011fi Lozan antla\u015fmas\u0131ndan medet umar hale geldi.<br \/>\n\u0130\u00e7erde 30 A\u011fustos zaferi i\u00e7in millete kutlama yasa\u011f\u0131 getiren AKP h\u00fck\u00fcmeti, d\u0131\u015far\u0131ya o zafer sonunda imzalanan Lozan Antla\u015fmas\u0131&#8217;yla Ege&#8217;de hakl\u0131l\u0131\u011f\u0131n\u0131 kan\u0131tlamaya \u00e7al\u0131\u015f\u0131yor bu g\u00fcnlerde.<br \/>\nCumhurba\u015fkan\u0131 Yard\u0131mc\u0131s\u0131 Fuat Oktay \u00e7\u0131k\u0131p, Erdo\u011fan&#8217;\u0131n \u201chezimet\u201d dedi\u011fi Lozan Antla\u015fmas\u0131na s\u0131\u011f\u0131n\u0131p, \u201cLozan\u2019da [Yunanistan\u2019\u0131n kara sular\u0131n\u0131] \u00e7izmi\u015fler zaten, 3 mil. \u015eimdi \u2018Onunla da yetinmem.\u2019 diyor. Ne yapacaks\u0131n? \u201912 mile \u00e7\u0131karaca\u011f\u0131m.\u2019 Bu sava\u015f sebebi olmayacak da ne olacak?\u201d a\u00e7\u0131klamas\u0131 yap\u0131yor.<br \/>\nAtat\u00fcrk&#8217;\u00fcn 100 y\u0131l \u00f6nce g\u00f6rd\u00fc\u011f\u00fcn\u00fc AKP daha yeni anl\u0131yor. Anl\u0131yor ama, iktidar\u0131 kaybetmemek i\u00e7in anlamamazl\u0131ktan geliyor. Olan T\u00fcrkiye&#8217;ye oluyor\u2026<\/p>\n<p>https:\/\/www.sozcu.com.tr\/2020\/yazarlar\/zeynep-gurcanli\/kisi-kultunun-turkiyeye-zarari-libyada-darbe-suriyede-rus-kazigi-akdenizde-yalnizlik-6014781\/?utm_source=yazarlar&#038;utm_campaign=diger_yazilar&#038;utm_medium=diger<\/p>\n<p>*<\/p>\n<p>Ah \u0130zmirlim ah, sen kime neyi anlatmaya \u00e7al\u0131\u015f\u0131yorsun?<\/p>\n<p><strong>Salg\u0131nla fl\u00f6rt edilmez<\/strong><br \/>\n6 Eyl\u00fcl 2020 <\/p>\n<p>Baz\u0131 insanlar kutup y\u0131ld\u0131z\u0131 gibidir.<br \/>\nAkl\u0131n\u0131z kar\u0131\u015ft\u0131\u011f\u0131nda, do\u011fru y\u00f6n\u00fc bulmak i\u00e7in ona bakman\u0131z yeterlidir.<br \/>\nDi\u011fer y\u0131ld\u0131zlar d\u00fcnyan\u0131n pozisyonuna g\u00f6re kendi pozisyonunu de\u011fi\u015ftirirken, bi bakars\u0131n\u0131z \u015furda, bi bakars\u0131n\u0131z burdayken, kutup y\u0131ld\u0131z\u0131 duruma g\u00f6re davranmaz, hep ayn\u0131 yerdedir.<br \/>\nBu y\u00fczden g\u00fcvenilirdir.<br \/>\nSizi asla yan\u0131ltmaz.<br \/>\nOnu takip etmeniz, do\u011fruyu bulman\u0131z demektir.<br \/>\n\u2605<br \/>\nVarl\u0131\u011f\u0131yla onur duydu\u011fumuz Profes\u00f6r Ahmet Salt\u0131k, bu toplumun kutup y\u0131ld\u0131zlar\u0131ndan biridir.<br \/>\nPandemi konusunda do\u011fruyu bulmak istiyorsan\u0131z, do\u011fruyu \u00f6\u011frenmek istiyorsan\u0131z, onu dinlemeniz yeterlidir.<br \/>\n\u2605<br \/>\nBu sebeple, T\u00fcrkiye&#8217;nin \u2013art\u0131k- ne yapmas\u0131 gerekti\u011fi konusunda, kendisinden bir de\u011ferlendirme rica ettim.<br \/>\nSa\u011folsun, k\u0131rmad\u0131, siz de\u011ferli okurlara iletilmek \u00fczere yazd\u0131.<br \/>\n\u2605<br \/>\n11 Mart 2020 g\u00fcn\u00fc T\u00fcrkiye&#8217;nin ilk yeni koronavir\u00fcs bula\u015f\u0131na (enfeksiyonuna) yakalanan olgu, Sa\u011fl\u0131k Bakan\u0131 Dr. Koca taraf\u0131ndan resmen a\u00e7\u0131kland\u0131.<br \/>\n\u00c7in-Wuhan&#8217;da 31 Aral\u0131k 2019&#8217;da ilk olgular tan\u0131land\u0131\u011f\u0131na g\u00f6re, eh, 2.5 aya yak\u0131n s\u00fcre \u00fclkemize bu hastal\u0131\u011f\u0131 \/ COVID-19&#8217;u sokmamay\u0131 ba\u015farm\u0131\u015ft\u0131k!<br \/>\nAncak, yaln\u0131zca 1 ay sonra Nisan ortalar\u0131nda bizim salg\u0131n\u0131m\u0131z \u00e7ok h\u0131zla \u201ctepe\u201d (pik) yapm\u0131\u015ft\u0131 kimi \u00fclkeler gibi\u2026 G\u00fcnl\u00fck yeni olgu say\u0131s\u0131 5 binleri, \u00f6l\u00fcm say\u0131s\u0131 120&#8217;leri a\u015f\u0131yordu.<br \/>\nNe var ki, Mart sonunda, salg\u0131n\u0131n 3. ay\u0131 bitmeden \u00c7in, ola\u011fan\u00fcst\u00fc \u00f6nlemler ve do\u011fal \u00fcr\u00fcn\u00fc e\u015f nitelikli ba\u015far\u0131 ile salg\u0131n\u0131 bask\u0131lam\u0131\u015ft\u0131.<br \/>\n80 g\u00fcn s\u00fcrm\u00fc\u015ft\u00fc bask\u0131lama, Jules Verne&#8217;e nazire ile adeta.<br \/>\nT\u00fcrkiye&#8217;de, al\u0131nan s\u0131k\u0131 \u00f6nemlerle Nisan&#8217;\u0131n 2. yar\u0131s\u0131nda salg\u0131n e\u011frisi a\u015fa\u011f\u0131ya inmeye ba\u015flad\u0131. \u201cHer salg\u0131n\u0131n bir \u00e7an e\u011frisi \u00e7izece\u011fini\u201d mu\u015ftulayan kimi uzmanlar oldu ne yaz\u0131k ki, gev\u015femeye ba\u015flad\u0131k. 11 May\u0131s&#8217;ta, kapitalizmin tap\u0131naklar\u0131 AVM&#8217;leri a\u00e7t\u0131k\u2026 Ad\u0131na \u201cyeni normal\u201d dedik Alaturka bir yarat\u0131c\u0131l\u0131kla. Ancak halk\u0131m\u0131z da, iktidar\u0131m\u0131z da \u201cyeni normal\u201di kendince yorumlad\u0131, \u201cnormalle\u015fiyorduk\u201d art\u0131k, \u00fcstelik normalimiz \u201cyeni\u201d idi, ne g\u00fczel.<br \/>\nA\u00e7\u0131l\u0131p\u2013sa\u00e7\u0131lmay\u0131 co\u015fku ile s\u00fcrd\u00fcrd\u00fck; Epidemiyolojik \u00f6ng\u00f6r\u00fclerle de\u011fil.<br \/>\n1 Haziran&#8217;da ipler iyice gev\u015fetildi. Ekonominin \u00e7arklar\u0131n\u0131n d\u00f6nmesi gerekiyordu, hafta sonu piknik karantinalar\u0131, arada denk d\u00fc\u015fen ulusal \u2013 dinsel bayramlarda bayram karantinalar\u0131 ile durumu idare eylece\u011fimizi sand\u0131k. Oysa Nisan ortas\u0131nda salg\u0131n tepeye eri\u015fmi\u015fken, pek \u00e7ok AB \u00fclkesinin yapt\u0131\u011f\u0131 gibi en az 14 g\u00fcnl\u00fck bir tam kapatmaya (lockdown) gitmeliydik; kezlerce yazd\u0131k.<br \/>\n\u00d6rne\u011fin \u0130talya %95 oran\u0131nda kapatt\u0131 ekonomisini.<br \/>\nSalg\u0131n \u00f6ncesinde, s\u00fcrecinde \u00e7ok belirgin (maj\u00f6r) hatalar yapt\u0131k.<br \/>\n21.500&#8217;\u00fc a\u015fk\u0131n insan\u0131m\u0131z\u0131 Umre i\u00e7in S. Arabistan&#8217;a g\u00f6nderdik.<br \/>\nD\u00f6nd\u00fcler ve hemen hepsi bula\u015fl\u0131 idiler, t\u00fcm T\u00fcrkiye&#8217;ye yayd\u0131lar. Epey \u00f6ld\u00fcler \u2013 \u00f6ld\u00fcrd\u00fcler. Ger\u00e7ekte iyi bir Filyasyonla bire bir ayd\u0131nlat\u0131labilir bu vb. topluluk hareketleri.<br \/>\n\u00d6\u011frenci yurtlar\u0131n\u0131 kapat\u0131p, birka\u00e7 milyon genci t\u00fcm \u00fclkeye yayd\u0131k.<br \/>\n90 bin h\u00fck\u00fcml\u00fcy\u00fc infaz yasas\u0131 de\u011fi\u015fikli\u011fi ile -ger\u00e7ekte af yasas\u0131 ile- denetimsiz salverdik.<br \/>\nG\u00fcle oynaya \u201cyeni normalle\u015firken\u201d, ger\u00e7ekte halk ve iktidar yeniden normalle\u015firken, salg\u0131n\u0131n \u00e7an e\u011frisi \u00e7izmekten vazge\u00e7ti\u011fini (!) biraz gecikme ile alg\u0131lad\u0131k.<br \/>\n\u0130lk dalga s\u00fcr\u00fcyor, 2. tepesini ya\u015f\u0131yoruz.<br \/>\nBilimsel Dan\u0131\u015fma Kurulumuz tek 1 Halk Sa\u011fl\u0131\u011f\u0131 Uzman\u0131 ile \u00e7al\u0131\u015f\u0131yordu. Oysa bu ad hoc kurulun a\u011f\u0131rl\u0131kl\u0131 olarak Halk Sa\u011fl\u0131\u011f\u0131 Uzman\u0131 hekimlerden olu\u015fmas\u0131 gerekiyordu, istim epey arkadan geldi.<br \/>\nSa\u011fl\u0131k Bakan\u0131 Dr. Koca ak\u015famlar\u0131 bas\u0131n a\u00e7\u0131klamalar\u0131 yap\u0131yor, kimi sorular\u0131 yan\u0131tl\u0131yordu ama Bilimsel Dan\u0131\u015fma Kurulu&#8217;nun kararlar\u0131n\u0131 \u00f6\u011frenemiyorduk, ayr\u0131ca Sn. Cumhurba\u015fkan\u0131&#8217;na arz ediliyordu \u00f6neriler ve O&#8217;nun talimatland\u0131rmas\u0131 ile y\u00fcr\u00fct\u00fcl\u00fcyordu b\u00fct\u00fc\u00fc\u00fc\u00fcn i\u015fler.<br \/>\n\u2605\u2605\u2605<br \/>\nD\u00fcnya&#8217;da ve T\u00fcrkiye&#8217;de COVID-19 salg\u0131n\u0131 yatay ve dikey eksende b\u00fcy\u00fcyor ve yayg\u0131nla\u015f\u0131yordu. ABD \u201cperi\u015fan\u201d idi, b\u00fct\u00fcn\u00fcyle \u00f6zelle\u015ftirilmi\u015f \/ yaban\u0131l (vah\u015fi) sa\u011fl\u0131k sistemi y\u00fcz\u00fcnden. \u0130talya, \u0130sve\u00e7, \u0130ngiltere a\u011f\u0131r bedeller \u00f6demekteydiler. Almanya en ba\u015far\u0131l\u0131 AB \u00fclkelerinden oldu, Fransa da.<br \/>\nAma Uzakdo\u011fu&#8217;da Japonya, Singapur, Hong Kong, Tayvan, G. Kore\u2026 \u00c7ok daha ba\u015far\u0131l\u0131 oldular \u201cbask\u0131lama\u201d y\u00f6ntemiyle. Biz ise ilk dalgay\u0131 bile, salg\u0131n\u0131n 6. ay\u0131 biterken hen\u00fcz s\u00f6n\u00fcmlendiremedik.<\/p>\n<p>Ni\u00e7in ba\u015far\u0131l\u0131 olamad\u0131k, nerelerde yanl\u0131\u015fl\u0131k yapt\u0131k?<\/p>\n<p>Sa\u011fl\u0131k Bakan\u0131 Dr. Koca, 11 May\u0131s sonras\u0131 hasta \u2013 \u00f6l\u00fcm say\u0131lar\u0131nda belirgin art\u0131\u015flar ba\u015flay\u0131nca bas\u0131n toplant\u0131lar\u0131n\u0131 kesti. Ak\u015famlar\u0131 ki\u015fisel tweet hesab\u0131ndan k\u0131sa iletiler ve turkuvaz tabloyu sunuyordu.<br \/>\nBu tablo giderek AKP ye\u015filine d\u00f6n\u00fc\u015ft\u00fc ve ya\u015fam\u0131n rakamlar\u0131 ile orada a\u00e7\u0131klananlar aras\u0131ndaki makas b\u00fcy\u00fcd\u00fc, b\u00fcy\u00fcd\u00fc\u2026 Derken yo\u011fun bak\u0131m ve ent\u00fcbe hasta say\u0131lar\u0131 kald\u0131r\u0131larak yerine, net- standart tan\u0131ml\u0131 olmayan \u201ca\u011f\u0131r hasta\u201d ve \u201czat\u00fcrreli hasta\u201d say\u0131lar\u0131 kondu. D\u00fcnya verileri ise yo\u011fun bak\u0131mdaki hasta say\u0131s\u0131 ile payla\u015f\u0131lmakta. Kar\u015f\u0131la\u015ft\u0131rma olana\u011f\u0131, bu boyutlarda kalmad\u0131.<br \/>\n\u00dcst \u00fcste hatalar birbirini izledi.<br \/>\nAd\u0131na \u201cyeni normal\u201d dense de hep birlikte \u201cnormale \/ eskiye\u201d b\u00fcy\u00fck bir h\u0131zla d\u00f6nd\u00fck.<br \/>\nTemmuz&#8217;daki 2 b\u00fcy\u00fck s\u0131nav YKS ve LGS 1 ay \u00f6ne \u00e7ekilerek birka\u00e7 milyon insan hareketlili\u011fi yarat\u0131ld\u0131 ki; salg\u0131n y\u00f6netiminde alt\u0131n ilke, toplumsal hareketlili\u011fi \u2013 de\u011finimi (temas\u0131) en aza indirmekti.<br \/>\nHedef Temmuz&#8217;da turizmi a\u00e7makt\u0131. \u00d6yle yap\u0131ld\u0131 ama AB \u00fclkeleri \u00e7ok k\u0131s\u0131t koydular. A\u011fustos ba\u015f\u0131nda Kurban Bayram\u0131 ile kurban kesimi ve i\u00e7 turizm salg\u0131n\u0131 azd\u0131rd\u0131. Rusya, korona olgular\u0131 say\u0131s\u0131 bak\u0131m\u0131ndan d\u00fcnyada 4. s\u0131rada iken u\u00e7ak seferleri ve d\u0131\u015f turizme a\u00e7\u0131ld\u0131k, bir t\u00fcrl\u00fc ba\u015f\u0131 yere ermeyen salg\u0131n e\u011frisi, tam da tersine ba\u015f kald\u0131rd\u0131 ve g\u00f6z g\u00f6re g\u00f6re Eyl\u00fcl ba\u015f\u0131na, 6. ay\u0131n sonuna eri\u015ftik.<br \/>\nResmi veriler, Nisan ortas\u0131ndaki ilk tepe s\u0131ras\u0131 rakamlar\u0131na ko\u015fmakta:<br \/>\nToplam olgu say\u0131s\u0131 bak\u0131m\u0131ndan n\u00fcfus b\u00fcy\u00fckl\u00fc\u011f\u00fcm\u00fczle ayn\u0131 s\u0131rada, 18&#8217;inciyiz epeydir.<br \/>\nFakat bu tablodaki say\u0131sal verilerle ilgili \u00e7ok ciddi  s\u0131k\u0131nt\u0131lar var.<br \/>\nSomut olan \u015fu ki; salg\u0131n\u0131n ilk dalgas\u0131n\u0131 6. ay sonunda s\u00f6n\u00fcmlendirememi\u015f olmak bir ba\u015far\u0131 say\u0131lmaz, a\u00e7\u0131k bir ba\u015far\u0131s\u0131zl\u0131k orta yerdedir. Bu ger\u00e7ekli\u011fi kabulle yola \u00e7\u0131kmak gerekir.<br \/>\nSorun \u00e7ok ciddidir ve ulusal \u00f6l\u00e7ek ve niteliktedir.<br \/>\nSalg\u0131n denetimden \u00e7\u0131km\u0131\u015ft\u0131r, hastane yataklar\u0131 \u2013 yo\u011fun bak\u0131mlar doludur, halkta panik ba\u015flam\u0131\u015ft\u0131r.<\/p>\n<p>NE YAPMALI ?<\/p>\n<p>Salg\u0131n Y\u00f6netimi Epidemiyoloji bilim alan\u0131n\u0131n sorumlulu\u011fundad\u0131r.<br \/>\nBu e\u011fitim T\u0131p Fak\u00fcltelerinde Halk Sa\u011fl\u0131\u011f\u0131 Anabilim Dallar\u0131nda verilir. Dileyen Halk Sa\u011fl\u0131\u011f\u0131 Uzman\u0131 hekim, bu alanda yan dal e\u011fitimi alabilir. Dolay\u0131s\u0131yla s\u00f6z ve karar sahibi alan Halk Sa\u011fl\u0131\u011f\u0131 \/ Epidemiyoloji uzman\u0131 hekimlerdir.<br \/>\nAncak Bilimsel Dan\u0131\u015fma Kurulunda \u00e7o\u011funluk ba\u015fka dallardad\u0131r, bu dengesizlik d\u00fczeltilmelidir.<br \/>\nEpidemiyolojik salg\u0131n y\u00f6netim yordam\u0131 (stratejisi), bir masan\u0131n 4 aya\u011f\u0131 gibidir:<br \/>\n1. S\u00fcrveyans: Toplumda hastal\u0131klar \/ sa\u011fl\u0131k sorunlar\u0131yla ilgili s\u00fcrekli \u2013 d\u00fczenli \u2013 g\u00fcncel \u2013 g\u00fcvenilir veri toplamak, bunlar\u0131 uygun biyomatematik \u2013 say\u0131sal y\u00f6ntemlerle \u00e7\u00f6z\u00fcmlemek (analiz etmek) ve Epidemiyolojik olarak anlamland\u0131rarak yorumlamakt\u0131r. Her t\u00fcrl\u00fc planlama ve m\u00fcdahale bu ad\u0131ma dayal\u0131d\u0131r. T\u00fcrleri vard\u0131r; Aktif, Pasif, Sentinel. Bu salg\u0131nda da en temel strateji S\u00fcrveyanst\u0131r ve toplumda, \u00f6zellikle riskli k\u00fcmelerde etkin tarama testleriyle vir\u00fcs\u00fc alanlar\u0131 erkenden bulma hedeflidir. Bu ama\u00e7la D\u00fcnya Sa\u011fl\u0131k \u00d6rg\u00fct\u00fc (DS\u00d6) ba\u015f\u0131ndan beri TEST \u2013 TEST- TEST uyar\u0131s\u0131 yap\u0131yor. T\u00fcrkiye&#8217;de en ba\u015fta, duyarl\u0131\u011f\u0131 y\u00fcksek bir tarama testi ile kap\u0131 kap\u0131 dola\u015farak etkin (aktif) iz s\u00fcrme (s\u00fcrveyans) yap\u0131lmal\u0131 ve erken yakalanan ta\u015f\u0131y\u0131c\u0131lar toplumdan ayr\u0131lmal\u0131 idi (izolasyon). Bu \u00f6nerimiz samanl\u0131kta i\u011fne aramak olarak g\u00f6r\u00fcld\u00fc, samanl\u0131ktaki i\u011fneler erkenden bulunsa idi, bug\u00fcn her yerimize batmazd\u0131.<br \/>\n2. Karantina: \u00c7ok eskiden beri bilinen bir y\u00f6ntem. Hastal\u0131\u011f\u0131 alm\u0131\u015f olmas\u0131 olas\u0131 \u2013 ku\u015fkulan\u0131lan ama tan\u0131 konmayan \u2013 bulgu vermeyen insanlar\u0131n, en uzun kulu\u00e7ka s\u00fcresince toplumdan ayr\u0131lmas\u0131d\u0131r.<br \/>\n3. \u0130zolasyon: S\u00fcrveyans ile olabildi\u011fince erken yakalanan hasta \u2013 ta\u015f\u0131y\u0131c\u0131lar\u0131n sa\u011fl\u0131k kurulu\u015flar\u0131nda sa\u011falt\u0131ma (tedaviye) al\u0131nmas\u0131d\u0131r.<br \/>\n4. Filyasyon: Tan\u0131 konan hastalar\u0131n geriye do\u011fru, bir cinayet detektifi gibi izi s\u00fcr\u00fclerek kimden hastal\u0131\u011f\u0131 ald\u0131\u011f\u0131n\u0131n bulunmas\u0131d\u0131r. O kaynak uygun bi\u00e7imde kurutulacak ve yeni bula\u015flar\u0131n nedeni olmaktan \u00e7\u0131kar\u0131lacakt\u0131r. Temasl\u0131 izlemidir (contact tracing), bula\u015f zincirini k\u0131rma hedeflidir.<br \/>\n\u00dclkemiz bu 4 ad\u0131mda ciddi eksik ve yanl\u0131\u015flar yapm\u0131\u015ft\u0131r.<br \/>\nEpidemiyolojik bilimsel ilkeler s\u0131kl\u0131kla kimi siyasal tercihlerin gerisinde kalm\u0131\u015ft\u0131r.<br \/>\nBilim Kurulu kararlar\u0131 kamuyuna a\u00e7\u0131klanmam\u0131\u015ft\u0131r.<br \/>\nSon s\u00f6z Saray&#8217;daki Tek Adam Rejiminin olmu\u015ftur.<br \/>\nSon g\u00fcnlerde kimi Bilim Kurulu \u00fcyeleri itiraf gibi a\u00e7\u0131klamalarla pek \u00e7ok kritik karar\u0131 kendilerinin vermedi\u011fini, bas\u0131ndan duyduklar\u0131n\u0131, dahas\u0131 Turkuvaz \/ AKP ye\u015fili tablo verilerinin \u00f6tesinde bilgi sahibi olmad\u0131klar\u0131n\u0131 bildirmektedir\u2026 Bunlar deh\u015fet vericidir; siyasal iktidar g\u00fcd\u00fcm\u00fcnde \u201cbilim kurulu\u201d ile salg\u0131n\u0131n y\u00f6netilemeyece\u011fi \u00e7oook \u00e7\u0131plak bir olgudur.<br \/>\nAraba at\u0131n \u00f6n\u00fcne konamaz!<\/p>\n<p>Dr. Refik Saydam Ulusal Halk Sa\u011fl\u0131\u011f\u0131 Kurumu bir yasa ile \u00f6zerk olarak yeniden a\u00e7\u0131lmal\u0131, insang\u00fcc\u00fc ve teknik donan\u0131m\u0131 h\u0131zla sa\u011flanarak salg\u0131n y\u00f6netimi b\u00fct\u00fcn\u00fcyle bu bilim Kurumuna b\u0131rak\u0131lmal\u0131d\u0131r.<br \/>\nTarama ve tan\u0131 ama\u00e7l\u0131 kullan\u0131lan PCR testinin vir\u00fcs\u00fc ta\u015f\u0131yanlar\u0131 yakalama yetkinli\u011fi (Duyarl\u0131\u011f\u0131) ne yaz\u0131k ki %40&#8217;lara dek inebilmektedir. Bu testin kullan\u0131m\u0131nda \u0131srar etmenin anla\u015f\u0131l\u0131r yan\u0131 yoktur. %90&#8217;\u0131 a\u015fan duyarl\u0131kl\u0131 testler vard\u0131r ve h\u0131zla bunlara ge\u00e7ilmelidir. Nitekim 117.612&#8217;yi bulan test say\u0131s\u0131na kar\u015f\u0131n yaln\u0131zca 1612 (+) yakalanm\u0131\u015ft\u0131r; % 1,4! Oysa T\u00fcrkiye \u201chasta\u201d kaynamaktad\u0131r, hastaneler t\u0131ka basa doludur.<br \/>\nTestin kendisi, yap\u0131lacak kitleler, so\u011fuk zincir ve laboratuvar s\u00fcre\u00e7leri mutlaka iyile\u015ftirilmelidir, tersi avare kasnak gibidir, anlams\u0131z ve kaynak israf\u0131d\u0131r.<br \/>\nPCR testi (+) \u00e7\u0131kanlar evlerine yollanmamal\u0131d\u0131r, evde kendi kendine ila\u00e7 sa\u011falt\u0131m\u0131 olmaz.<br \/>\nBurada yap\u0131lacak olan \u0130ZOLASYON&#8217;dur, yukar\u0131daki 3. ad\u0131md\u0131r ve sa\u011fl\u0131k kurulu\u015funda olmak zorundad\u0131r.<br \/>\nT\u0131bbi sa\u011falt\u0131m (tedavi) verilecek ve vir\u00fcsten ar\u0131nd\u0131r\u0131larak topluma kazand\u0131r\u0131lacakt\u0131r hastalar.<br \/>\nS\u00fcrveyans, Filyasyon s\u00fcre\u00e7lerinde yakalanan \u201cku\u015fkulular\u201d \u0131n yeri Karantina&#8217;d\u0131r. Kural olarak bu i\u015flem, amaca \u00f6zel Karantina Yerlerinde yap\u0131l\u0131r. Bunlar, hastanelere yak\u0131n de\u011fi\u015fik binalard\u0131r ve sa\u011fl\u0131k \u00e7al\u0131\u015fanlar\u0131n\u0131n ve kollu\u011fun g\u00f6zetimi zorunludur.<br \/>\n\u00d6nerdik taaa ba\u015flarda, bo\u015f oteller, tatil k\u00f6yleri, bo\u015f onbinlerce TOK\u0130 konutlar\u0131, bo\u015falt\u0131lan \u00f6\u011frenci yurtlar\u0131\u2026 Ama biz evlere yolluyoruz bu insanlar\u0131\u2026 Oysa sahra hastaneleri yapmak zorunda idik, \u0130stanbul&#8217;da yap\u0131lan 2 hastane sa\u011fl\u0131k turizmi i\u00e7in kullan\u0131l\u0131yor.<\/p>\n<p>O halde 1. Basamakta, yani hastane \u00f6ncesinde, toplumun i\u00e7inde salg\u0131n yenilecektir; hastanelerde asla de\u011fil.<br \/>\nNitekim \u00f6n cephede yenilgi, cephe gerisinde hastanelerde \u00e7\u00f6k\u00fc\u015f getirmi\u015ftir.<br \/>\nT\u00fcrkiye, \u201csa\u011fl\u0131k hizmetini hastane sanmak\u201d gibi \u00fcrk\u00fcn\u00e7 (vahim) bir yan\u0131lg\u0131 i\u00e7indedir ve bedelini \u00e7ok a\u011f\u0131r  \u00f6demektedir.<br \/>\nGer\u00e7ek sa\u011fl\u0131k hizmeti SA\u011eLIKLI \u0130NSANLARA S\u00dcREKL\u0130 verilen hizmettir.<br \/>\nHastane ve sa\u011falt\u0131m, koruyucu hekimlik bir bi\u00e7imde ba\u015far\u0131l\u0131 olamad\u0131\u011f\u0131nda istemsiz (ar\u0131zi) olarak devrededir.<br \/>\n\u00d6yleyse T\u00fcrkiye, Sa\u011fl\u0131kta D\u00f6n\u00fc\u015f\u00fcm denen, asla yerli ve milli olmayan \u00f6zelle\u015ftirmeci politikalarla \u00e7oooook zay\u0131flatt\u0131\u011f\u0131 1. Basama\u011f\u0131 yeniden, tam kamusal sorumlulukla g\u00fc\u00e7lendirmek zorundad\u0131r.<br \/>\nBu y\u00fczden T\u00fcrkiye salg\u0131na \u00e7oook zay\u0131f yakalanm\u0131\u015ft\u0131r.<br \/>\n\u0130vedi olarak y\u00fcz bin sa\u011fl\u0131k \u00e7al\u0131\u015fan\u0131 atamas\u0131 yap\u0131lmal\u0131d\u0131r.<br \/>\nAyr\u0131ca her Aile Hekimli\u011fine kamu g\u00f6revlisi bir Halk Sa\u011fl\u0131\u011f\u0131 Hem\u015firesi atanmal\u0131d\u0131r. 400 binden \u00e7ok sa\u011fl\u0131k \u00e7al\u0131\u015fan\u0131 atama beklemektedir.<br \/>\nT\u00fcrkiye sa\u011fl\u0131k insang\u00fcc\u00fc ve hastane yataklar\u0131 say\u0131s\u0131 ak\u0131m\u0131ndan 36 OECD \u00fclkesi i\u00e7inde sonlardad\u0131r.<br \/>\n\u015eehir Hastaneleri a\u00e7\u0131k bir talan olup, salg\u0131nda derde deva ol(a)mad\u0131klar\u0131 \/ olamayacaklar\u0131 g\u00f6r\u00fclm\u00fc\u015ft\u00fcr; hemen kamula\u015ft\u0131r\u0131lmal\u0131, onlara feda edilerek kapat\u0131lan hastaneler geri a\u00e7\u0131lmal\u0131d\u0131r.<br \/>\n\u00d6zel sekt\u00f6r\u00fcn 50 bin yata\u011f\u0131ndan pandemide yararlan\u0131lmal\u0131d\u0131r.<br \/>\nAKP ye\u015filine boyanan Turkuvaz tablo bize, t\u00fcm perdeleme \u00e7abalar\u0131na kar\u015f\u0131n hala \u00e7oooook \u00f6nemli bilgiler veriyor. Toplam 276.555 olgudan iyile\u015fen (do\u011frusu taburcu edilen; tam iyile\u015fme yok) 249.108 d\u00fc\u015f\u00fcld\u00fc\u011f\u00fcnde 27.447 bulunuyor. Bundan da \u00f6len 6.564 \u00e7\u0131kar\u0131l\u0131rsa, 20.883 elde edilir ki, bu rakam 4 Eyl\u00fcl g\u00fcn\u00fc T\u00fcrkiye&#8217;de hastanelerde yatan hasta say\u0131s\u0131n\u0131n bir b\u00f6l\u00fcm\u00fcd\u00fcr.<br \/>\nOla\u011fan olarak COVID-19 olgular\u0131n\u0131n %85&#8217;i ayakta, hafif ge\u00e7irmektedir hastal\u0131\u011f\u0131, hatta ek bir %25 de hi\u00e7 belirtisiz. Yatmas\u0131 beklenenler 15\/125\u2026 kabaca 1\/8\u2026 Ne var ki, T\u00fcrkiye&#8217;de son verilerle, yo\u011fun bak\u0131m dahil en az 130 bin hastane yata\u011f\u0131 pandemi (k\u00fcresel salg\u0131n) i\u00e7in ayr\u0131lm\u0131\u015ft\u0131r ve hemen hemen t\u00fcm\u00fcyle doludur.<br \/>\n1. Basamakta g\u00f6\u011f\u00fcslenemeyen, bula\u015f zinciri \u2013 k\u0131r\u0131lamayan salg\u0131n, cephe gerisinde 2. ve 3. Basamak hastaneleri \u00e7\u00f6kertmi\u015ftir.<br \/>\n20.883 hasta PCR(+) olanlard\u0131r.<br \/>\nGeri kalan 110 bin yatakta ise PCR(-) COVID-19 olgular\u0131 yatmaktad\u0131r.<br \/>\nTest d\u0131\u015f\u0131nda t\u00fcm bulgular\u0131 birbiriyle ayn\u0131 2 hasta k\u00fcmesi.<br \/>\nT\u00fcrkiye, DS\u00d6 kodlama kurallar\u0131na uymayarak, test (-) leri yeni koronavir\u00fcs hastas\u0131 saym\u0131yor! Ama yataklar dolu!<br \/>\n130 bin hasta hastanelerde, bunun en az 7 kat\u0131 evlerinde.<br \/>\n1 milyonu a\u015fk\u0131n hasta!<br \/>\nBitmedi, yatak yetmezli\u011fi \u00e7ok net oldu\u011fundan, Sa\u011fl\u0131k Bakanl\u0131\u011f\u0131 salt solunum g\u00fc\u00e7l\u00fc\u011f\u00fc \/ yetmezli\u011fi ve \/ veya yutma g\u00fc\u00e7l\u00fc\u011f\u00fc vb. olan A\u011eIR hastalar\u0131 yat\u0131rabiliyor. Bunlar\u0131n da kabaca, yatmas\u0131 beklenen %15 hastan\u0131n 1\/3&#8217;\u00fc oldu\u011fu kabul edilirse, T\u00fcrkiye&#8217;de 3 milyon hasta \u2013 bula\u015fl\u0131 insan var demektir.<br \/>\nBu muazzam bir y\u00fckt\u00fcr ve bula\u015f denetimden \u00e7\u0131km\u0131\u015f, t\u00fcm topluma yay\u0131lm\u0131\u015ft\u0131r.<br \/>\n3 milyon hasta \u2013 bula\u015fl\u0131, T\u00fcrkiye&#8217;de her 29 ki\u015fiden 1&#8217;i demektir!<br \/>\nYang\u0131n yatay ve dikey eksende devasad\u0131r.<br \/>\n\u00c7\u00fcnk\u00fc yat\u0131r\u0131lanlar neredeyse t\u00fcm\u00fcyle a\u011f\u0131r hastad\u0131r.<br \/>\n3 ko\u015ful nedeniyle (solunum g\u00fc\u00e7l\u00fc\u011f\u00fc\/yetmezli\u011fi ve\/veya yutma g\u00fc\u00e7l\u00fc\u011f\u00fc vb.) ve \u00f6l\u00fcm oranlar\u0131 ka\u00e7\u0131n\u0131lmaz olarak \u00e7ok y\u00fcksek olacakt\u0131r.<br \/>\nGelin g\u00f6r\u00fcn ki, bu tablodan 276.555.PCR+ hastadan 6.564&#8217;\u00fcn\u00fcn \u00f6ld\u00fc\u011f\u00fcn\u00fc, oran\u0131n %2,4 oldu\u011funu g\u00f6r\u00fcyoruz sevin\u00e7le (!)<br \/>\nD\u00fcnya ortalamas\u0131n\u0131n yar\u0131s\u0131, nas\u0131l oluyorsa!??<br \/>\nPekiii, PCR(-) ama yatan 110 bin korona hastas\u0131ndan hi\u00e7 \u00f6l\u00fcm yok mudur??!!<br \/>\nAyn\u0131 oranda \u00f6l\u00fcm varsayarsak, 6.564&#8217;\u00fc 5,5 ile \u00e7arpmam\u0131z gerek (20 bin \/ 110 bin = 5,5)<\/p>\n<p>T\u00fcrkiye&#8217;de ger\u00e7ek korona \u00f6l\u00fcmleri yakla\u015f\u0131k 36 binlerde midir?<\/p>\n<p>Bu yak\u0131c\u0131 sorunun yan\u0131t\u0131 ise, T\u00fcrkiye&#8217;deki 1397 belediyeden, AKP&#8217;nin elindeki 585 ve 60 dolay\u0131nda kayy\u0131m atad\u0131klar\u0131 \u00e7\u0131k\u0131l\u0131rsa, kalan 752 muhalefet belediyesinden gelebilir.<br \/>\nMuhalefet partileri, mezarl\u0131klar m\u00fcd\u00fcrl\u00fcklerinden ger\u00e7ek \u00f6l\u00fcm rakamlar\u0131n\u0131 \u00e7\u0131karabilir ve ilan edilen korona \u00f6l\u00fcmleri ile kar\u015f\u0131la\u015ft\u0131r\u0131larak aradaki fark\u0131n nedeni, kayna\u011f\u0131 sorulabilir.<br \/>\nBu boyutta bir skandal herhalde, demokratik bir \u00fclkede iktidar\u0131 Giresun&#8217;daki azg\u0131n sel gibi \u00f6n\u00fcne katar ve h\u0131zla bitirir.<\/p>\n<p>Salg\u0131nla fl\u00f6rt edilmez.<br \/>\nT\u00fcrkiye, AKP=RTE&#8217;nin babas\u0131n\u0131n mal\u0131 bir A.\u015e de\u011fildir!<\/p>\n<p>Anti-emperyalist bir sava\u015fla kurulmu\u015f onurlu ve sayg\u0131n devlet ve mazlum bir Ulus ya\u015famaktad\u0131r bu topraklarda.<br \/>\nPartili Cumhurba\u015fkan\u0131 Erdo\u011fan bu \u00fclkeyi bir CEO gibi y\u00f6netemez, bu insan haklar\u0131na ayk\u0131r\u0131d\u0131r, me\u015fru de\u011fildir!<br \/>\nTBMM ola\u011fan\u00fcst\u00fc toplanarak sorunu g\u00f6r\u00fc\u015fmeli, muhalefet etkin \u00e7aba g\u00f6stermeli ve ger\u00e7ek \u00f6l\u00fcm rakamlar\u0131n\u0131 ortaya koymal\u0131, bir Salg\u0131n Kurultay\u0131 d\u00fczenleyerek iktidara ve kamuoyuna bildirgesini (manifestosunu) sunmal\u0131d\u0131r.<br \/>\nG\u00f6r\u00fclmektedir ki; salg\u0131nda, insan ya\u015fam\u0131 siyaset kurumu ve g\u00fcd\u00fcm\u00fcndeki k\u00f6hne b\u00fcrokrasi taraf\u0131ndan korun(a)mamaktad\u0131r.<br \/>\nGeriye tek se\u00e7enek B\u0130L\u0130M KURUMU kalmaktad\u0131r.<br \/>\nBu Kurumu, \u015fu anda Bilimsel Dan\u0131\u015fma Kurulu -hasbel kader- temsil etmektedir. Kurulun ezici \u00e7o\u011funlu\u011fu Hipokrat yemini etmi\u015f hekimlerdir ve temel evrensel ilke \u201cPrimum non nocere\u201d dir (\u00f6nce zararl\u0131 olmamak).<br \/>\n\u00d6nerileri b\u00fcy\u00fck \u00f6l\u00e7\u00fcde dikkate al\u0131nm\u0131yorsa, derin \u00e7eli\u015fkiler varsa.. orada durman\u0131n \u201csu\u00e7a ortak olma\u201d d\u0131\u015f\u0131nda bir anlam\u0131 kalmayacakt\u0131r.<br \/>\nKuruldaki hekim akdemisyenler, tarihsel sorumluluklar\u0131n\u0131n gere\u011fini daha \u00e7ok ertelemeden yerine getirmek zorundad\u0131rlar.<br \/>\nSon \u00e7\u00f6z\u00fcmlemede; denetimden \u00e7\u0131kan salg\u0131n, en az 14 g\u00fcnl\u00fck tam kapatma ile bask\u0131lanabilecek gibi g\u00f6r\u00fcn\u00fcyor.<br \/>\nAKP = RTE, gerekli yakla\u015f\u0131k 50 milyar $ kayna\u011f\u0131 ak\u0131lc\u0131 bi\u00e7imde bulmal\u0131 ve bu yola gidilmelidir.<br \/>\nOyalanman\u0131n, \u00f6teleme \u2013 ertelemenin, inad\u0131n bedeli hem ekonomik hem insan yiti\u011fi boyutlar\u0131yla kabul edilemeyecek kertededir.<br \/>\nSorun Ulusald\u0131r, bu salg\u0131n T\u00fcrkiye&#8217;ye diz \u00e7\u00f6kt\u00fcrebilir; \u0130ktidar\u0131 da \u00f6n\u00fcne katarak tarihin \u00e7\u00f6pl\u00fc\u011f\u00fcne s\u00fcr\u00fckler.<br \/>\nBilimsel ak\u0131lc\u0131l\u0131k d\u0131\u015f\u0131nda re\u00e7ete YOK \u2013 TUR!<\/p>\n<p>https:\/\/www.sozcu.com.tr\/2020\/yazarlar\/yilmaz-ozdil\/salginla-flort-edilmez-6024542\/<\/p>\n","protected":false},"excerpt":{"rendered":"<p>Tatarlar\u0131\u2026 Ukrayna\u2019y\u0131, \u00f6ld\u00fcr\u00fclen el\u00e7iyi, d\u00fc\u015f\u00fcr\u00fclen u\u00e7a\u011f\u0131 falan unutacakt\u0131\u2026 Sen\u2026 Milleti kendi g\u00f6t k\u0131ll\u0131n m\u0131 sand\u0131n? Rus\u2026 Af etmez. NOKTA Sende k\u0131z\u0131m yazacaksan\u2026 Bir de\u011ferlendirme, analiz, durum tespiti yapacaksan\u2026 \u00c7\u0131kar at g\u00f6zl\u00fcklerini\u2026 G\u00f6r ger\u00e7ekleri! \u2018Ki\u015fi k\u00fclt\u00fcn\u00fcn\u2019 T\u00fcrkiye\u2019ye zarar\u0131; Libya\u2019da darbe; Suriye\u2019de Rus kaz\u0131\u011f\u0131; Akdeniz\u2019de yaln\u0131zl\u0131k 31 A\u011fustos 2020 AKP-MHP i\u015fbirli\u011fi ile kurulan yeni y\u00f6netim sistemi \u201cki\u015fi &hellip; <\/p>\n<p class=\"link-more\"><a href=\"http:\/\/wordpress.gurbuz.net\/?p=50781\" class=\"more-link\"><span class=\"screen-reader-text\">\u201eNeo Osmanl\u0131 \u2013 Rus \u00e7at\u0131\u015fmas\u0131 yine hortlad\u0131. Bende bu kad\u0131n\u0131 bir \u015fey sand\u0131m, asl\u0131nda O SADECE bir gazeteci\u201c<\/span> weiterlesen<\/a><\/p>\n","protected":false},"author":1,"featured_media":0,"comment_status":"open","ping_status":"open","sticky":false,"template":"","format":"standard","meta":[],"categories":[1],"tags":[],"_links":{"self":[{"href":"http:\/\/wordpress.gurbuz.net\/index.php?rest_route=\/wp\/v2\/posts\/50781"}],"collection":[{"href":"http:\/\/wordpress.gurbuz.net\/index.php?rest_route=\/wp\/v2\/posts"}],"about":[{"href":"http:\/\/wordpress.gurbuz.net\/index.php?rest_route=\/wp\/v2\/types\/post"}],"author":[{"embeddable":true,"href":"http:\/\/wordpress.gurbuz.net\/index.php?rest_route=\/wp\/v2\/users\/1"}],"replies":[{"embeddable":true,"href":"http:\/\/wordpress.gurbuz.net\/index.php?rest_route=%2Fwp%2Fv2%2Fcomments&post=50781"}],"version-history":[{"count":4,"href":"http:\/\/wordpress.gurbuz.net\/index.php?rest_route=\/wp\/v2\/posts\/50781\/revisions"}],"predecessor-version":[{"id":50785,"href":"http:\/\/wordpress.gurbuz.net\/index.php?rest_route=\/wp\/v2\/posts\/50781\/revisions\/50785"}],"wp:attachment":[{"href":"http:\/\/wordpress.gurbuz.net\/index.php?rest_route=%2Fwp%2Fv2%2Fmedia&parent=50781"}],"wp:term":[{"taxonomy":"category","embeddable":true,"href":"http:\/\/wordpress.gurbuz.net\/index.php?rest_route=%2Fwp%2Fv2%2Fcategories&post=50781"},{"taxonomy":"post_tag","embeddable":true,"href":"http:\/\/wordpress.gurbuz.net\/index.php?rest_route=%2Fwp%2Fv2%2Ftags&post=50781"}],"curies":[{"name":"wp","href":"https:\/\/api.w.org\/{rel}","templated":true}]}}