{"id":50707,"date":"2020-09-05T08:47:11","date_gmt":"2020-09-05T08:47:11","guid":{"rendered":"http:\/\/wordpress.gurbuz.net\/?p=50707"},"modified":"2020-09-05T09:59:49","modified_gmt":"2020-09-05T09:59:49","slug":"anlayana-ermeni-hapishanesi","status":"publish","type":"post","link":"http:\/\/wordpress.gurbuz.net\/?p=50707","title":{"rendered":"Anlayana, Ermeni hapishanesi"},"content":{"rendered":"<p>Bir adam, bir mahk\u00fbm\u2026<br \/>\nE\u011fer\u2026<br \/>\nBiraz, birazc\u0131k insan\u0131 tan\u0131yorsam, birazc\u0131k ya birazc\u0131k\u2026<br \/>\nBu insan temiz.<\/p>\n<p>Tutuklanma sebebi\u2026<br \/>\nBir solcu, S\u00d6ZDE ter\u00f6r \u00f6rg\u00fct\u00fc mensubu\u2026<br \/>\nErmeni hapishaneleri, devlet SADECE g\u00fcnde 500 gram yemek, \u201cbar\u0131nma\u201d ve k\u0131\u015f\u0131n \u0131s\u0131tmadan sorumlu\u2026<br \/>\nGerisi sana kalm\u0131\u015f, geber istersen a\u00e7l\u0131ktan\u2026<br \/>\n500 gram, 500!<\/p>\n<p>4 metre kareye bazen 6 ki\u015fi\u2026<br \/>\nGenelde 4, bahse konu insanda h\u00fccrede kal\u0131yor iki ki\u015fi\u2026<br \/>\nKom\u015fu h\u00fccrede kendisinden en az 20 ya\u015f k\u00fc\u00e7\u00fck bir gen\u00e7\u2026<br \/>\nKader kurban\u0131 demi\u015f olal\u0131m\u2026<br \/>\n\u0130htiyar olan\u0131n h\u00fccresi, a\u011fz\u0131na kadar kitap dolu\u2026<br \/>\nTabii mahkumlar aras\u0131nda ileti\u015fim, mesajla\u015fma yasak.<\/p>\n<p>M\u00fckemmel bir \u0130ngilizce ihtiyarda\u2026<br \/>\nBin bir zorlukla \u00f6\u011fretmi\u015f gen\u00e7 olan\u0131na \u0130ngilizce\u2026<br \/>\nR\u00f6portaj sonunda diyor ki:<br \/>\n\u201c\u0130nsana faydal\u0131 olabildi\u011fim, hala insanlara bir \u015fey \u00f6\u011fretebildi\u011fim i\u00e7in \u00e7ok mutluyum\u201d<\/p>\n<p>\u0130ster inan ister inanma\u2026<br \/>\nDikkat et ama takip et, izle\u2026<br \/>\nBir s\u00f6zde sa\u011fc\u0131, milliyet\u00e7i, muhafazak\u00e2r ILE\u2026<br \/>\nBir devrimci aras\u0131ndaki fark\u2026<br \/>\nOKUMA\u2026<br \/>\nKendini geli\u015ftirme, di\u011feri ise yerinde sayma, kulaktan dolma ile yetinme!<\/p>\n<p>*<\/p>\n<p>\u0130talya\u2026<br \/>\nMay\u0131s ay\u0131ndan beri EN Y\u00dcKSEK rakamlar\u2026<br \/>\nAMA\u2026<br \/>\nA\u00e7\u0131klam\u0131yorlar. DIKKAT EDIN KENDINIZE<\/p>\n<p>*<\/p>\n<p>Ey anam ey&#8230;<br \/>\n&#8222;\u0130talya avc\u0131 bombard\u0131man u\u00e7aklar\u0131n\u0131 Litvanya\u2019da neden konu\u015fland\u0131r\u0131yor?<\/p>\n<p>Hangi h\u00fck\u00fcmet olursa olsun, NATO\u2019nun Rusya kar\u015f\u0131t\u0131 projesi \u00f6nlemez bir \u015fekilde ilerlemektedir. G\u00f6r\u00fcn\u00fc\u015fe g\u00f6re kimse bu projeyi kontrol etmemektedir ve \u0130ttifak kendi i\u015fleriyle me\u015fguld\u00fcr. N\u00fckleer d\u00fczene\u011fin Balt\u0131k \u00fclkelerinde, Rusya ve Belarus s\u0131n\u0131rlar\u0131nda konu\u015fland\u0131r\u0131lmas\u0131 s\u00fcreci uygulamaya sokuluyor.&#8220;<\/p>\n<p>BELKI???<\/p>\n<p>*<\/p>\n<p>Kafalarda planlar\u2026<br \/>\nKendine g\u00f6re, kimilerine g\u00f6re ger\u00e7ekler\u2026<br \/>\nIster hayat de ister Allah BAZEN bunlar\u0131 yalanlar\u2026<br \/>\nOlas\u0131l\u0131klar\u2026<br \/>\n\u00d6nder hesaplar!<\/p>\n<p>Yatak kocaman, herkes i\u00e7ine z\u0131plar\u2026<br \/>\nGurup i\u00e7inde oyna\u015fmalar\u2026<br \/>\nCilveler\u2026<br \/>\nKim kimi becerir, bazen tesad\u00fcf belirler(!)<\/p>\n<p>*<\/p>\n<p>UNUTMA&#8230;<br \/>\nBen her g\u00f6rd\u00fcg\u00fcm\u00fc her bildigimi (&#8230;)<\/p>\n<p><a href=\"https:\/\/www.msn.com\/de-de\/finanzen\/top-stories\/der-m%C3%A4chtige-euro-wird-zum-symbol-f%C3%BCr-europas-r%C3%BCckkehr-an-die-weltspitze\/ar-BB18Jm25?ocid=msedgntp\" rel=\"noopener noreferrer\" target=\"_blank\">\u0130\u015fte Sars-CoV2\u2019nin ger\u00e7ek nedenleri, bilim diyor 2021 \u2013 2022 siyaset diyor en ge\u00e7 bu sene sonu a\u015f\u0131. Alman \u00f6zdeyi\u015fidir \u201cPerlen vor die S\u00e4ue\u201c <\/a><\/p>\n<p>En tepelerde\u2026<br \/>\nParan\u0131n fink att\u0131\u011f\u0131 yerlerde\u2026<br \/>\nYerin\u2026<br \/>\nYedi kat dibinde!<\/p>\n","protected":false},"excerpt":{"rendered":"<p>Bir adam, bir mahk\u00fbm\u2026 E\u011fer\u2026 Biraz, birazc\u0131k insan\u0131 tan\u0131yorsam, birazc\u0131k ya birazc\u0131k\u2026 Bu insan temiz. Tutuklanma sebebi\u2026 Bir solcu, S\u00d6ZDE ter\u00f6r \u00f6rg\u00fct\u00fc mensubu\u2026 Ermeni hapishaneleri, devlet SADECE g\u00fcnde 500 gram yemek, \u201cbar\u0131nma\u201d ve k\u0131\u015f\u0131n \u0131s\u0131tmadan sorumlu\u2026 Gerisi sana kalm\u0131\u015f, geber istersen a\u00e7l\u0131ktan\u2026 500 gram, 500! 4 metre kareye bazen 6 ki\u015fi\u2026 Genelde 4, bahse konu &hellip; <\/p>\n<p class=\"link-more\"><a href=\"http:\/\/wordpress.gurbuz.net\/?p=50707\" class=\"more-link\"><span class=\"screen-reader-text\">\u201eAnlayana, Ermeni hapishanesi\u201c<\/span> weiterlesen<\/a><\/p>\n","protected":false},"author":1,"featured_media":0,"comment_status":"open","ping_status":"open","sticky":false,"template":"","format":"standard","meta":[],"categories":[1],"tags":[],"_links":{"self":[{"href":"http:\/\/wordpress.gurbuz.net\/index.php?rest_route=\/wp\/v2\/posts\/50707"}],"collection":[{"href":"http:\/\/wordpress.gurbuz.net\/index.php?rest_route=\/wp\/v2\/posts"}],"about":[{"href":"http:\/\/wordpress.gurbuz.net\/index.php?rest_route=\/wp\/v2\/types\/post"}],"author":[{"embeddable":true,"href":"http:\/\/wordpress.gurbuz.net\/index.php?rest_route=\/wp\/v2\/users\/1"}],"replies":[{"embeddable":true,"href":"http:\/\/wordpress.gurbuz.net\/index.php?rest_route=%2Fwp%2Fv2%2Fcomments&post=50707"}],"version-history":[{"count":13,"href":"http:\/\/wordpress.gurbuz.net\/index.php?rest_route=\/wp\/v2\/posts\/50707\/revisions"}],"predecessor-version":[{"id":50720,"href":"http:\/\/wordpress.gurbuz.net\/index.php?rest_route=\/wp\/v2\/posts\/50707\/revisions\/50720"}],"wp:attachment":[{"href":"http:\/\/wordpress.gurbuz.net\/index.php?rest_route=%2Fwp%2Fv2%2Fmedia&parent=50707"}],"wp:term":[{"taxonomy":"category","embeddable":true,"href":"http:\/\/wordpress.gurbuz.net\/index.php?rest_route=%2Fwp%2Fv2%2Fcategories&post=50707"},{"taxonomy":"post_tag","embeddable":true,"href":"http:\/\/wordpress.gurbuz.net\/index.php?rest_route=%2Fwp%2Fv2%2Ftags&post=50707"}],"curies":[{"name":"wp","href":"https:\/\/api.w.org\/{rel}","templated":true}]}}