{"id":46066,"date":"2020-06-25T09:15:36","date_gmt":"2020-06-25T09:15:36","guid":{"rendered":"http:\/\/wordpress.gurbuz.net\/?p=46066"},"modified":"2020-06-25T09:21:18","modified_gmt":"2020-06-25T09:21:18","slug":"ne-yazi-ne-sicagi-geri-zekali","status":"publish","type":"post","link":"http:\/\/wordpress.gurbuz.net\/?p=46066","title":{"rendered":"Ne yaz\u0131 ne s\u0131ca\u011f\u0131 geri zek\u00e2l\u0131?"},"content":{"rendered":"<p>Dini soru benzeri\u2026<br \/>\n\u2026<br \/>\nAbdestim bozulur mu?<br \/>\nBilmem ne\u2026<br \/>\nHani\u2026<br \/>\nM\u00fcsl\u00fcman\u0131z ya!?<\/p>\n<p>T\u00f6vbe, t\u00f6vbe\u2026<br \/>\nAllah\u2026<br \/>\nKuluna eziyet etmez\u2026<br \/>\nAllah\u2026<br \/>\nKuluna anlamayaca\u011f\u0131 \u015feyi s\u00f6ylemez, emir etmez\u2026<br \/>\nAklini kullan\u2026<br \/>\nSOR Y\u00dcREGINE!<br \/>\nNOKTA<\/p>\n<p>Kald\u0131rrr ba\u015f\u0131n\u0131 a\u011fz\u0131na s.\u00e7t\u0131\u011f\u0131m\u0131n\u0131n memleketinden\u2026<br \/>\nTayyipistandan\u2026<br \/>\nBAK ulan bak d\u00fcnyaya\u2026<br \/>\nAfrika\u2019ya\u2026<br \/>\n\u00c7ok sevdi\u011finiz Araplara\u2026<br \/>\n\u00c7\u00f6l s\u0131caklar\u0131 ulan\u2026<br \/>\nAfrika s\u0131caklar\u0131\u2026<br \/>\nMillet tek tek yakalan\u0131yor vir\u00fcse\u2026<br \/>\nSen daha yaz gelince biter\u2026<br \/>\nG\u00f6r\u00fcrs\u00fcn\u2026<br \/>\nAnan\u0131n am\u0131n\u0131!<\/p>\n<p>*<\/p>\n<p>???<br \/>\nHadi ben gitti, yokum bug\u00fcn<\/p>\n","protected":false},"excerpt":{"rendered":"<p>Dini soru benzeri\u2026 \u2026 Abdestim bozulur mu? Bilmem ne\u2026 Hani\u2026 M\u00fcsl\u00fcman\u0131z ya!? T\u00f6vbe, t\u00f6vbe\u2026 Allah\u2026 Kuluna eziyet etmez\u2026 Allah\u2026 Kuluna anlamayaca\u011f\u0131 \u015feyi s\u00f6ylemez, emir etmez\u2026 Aklini kullan\u2026 SOR Y\u00dcREGINE! NOKTA Kald\u0131rrr ba\u015f\u0131n\u0131 a\u011fz\u0131na s.\u00e7t\u0131\u011f\u0131m\u0131n\u0131n memleketinden\u2026 Tayyipistandan\u2026 BAK ulan bak d\u00fcnyaya\u2026 Afrika\u2019ya\u2026 \u00c7ok sevdi\u011finiz Araplara\u2026 \u00c7\u00f6l s\u0131caklar\u0131 ulan\u2026 Afrika s\u0131caklar\u0131\u2026 Millet tek tek yakalan\u0131yor vir\u00fcse\u2026 Sen &hellip; <\/p>\n<p class=\"link-more\"><a href=\"http:\/\/wordpress.gurbuz.net\/?p=46066\" class=\"more-link\"><span class=\"screen-reader-text\">\u201eNe yaz\u0131 ne s\u0131ca\u011f\u0131 geri zek\u00e2l\u0131?\u201c<\/span> weiterlesen<\/a><\/p>\n","protected":false},"author":1,"featured_media":0,"comment_status":"open","ping_status":"open","sticky":false,"template":"","format":"standard","meta":[],"categories":[1],"tags":[],"_links":{"self":[{"href":"http:\/\/wordpress.gurbuz.net\/index.php?rest_route=\/wp\/v2\/posts\/46066"}],"collection":[{"href":"http:\/\/wordpress.gurbuz.net\/index.php?rest_route=\/wp\/v2\/posts"}],"about":[{"href":"http:\/\/wordpress.gurbuz.net\/index.php?rest_route=\/wp\/v2\/types\/post"}],"author":[{"embeddable":true,"href":"http:\/\/wordpress.gurbuz.net\/index.php?rest_route=\/wp\/v2\/users\/1"}],"replies":[{"embeddable":true,"href":"http:\/\/wordpress.gurbuz.net\/index.php?rest_route=%2Fwp%2Fv2%2Fcomments&post=46066"}],"version-history":[{"count":5,"href":"http:\/\/wordpress.gurbuz.net\/index.php?rest_route=\/wp\/v2\/posts\/46066\/revisions"}],"predecessor-version":[{"id":46071,"href":"http:\/\/wordpress.gurbuz.net\/index.php?rest_route=\/wp\/v2\/posts\/46066\/revisions\/46071"}],"wp:attachment":[{"href":"http:\/\/wordpress.gurbuz.net\/index.php?rest_route=%2Fwp%2Fv2%2Fmedia&parent=46066"}],"wp:term":[{"taxonomy":"category","embeddable":true,"href":"http:\/\/wordpress.gurbuz.net\/index.php?rest_route=%2Fwp%2Fv2%2Fcategories&post=46066"},{"taxonomy":"post_tag","embeddable":true,"href":"http:\/\/wordpress.gurbuz.net\/index.php?rest_route=%2Fwp%2Fv2%2Ftags&post=46066"}],"curies":[{"name":"wp","href":"https:\/\/api.w.org\/{rel}","templated":true}]}}