{"id":46062,"date":"2020-06-25T09:01:37","date_gmt":"2020-06-25T09:01:37","guid":{"rendered":"http:\/\/wordpress.gurbuz.net\/?p=46062"},"modified":"2020-06-25T09:06:05","modified_gmt":"2020-06-25T09:06:05","slug":"adi-badem-orospu-cocuklari-dedim-yazdim-guende-ortalama-vaka-sayisi-2000-diye","status":"publish","type":"post","link":"http:\/\/wordpress.gurbuz.net\/?p=46062","title":{"rendered":">>> ADI BADEM, orospu \u00e7ocuklar\u0131 dedim, YAZDIM g\u00fcnde ortalama vaka say\u0131s\u0131 2000 diye <<<"},"content":{"rendered":"<p>T\u00fcrkiye B\u00fcy\u00fck Millet Meclisinde\u2026<br \/>\n\u00d6ZEL TIM KURULDU\u2026<br \/>\nTBMM\u2019de\u2026<br \/>\nVaka say\u0131s\u0131 ikiye katlanm\u0131\u015f, TBMM\u2019de\u2026<br \/>\nTBMM\u2019de!<\/p>\n<p>Var sen d\u00fc\u015f\u00fcn gerisini\u2026<br \/>\nK\u0131lavuzun karga oldu\u011fu s\u00fcrece burnun boktan \u00e7\u0131kmayacak\u2026<br \/>\nBenden s\u00f6ylemesi\u2026<br \/>\nSEN\u2026<br \/>\nDaha inanma \u00d6ndere!<\/p>\n<p>Bilsen\u2026<br \/>\nBenim nerelerden, nelerden besledi\u011fimi\u2026<br \/>\nBildi\u011fimi, EMIN olduklar\u0131m\u0131\u2026<br \/>\nVarsay\u0131m ve \u00f6ng\u00f6r\u00fclenleri\u2026<br \/>\nYEMINLE\u2026<br \/>\nYa kafay\u0131 yersin veya intihar edersin.<\/p>\n<p>Ak\u0131l\u2026<br \/>\nMant\u0131k s\u00fczgeci\u2026<br \/>\n\u00d6nderin kendisi\u2026<br \/>\nKi inan hal yok, yoksa\u2026<br \/>\nUyarmak isterdim seni.<\/p>\n","protected":false},"excerpt":{"rendered":"<p>T\u00fcrkiye B\u00fcy\u00fck Millet Meclisinde\u2026 \u00d6ZEL TIM KURULDU\u2026 TBMM\u2019de\u2026 Vaka say\u0131s\u0131 ikiye katlanm\u0131\u015f, TBMM\u2019de\u2026 TBMM\u2019de! Var sen d\u00fc\u015f\u00fcn gerisini\u2026 K\u0131lavuzun karga oldu\u011fu s\u00fcrece burnun boktan \u00e7\u0131kmayacak\u2026 Benden s\u00f6ylemesi\u2026 SEN\u2026 Daha inanma \u00d6ndere! Bilsen\u2026 Benim nerelerden, nelerden besledi\u011fimi\u2026 Bildi\u011fimi, EMIN olduklar\u0131m\u0131\u2026 Varsay\u0131m ve \u00f6ng\u00f6r\u00fclenleri\u2026 YEMINLE\u2026 Ya kafay\u0131 yersin veya intihar edersin. Ak\u0131l\u2026 Mant\u0131k s\u00fczgeci\u2026 \u00d6nderin kendisi\u2026 Ki &hellip; <\/p>\n<p class=\"link-more\"><a href=\"http:\/\/wordpress.gurbuz.net\/?p=46062\" class=\"more-link\"><span class=\"screen-reader-text\">\u201e>>> ADI BADEM, orospu \u00e7ocuklar\u0131 dedim, YAZDIM g\u00fcnde ortalama vaka say\u0131s\u0131 2000 diye <<<\u201c<\/span> weiterlesen<\/a><\/p>\n","protected":false},"author":1,"featured_media":0,"comment_status":"open","ping_status":"open","sticky":false,"template":"","format":"standard","meta":[],"categories":[1],"tags":[],"_links":{"self":[{"href":"http:\/\/wordpress.gurbuz.net\/index.php?rest_route=\/wp\/v2\/posts\/46062"}],"collection":[{"href":"http:\/\/wordpress.gurbuz.net\/index.php?rest_route=\/wp\/v2\/posts"}],"about":[{"href":"http:\/\/wordpress.gurbuz.net\/index.php?rest_route=\/wp\/v2\/types\/post"}],"author":[{"embeddable":true,"href":"http:\/\/wordpress.gurbuz.net\/index.php?rest_route=\/wp\/v2\/users\/1"}],"replies":[{"embeddable":true,"href":"http:\/\/wordpress.gurbuz.net\/index.php?rest_route=%2Fwp%2Fv2%2Fcomments&post=46062"}],"version-history":[{"count":3,"href":"http:\/\/wordpress.gurbuz.net\/index.php?rest_route=\/wp\/v2\/posts\/46062\/revisions"}],"predecessor-version":[{"id":46065,"href":"http:\/\/wordpress.gurbuz.net\/index.php?rest_route=\/wp\/v2\/posts\/46062\/revisions\/46065"}],"wp:attachment":[{"href":"http:\/\/wordpress.gurbuz.net\/index.php?rest_route=%2Fwp%2Fv2%2Fmedia&parent=46062"}],"wp:term":[{"taxonomy":"category","embeddable":true,"href":"http:\/\/wordpress.gurbuz.net\/index.php?rest_route=%2Fwp%2Fv2%2Fcategories&post=46062"},{"taxonomy":"post_tag","embeddable":true,"href":"http:\/\/wordpress.gurbuz.net\/index.php?rest_route=%2Fwp%2Fv2%2Ftags&post=46062"}],"curies":[{"name":"wp","href":"https:\/\/api.w.org\/{rel}","templated":true}]}}