{"id":46039,"date":"2020-06-25T04:21:07","date_gmt":"2020-06-25T04:21:07","guid":{"rendered":"http:\/\/wordpress.gurbuz.net\/?p=46039"},"modified":"2020-06-25T04:24:25","modified_gmt":"2020-06-25T04:24:25","slug":"zaten-bu-yuezden-duen","status":"publish","type":"post","link":"http:\/\/wordpress.gurbuz.net\/?p=46039","title":{"rendered":"Zaten bu y\u00fczden, d\u00fcn"},"content":{"rendered":"<p>Feyzio\u011flu a\u00e7\u0131klama yap\u0131yor CNN ekranlar\u0131nda\u2026<br \/>\n\u0130stanbul Barosunun b\u00f6l\u00fcnmemesi ile ilgili ve diyor ki\u2026<br \/>\n\u201cMilli bir mesele ise\u2026 Devletin yan\u0131nday\u0131m\u201d<\/p>\n<p>\u00d6nder\u2026<br \/>\nYanl\u0131\u015f kar\u015f\u0131s\u0131nda, gerekirse, gerekliyse\u2026<br \/>\nDevlet mevlet dinlemez\u2026<br \/>\nDikilir yanl\u0131\u015f\u0131n \u00f6n\u00fcne!<br \/>\nNOKTA<\/p>\n<p>Bu y\u00fczden de ba\u015f\u0131m beladan kurtulmuyor\u2026<br \/>\nVe Yass\u0131ada\u2026<br \/>\nGirme \u00d6nder bu konuya\u2026<\/p>\n<p>\u201cCHP Ankara Milletvekili Tekin Bing\u00f6l, idam edilen Deniz Gezmi\u015f, Yusuf Aslan ve H\u00fcseyin \u0130nan&#8217;\u0131n 48. \u00f6l\u00fcm y\u0131ld\u00f6n\u00fcm\u00fcnde iade-i itibar yasa teklifi haz\u0131rlad\u0131. TBMM&#8217;ye sunulan teklif ile Gezmi\u015f ve arkada\u015flar\u0131n\u0131n \u00f6l\u00fcm cezalar\u0131n\u0131n yerine getirilmesini \u00f6ng\u00f6ren 2 May\u0131s 1972 tarih ve 1586 say\u0131l\u0131 yasan\u0131n y\u00fcr\u00fcrl\u00fckten kald\u0131r\u0131lmas\u0131 istendi. Gezmi\u015f ve arkada\u015flar\u0131 6 May\u0131s g\u00fcn\u00fc idam edilmi\u015fti.<br \/>\nCHP&#8217;li Bing\u00f6l yapt\u0131\u011f\u0131 a\u00e7\u0131klamada, \u2018&#8217;Ba\u011f\u0131ms\u0131zl\u0131k, demokrasi, \u00f6zg\u00fcrl\u00fck i\u00e7in m\u00fccadele eden bu \u00fc\u00e7 gen\u00e7, adalet, karde\u015flik ve yoksullu\u011fun bitmesi gibi hakl\u0131 taleplere ra\u011fmen idam edildi. Toplum nezdinde itibarlar\u0131 var olan \u00fc\u00e7 fidan\u0131n, hukuki olarak da itibarlar\u0131n\u0131n iadesi sa\u011flanmal\u0131d\u0131r&#8220; dedi. Bing\u00f6l \u015funlar\u0131 s\u00f6yledi:<br \/>\n\u2018&#8217;\u00dczerinden 48 y\u0131l ge\u00e7en, Deniz Gezmi\u015f, Yusuf Aslan ve H\u00fcseyin \u0130nan&#8217;\u0131n idam\u0131 tarihimizde derin yaralar a\u00e7m\u0131\u015ft\u0131r. 1968&#8217;li y\u0131llarda y\u00fckselen gen\u00e7lik hareketinin sonucu 12 Mart 1971&#8217;de muht\u0131ra ile gelen askeri darbe ile \u00fc\u00e7 fidan 6 May\u0131s 1972&#8217;de, Ankara Ulucanlar Cezaevi&#8217;nde as\u0131lm\u0131\u015ft\u0131r. O tarihte Gezmi\u015f ve Aslan 25, \u0130nan ise 23 ya\u015f\u0131ndayd\u0131lar. Yasa teklifi ile toplum vicdan\u0131nda a\u00e7\u0131lan derin tahribat bir nebze olsun giderilecektir.&#8220;\u201c<br \/>\nhttps:\/\/www.sozcu.com.tr\/2020\/gundem\/uc-fidana-48-yil-sonra-iade-i-itibar-5796155\/<\/p>\n<p>NOT:<\/p>\n<p><strong>D\u00fcn\u2026<br \/>\nHaber duyulur duyulmaz, Brent Petrol 37 dolara geriledi\u2026<br \/>\nAlt\u0131n\u2026<br \/>\nOfff, sonra toparlad\u0131lar yine kendilerini\u2026<br \/>\nBu hafta ilgin\u00e7 olacak!<\/strong><\/p>\n","protected":false},"excerpt":{"rendered":"<p>Feyzio\u011flu a\u00e7\u0131klama yap\u0131yor CNN ekranlar\u0131nda\u2026 \u0130stanbul Barosunun b\u00f6l\u00fcnmemesi ile ilgili ve diyor ki\u2026 \u201cMilli bir mesele ise\u2026 Devletin yan\u0131nday\u0131m\u201d \u00d6nder\u2026 Yanl\u0131\u015f kar\u015f\u0131s\u0131nda, gerekirse, gerekliyse\u2026 Devlet mevlet dinlemez\u2026 Dikilir yanl\u0131\u015f\u0131n \u00f6n\u00fcne! NOKTA Bu y\u00fczden de ba\u015f\u0131m beladan kurtulmuyor\u2026 Ve Yass\u0131ada\u2026 Girme \u00d6nder bu konuya\u2026 \u201cCHP Ankara Milletvekili Tekin Bing\u00f6l, idam edilen Deniz Gezmi\u015f, Yusuf Aslan ve &hellip; <\/p>\n<p class=\"link-more\"><a href=\"http:\/\/wordpress.gurbuz.net\/?p=46039\" class=\"more-link\"><span class=\"screen-reader-text\">\u201eZaten bu y\u00fczden, d\u00fcn\u201c<\/span> weiterlesen<\/a><\/p>\n","protected":false},"author":1,"featured_media":0,"comment_status":"open","ping_status":"open","sticky":false,"template":"","format":"standard","meta":[],"categories":[1],"tags":[],"_links":{"self":[{"href":"http:\/\/wordpress.gurbuz.net\/index.php?rest_route=\/wp\/v2\/posts\/46039"}],"collection":[{"href":"http:\/\/wordpress.gurbuz.net\/index.php?rest_route=\/wp\/v2\/posts"}],"about":[{"href":"http:\/\/wordpress.gurbuz.net\/index.php?rest_route=\/wp\/v2\/types\/post"}],"author":[{"embeddable":true,"href":"http:\/\/wordpress.gurbuz.net\/index.php?rest_route=\/wp\/v2\/users\/1"}],"replies":[{"embeddable":true,"href":"http:\/\/wordpress.gurbuz.net\/index.php?rest_route=%2Fwp%2Fv2%2Fcomments&post=46039"}],"version-history":[{"count":4,"href":"http:\/\/wordpress.gurbuz.net\/index.php?rest_route=\/wp\/v2\/posts\/46039\/revisions"}],"predecessor-version":[{"id":46043,"href":"http:\/\/wordpress.gurbuz.net\/index.php?rest_route=\/wp\/v2\/posts\/46039\/revisions\/46043"}],"wp:attachment":[{"href":"http:\/\/wordpress.gurbuz.net\/index.php?rest_route=%2Fwp%2Fv2%2Fmedia&parent=46039"}],"wp:term":[{"taxonomy":"category","embeddable":true,"href":"http:\/\/wordpress.gurbuz.net\/index.php?rest_route=%2Fwp%2Fv2%2Fcategories&post=46039"},{"taxonomy":"post_tag","embeddable":true,"href":"http:\/\/wordpress.gurbuz.net\/index.php?rest_route=%2Fwp%2Fv2%2Ftags&post=46039"}],"curies":[{"name":"wp","href":"https:\/\/api.w.org\/{rel}","templated":true}]}}