{"id":43153,"date":"2020-05-05T09:30:03","date_gmt":"2020-05-05T09:30:03","guid":{"rendered":"http:\/\/wordpress.gurbuz.net\/?p=43153"},"modified":"2020-05-05T10:05:59","modified_gmt":"2020-05-05T10:05:59","slug":"yeter-ulan-yeter-sikerim-sizin-dinci-cumhurbaskani-kahpedoganinizi-tayyipistan-dijital-paraya-hazir-mi-ananizin-ami","status":"publish","type":"post","link":"http:\/\/wordpress.gurbuz.net\/?p=43153","title":{"rendered":"Yeter ulan yeter, sikerim sizin dinci Cumhurba\u015fkan\u0131 Kahpedo\u011fan\u0131n\u0131z\u0131, Tayyipistan dijital paraya haz\u0131r m\u0131? ANANIZIN AMI!"},"content":{"rendered":"<p><strong>Almanya saati 11:29 dolar 7,0737 <\/strong><br \/>\nBak \u201cd\u00fcnya lideriniz\u201d g\u0131k\u0131n\u0131 \u00e7\u0131karabiliyor mu Amerika\u2019ya?<br \/>\nYedi y.ra\u011f\u0131 oturdu g\u00f6t \u00fcst\u00fc\u2026<br \/>\nB\u0131rak Amerika\u2019y\u0131\u2026<br \/>\nARAP BILE\u2026<br \/>\nO bay\u0131ld\u0131\u011f\u0131, bitti\u011fi Arap alemi bile y\u00fcz\u00fcne t\u00fck\u00fcr\u00fcp\u2026<br \/>\nAnas\u0131n\u0131, avrad\u0131n\u0131 sikti!<\/p>\n<p><strong>Yeter ulan ne bok yerseniz yiyin\u2026<br \/>\nBensiz yiyin!<\/strong><\/p>\n<p>Biliyor musunuz, bu ger\u00e7ek\u2026<br \/>\nHadi bug\u00fcne kadar yazm\u0131\u015f oldu\u011fum her \u015fey yalan yanl\u0131\u015f olsun\u2026<br \/>\nAMA\u2026<br \/>\nBu bir ger\u00e7ek.<\/p>\n<p>\u0130nsan bir sosyal varl\u0131k\u2026<br \/>\n\u201cKom\u015fu kom\u015funun k\u00fcl\u00fcne muhta\u00e7\u201d<br \/>\nVe insan\u2026<br \/>\nVe toplumlar binlerce y\u0131l i\u00e7inde ama bilerek, bilmeyerek\u2026<br \/>\nAma deneme yan\u0131lma y\u00f6ntemi ile kendilerine bir d\u00fczen kurdular\u2026<br \/>\nBu devletler i\u00e7inde ge\u00e7erlidir\u2026<br \/>\nVe bir AYI\u2026<br \/>\nBir Kas\u0131mpa\u015fa ay\u0131s\u0131 \u00e7\u0131kacak g\u00fcn\u00fcn birinde\u2026<br \/>\nBu toplumun t\u00fcm de\u011ferlerini, kazan\u0131mlar\u0131n\u0131 her \u015feyini tart\u0131\u015fmaya a\u00e7arak\u2026<br \/>\nDINIMIZI BILE\u2026<br \/>\nOrada konan gelenek ve g\u00f6renekleri, uygulamalar\u0131\u2026<br \/>\nAlt\u00fcst edecek \u00f6yle mi?<br \/>\nMeydanda neticeleri!<\/p>\n<p>Ve birey\u2026<br \/>\nVEEE Aile\u2026<br \/>\nVe toplumsal d\u00fczen, y\u00fczy\u0131llardan gelen\u2026<br \/>\nAc\u0131 tatl\u0131 tecr\u00fcbelere dayanan\u2026<br \/>\nBir Kas\u0131mpa\u015fa AYISI, zibidileri taraf\u0131ndan (\u2026)<br \/>\nSiktirin be\u2026<br \/>\nSiktirin gidin ba\u015f\u0131mdan!<\/p>\n<p>\ud83d\ude09<\/p>\n<p><strong>Oluyor gene bir \u015feyler\u2026<br \/>\nBrent Petrol 29,23<\/strong><\/p>\n<p>INAN ben bo\u015funa isyan etmiyorum, bil\u2026<br \/>\nVe sus\u2026<br \/>\nAl\u0131\u015fveri\u015ften geliyorum, bedavac\u0131 de\u011fil, pahal\u0131ca\u2026<br \/>\nOrtas\u0131, isim vermeyeyim, dizelin litresi 0,9799<br \/>\nSigarada alacakt\u0131m, d\u00f6nmek zor geldi\u2026<br \/>\nAradan belki \u00bd saat ge\u00e7ti\u2026<br \/>\nLitresi 1,0799<br \/>\nNe oldu ya ne oldu?<br \/>\nYaz\u0131k g\u00fcnah de\u011fil mi insanlara, k\u0131sa \u00e7al\u0131\u015fma\u2026<br \/>\nAlmanya peri\u015fan, aileler zor durumda\u2026<br \/>\nTayyipistani d\u00fc\u015f\u00fcnmek bile istemiyorum, sigortac\u0131n\u0131n dedikleri\u2026<br \/>\nYa yaz\u0131k de\u011fil mi insanlara\u2026<br \/>\nNe oldu ULAN NE OLDU\u2026<br \/>\nE\u011fer maske, geli\u015ftirdi\u011fim, insanlara izah etti\u011fim olmasayd\u0131\u2026<br \/>\n\u201cA\u00e7t\u0131k ulan a\u00e7\u201d ALLAHSIZLAR, YETER!<\/p>\n<p>Allah belam\u0131 versin yalan\u0131m varsa Almanya\u2019da bir\u00e7ok insan bu durumda!<\/p>\n","protected":false},"excerpt":{"rendered":"<p>Almanya saati 11:29 dolar 7,0737 Bak \u201cd\u00fcnya lideriniz\u201d g\u0131k\u0131n\u0131 \u00e7\u0131karabiliyor mu Amerika\u2019ya? Yedi y.ra\u011f\u0131 oturdu g\u00f6t \u00fcst\u00fc\u2026 B\u0131rak Amerika\u2019y\u0131\u2026 ARAP BILE\u2026 O bay\u0131ld\u0131\u011f\u0131, bitti\u011fi Arap alemi bile y\u00fcz\u00fcne t\u00fck\u00fcr\u00fcp\u2026 Anas\u0131n\u0131, avrad\u0131n\u0131 sikti! Yeter ulan ne bok yerseniz yiyin\u2026 Bensiz yiyin! Biliyor musunuz, bu ger\u00e7ek\u2026 Hadi bug\u00fcne kadar yazm\u0131\u015f oldu\u011fum her \u015fey yalan yanl\u0131\u015f olsun\u2026 AMA\u2026 &hellip; <\/p>\n<p class=\"link-more\"><a href=\"http:\/\/wordpress.gurbuz.net\/?p=43153\" class=\"more-link\"><span class=\"screen-reader-text\">\u201eYeter ulan yeter, sikerim sizin dinci Cumhurba\u015fkan\u0131 Kahpedo\u011fan\u0131n\u0131z\u0131, Tayyipistan dijital paraya haz\u0131r m\u0131? ANANIZIN AMI!\u201c<\/span> weiterlesen<\/a><\/p>\n","protected":false},"author":1,"featured_media":0,"comment_status":"open","ping_status":"open","sticky":false,"template":"","format":"standard","meta":[],"categories":[1],"tags":[],"_links":{"self":[{"href":"http:\/\/wordpress.gurbuz.net\/index.php?rest_route=\/wp\/v2\/posts\/43153"}],"collection":[{"href":"http:\/\/wordpress.gurbuz.net\/index.php?rest_route=\/wp\/v2\/posts"}],"about":[{"href":"http:\/\/wordpress.gurbuz.net\/index.php?rest_route=\/wp\/v2\/types\/post"}],"author":[{"embeddable":true,"href":"http:\/\/wordpress.gurbuz.net\/index.php?rest_route=\/wp\/v2\/users\/1"}],"replies":[{"embeddable":true,"href":"http:\/\/wordpress.gurbuz.net\/index.php?rest_route=%2Fwp%2Fv2%2Fcomments&post=43153"}],"version-history":[{"count":8,"href":"http:\/\/wordpress.gurbuz.net\/index.php?rest_route=\/wp\/v2\/posts\/43153\/revisions"}],"predecessor-version":[{"id":43161,"href":"http:\/\/wordpress.gurbuz.net\/index.php?rest_route=\/wp\/v2\/posts\/43153\/revisions\/43161"}],"wp:attachment":[{"href":"http:\/\/wordpress.gurbuz.net\/index.php?rest_route=%2Fwp%2Fv2%2Fmedia&parent=43153"}],"wp:term":[{"taxonomy":"category","embeddable":true,"href":"http:\/\/wordpress.gurbuz.net\/index.php?rest_route=%2Fwp%2Fv2%2Fcategories&post=43153"},{"taxonomy":"post_tag","embeddable":true,"href":"http:\/\/wordpress.gurbuz.net\/index.php?rest_route=%2Fwp%2Fv2%2Ftags&post=43153"}],"curies":[{"name":"wp","href":"https:\/\/api.w.org\/{rel}","templated":true}]}}