{"id":39487,"date":"2020-03-09T12:26:42","date_gmt":"2020-03-09T12:26:42","guid":{"rendered":"http:\/\/wordpress.gurbuz.net\/?p=39487"},"modified":"2020-03-09T12:38:51","modified_gmt":"2020-03-09T12:38:51","slug":"veee-artik-duenya-resesyonundan-konusuluyor-birde-ise-her-sey-yolunda","status":"publish","type":"post","link":"http:\/\/wordpress.gurbuz.net\/?p=39487","title":{"rendered":"Veee ARTIK d\u00fcnya resesyonundan konu\u015fuluyor, bizde ise \u201cher \u015fey yolunda\u201d"},"content":{"rendered":"<p>Azd\u0131lar azd\u0131lar, kudurdular\u2026<br \/>\nG\u00d6TLER\u2026<br \/>\nVe k\u0131llar\u0131 bizleri getirdi bu hallere!<\/p>\n<p>Bak d\u00fcnyaya\u2026<br \/>\nBAK, G\u00d6R\u2026<br \/>\nHer yerde s\u00f6zde KAZAK ERKEKLER\u2026<br \/>\nBilmem nemin tepesi\u2026<br \/>\nHayat\u0131mda INSAN\u2026<br \/>\nErkek g\u00f6rmesem inand\u0131racaklar beni!<\/p>\n<p>Merhum \u015eeyh Edeb\u00e2li&#8217;nin merhum Osman Gazi&#8217;ye yapm\u0131\u015f olduklar\u0131 bu nasihatlerinden biri \u015f\u00f6yledir:<\/p>\n<p><em>&#8222;O\u011ful!<br \/>\n\u0130nsanlar vard\u0131r, \u015fafak vaktinde do\u011far, ak\u015fam ezan\u0131nda \u00f6l\u00fcrler.<\/p>\n<p>Avun o\u011flum avun&#8230;<\/p>\n<p>G\u00fc\u00e7l\u00fcs\u00fcn, kuvvetlisin, ak\u0131ll\u0131s\u0131n, kel\u00e2ml\u0131s\u0131n. Ama; bunlar\u0131 nerede, nas\u0131l kullanaca\u011f\u0131n\u0131 bilmezsen sabah r\u00fczg\u00e2r\u0131nda savrulur gidersin. \u00d6fken ve nefsin bir olup akl\u0131n\u0131 yener. D\u00e2ima sab\u0131rl\u0131, sebatl\u0131 ve iradene sahip olas\u0131n. D\u00fcnya senin g\u00f6rd\u00fc\u011f\u00fcn gibi de\u011fildir. B\u00fct\u00fcn fethedilmemi\u015f gizemler, bilinmeyenler, g\u00f6r\u00fclmeyenler, ancak; senin fazilet ve erdemlerinle g\u00fcn \u0131\u015f\u0131\u011f\u0131na \u00e7\u0131kacakt\u0131r.<\/p>\n<p>Anan\u0131, atan\u0131 say, bereket b\u00fcy\u00fcklerle beraberdir. Bu d\u00fcnyada inanc\u0131n\u0131 kaybedersen ye\u015filken \u00e7orak olur, \u00e7\u00f6llere d\u00f6nersin. A\u00e7\u0131k s\u00f6zl\u00fc ol. Her s\u00f6z\u00fc \u00fcst\u00fcne alma. G\u00f6rd\u00fcn s\u00f6yleme, bildin bilme.<\/p>\n<p>Sevildi\u011fin yere s\u0131k gidip gelme, kalkar muhabbetin itib\u00e2r\u0131n olmaz.<\/p>\n<p>\u00dc\u00e7 ki\u015fiye ac\u0131:<\/p>\n<p><strong>\u2022 Cahiller aras\u0131nda \u00e2lime.<br \/>\n\u2022 Zenginken fakir d\u00fc\u015fene.<br \/>\n\u2022 Hay\u0131rl\u0131 iken itibar\u0131n\u0131 kaybedene.<\/strong><\/p>\n<p>Unutma ki, y\u00fcksekte yer tutanlar a\u015fa\u011f\u0131dakiler kadar emniyette de\u011fildir.<\/p>\n<p><strong>Hakl\u0131 oldu\u011funda m\u00fccadeleden korkma. Bilesin ki, at\u0131n iyisine doru, yi\u011fidin iyisine deli derler.<\/strong><\/p>\n<p>Ey o\u011ful!<\/p>\n<p>Bundan sonra \u00f6fke bize, uysall\u0131k sana.<br \/>\nG\u00fcceniklik bize, g\u00f6n\u00fcl almak sana.<br \/>\nSu\u00e7lamak bize, katlanmak sana.<br \/>\n\u00c2cizlik bize, yan\u0131lg\u0131 bize, ho\u015fg\u00f6rmek sana.<br \/>\nGe\u00e7imsizlik, \u00e7at\u0131\u015fmalar, uyumsuzluklar, anla\u015fmazl\u0131klar bize, adalet sana.<br \/>\nK\u00f6t\u00fc g\u00f6z, \u015fom a\u011f\u0131z, haks\u0131z yorum bize, ba\u011f\u0131\u015flamak sana.<\/p>\n<p>Ey o\u011ful!<\/p>\n<p>B\u00f6lmek bize, b\u00fct\u00fcnlemek sana.<br \/>\n\u00dc\u015fengen\u00e7lik bize, uyarmak, gayretlendirmek \u015fekillendirmek sana.<\/p>\n<p><strong>Ey o\u011ful!<\/p>\n<p>Sabretmesini bil&#8230; Vaktinden \u00f6nce \u00e7i\u00e7ek a\u00e7maz.<br \/>\n\u015eunu da unutma! \u0130nsan\u0131 ya\u015fat ki, devlet ya\u015fas\u0131n&#8230;<\/strong><\/p>\n<p>Ey o\u011ful!<\/p>\n<p>\u0130\u015fin a\u011f\u0131r, i\u015fin \u00e7etin, g\u00fcc\u00fcn k\u0131la ba\u011fl\u0131.<br \/>\nAllah (c.c.) yard\u0131mc\u0131n olsun&#8230;&#8220;<br \/>\n<\/em><\/p>\n","protected":false},"excerpt":{"rendered":"<p>Azd\u0131lar azd\u0131lar, kudurdular\u2026 G\u00d6TLER\u2026 Ve k\u0131llar\u0131 bizleri getirdi bu hallere! Bak d\u00fcnyaya\u2026 BAK, G\u00d6R\u2026 Her yerde s\u00f6zde KAZAK ERKEKLER\u2026 Bilmem nemin tepesi\u2026 Hayat\u0131mda INSAN\u2026 Erkek g\u00f6rmesem inand\u0131racaklar beni! Merhum \u015eeyh Edeb\u00e2li&#8217;nin merhum Osman Gazi&#8217;ye yapm\u0131\u015f olduklar\u0131 bu nasihatlerinden biri \u015f\u00f6yledir: &#8222;O\u011ful! \u0130nsanlar vard\u0131r, \u015fafak vaktinde do\u011far, ak\u015fam ezan\u0131nda \u00f6l\u00fcrler. Avun o\u011flum avun&#8230; G\u00fc\u00e7l\u00fcs\u00fcn, kuvvetlisin, ak\u0131ll\u0131s\u0131n, &hellip; <\/p>\n<p class=\"link-more\"><a href=\"http:\/\/wordpress.gurbuz.net\/?p=39487\" class=\"more-link\"><span class=\"screen-reader-text\">\u201eVeee ARTIK d\u00fcnya resesyonundan konu\u015fuluyor, bizde ise \u201cher \u015fey yolunda\u201d\u201c<\/span> weiterlesen<\/a><\/p>\n","protected":false},"author":1,"featured_media":0,"comment_status":"open","ping_status":"open","sticky":false,"template":"","format":"standard","meta":[],"categories":[1],"tags":[],"_links":{"self":[{"href":"http:\/\/wordpress.gurbuz.net\/index.php?rest_route=\/wp\/v2\/posts\/39487"}],"collection":[{"href":"http:\/\/wordpress.gurbuz.net\/index.php?rest_route=\/wp\/v2\/posts"}],"about":[{"href":"http:\/\/wordpress.gurbuz.net\/index.php?rest_route=\/wp\/v2\/types\/post"}],"author":[{"embeddable":true,"href":"http:\/\/wordpress.gurbuz.net\/index.php?rest_route=\/wp\/v2\/users\/1"}],"replies":[{"embeddable":true,"href":"http:\/\/wordpress.gurbuz.net\/index.php?rest_route=%2Fwp%2Fv2%2Fcomments&post=39487"}],"version-history":[{"count":8,"href":"http:\/\/wordpress.gurbuz.net\/index.php?rest_route=\/wp\/v2\/posts\/39487\/revisions"}],"predecessor-version":[{"id":39495,"href":"http:\/\/wordpress.gurbuz.net\/index.php?rest_route=\/wp\/v2\/posts\/39487\/revisions\/39495"}],"wp:attachment":[{"href":"http:\/\/wordpress.gurbuz.net\/index.php?rest_route=%2Fwp%2Fv2%2Fmedia&parent=39487"}],"wp:term":[{"taxonomy":"category","embeddable":true,"href":"http:\/\/wordpress.gurbuz.net\/index.php?rest_route=%2Fwp%2Fv2%2Fcategories&post=39487"},{"taxonomy":"post_tag","embeddable":true,"href":"http:\/\/wordpress.gurbuz.net\/index.php?rest_route=%2Fwp%2Fv2%2Ftags&post=39487"}],"curies":[{"name":"wp","href":"https:\/\/api.w.org\/{rel}","templated":true}]}}