{"id":39433,"date":"2020-03-09T07:10:11","date_gmt":"2020-03-09T07:10:11","guid":{"rendered":"http:\/\/wordpress.gurbuz.net\/?p=39433"},"modified":"2020-03-09T07:40:04","modified_gmt":"2020-03-09T07:40:04","slug":"kizilmaske","status":"publish","type":"post","link":"http:\/\/wordpress.gurbuz.net\/?p=39433","title":{"rendered":"K\u0131z\u0131lmaske"},"content":{"rendered":"<p>\u00c7ocuklu\u011fumun bir \u00e7izgi roman karakteri\u2026<br \/>\nRabbim\u2026<br \/>\nBo\u015funa OKU diye emir vermedi, OKU\u2026<br \/>\nBeni oku bu yaz\u0131lanlar\u0131 oku demedi, OKU DIYOR.<\/p>\n<p>K\u0131z\u0131lmaskeyi bilenler\u2026<br \/>\nPigmenleri yak\u0131ndan tan\u0131rlar, Afrikal\u0131 yerlilerden olan bir irk\u2026<br \/>\nUfak tefek, \u00e7\u0131lg\u0131nl\u0131klar\u0131, \u00f6fkeleriyle bilinirler\u2026<br \/>\nBILIM DIYOR\u2026<br \/>\nBug\u00fcnlere gelebilen en eski, en k\u00f6kl\u00fc irk. Libya hakk\u0131ndaki bilgim\u2026<br \/>\nK\u0131z\u0131lmaske\u2026<br \/>\nRomanlar\u0131na da dayan\u0131r. UNUTMA\u2026<br \/>\nHer hik\u00e2yede, her masalda vard\u0131r bir \u00f6z, bir ger\u00e7ek\u2026<br \/>\n\u0130nsan anlayabilmeli, g\u00f6rmeli.<\/p>\n<p>Bu sabah 06:45 Tayyip saati\u2026<br \/>\nEuro YEDIYI g\u00f6rd\u00fc. Ge\u00e7ti\u2026<br \/>\n\u00d6ncesini bilmem, \u00f6yle k\u00f6t\u00fc bir geceydi ki akl\u0131m ba\u015f\u0131mda de\u011fil. Dokuzu bekliyorum\u2026<br \/>\nGitmeliyim yoksa protesto yiyece\u011fim, art\u0131k Allah ne nasip ettiyse, bize kuru\u015f kalmamacas\u0131na\u2026<br \/>\nNAMA\u2026<br \/>\nNAM \/ YAM k\u00f6k\u00fcnden t\u00fcremi\u015f bir kelime, Altay T\u00fcrkleri\u2026<br \/>\nNuh Tufan\u0131\u2026<\/p>\n<p>G\u00f6k teke yedi g\u00fcn yery\u00fcz\u00fcn\u00fc dola\u015ft\u0131 ve ba\u011f\u0131rd\u0131<br \/>\nYedi g\u00fcn zelzele oldu<br \/>\nYedi g\u00fcn da\u011flar ate\u015f p\u00fcsk\u00fcrd\u00fc<br \/>\nYedi g\u00fcn ya\u011fmur ya\u011fd\u0131<br \/>\nYedi g\u00fcn f\u0131rt\u0131na oldu ve dolu ya\u011fd\u0131<br \/>\nYedi g\u00fcn kar ya\u011fd\u0131<\/p>\n<p>Altay T\u00fcrklerinin yarat\u0131l\u0131\u015f efsanesinde D\u00fcnya\u2019n\u0131n ekseninin sabitli\u011fi Tanr\u0131 \u00dclgen\u2019ce ba\u015f\u0131 zincirle bir kaz\u0131\u011fa ba\u011flanan bal\u0131k sembolizmiyle belirtilir ve bal\u0131\u011f\u0131n ba\u015f\u0131n\u0131n y\u00f6n\u00fcn\u00fcn, yani eksenin y\u00f6n\u00fcn\u00fcn de\u011fi\u015fmesi h\u00e2linde tufan\u0131n tekrar meydana gelece\u011fi s\u00f6ylenir. <\/p>\n<p>Diyorum ya\u2026<br \/>\nD\u00fcnyan\u0131n d\u00f6rt bir taraf\u0131nda dola\u015f\u0131r bu \u201cefsane\u201d az biraz de\u011fi\u015ftirilmi\u015f\u2026<br \/>\nAMA \u00d6Z\u00dcNDE\u2026<br \/>\n\u0130nsanl\u0131\u011f\u0131n ORTAK HAFIZASINDA.<\/p>\n<p>Ve Nuh Peygamber\u2026<br \/>\nD\u00f6rt taraf\u0131 u\u00e7suz bucaks\u0131z su, deniz durulmu\u015f ama\u2026<br \/>\nG\u00fcnler sonra, deli\u2026<br \/>\n\u00c7\u0131lg\u0131n dalgalar\u0131n dinip, g\u00fcnesin TEKRAR do\u011fdu\u011fu anda\u2026<br \/>\nBELKI g\u00fcvercini salmas\u0131\u2026<br \/>\nU\u00e7 ku\u015fum u\u00e7\u2026<br \/>\nYeni bir ba\u015flang\u0131ca, k\u00f6t\u00fc g\u00fcnlerin ard\u0131m\u0131zda kald\u0131\u011f\u0131 anda u\u00e7 ku\u015fum u\u00e7 yeni umutlara\u2026<br \/>\nDiyerek umut dolu bekleyi\u015fi\u2026<br \/>\nVE g\u00fcvercin d\u00f6ner geriye, gagas\u0131nda bir zeytin dal\u0131yla birlikte\u2026<br \/>\nVEEE\u2026<br \/>\nNuh Peygamber uzaklarda, ta ufukta\u2026<br \/>\nBelli belirsiz bir \u015fey g\u00f6r\u00fcr, bir u\u00e7\u2026<br \/>\nBir sivri\u2026<br \/>\nDenizden g\u00f6\u011fe do\u011fru y\u00fckselen toprak par\u00e7as\u0131\u2026<br \/>\nEvet\u2026<br \/>\nPiramitlerin neyi simgeledi\u011fini bekli \u015fimdi \u00f6\u011frenecek, anlayacaks\u0131n\u0131z\u2026<br \/>\n\u0130nsanl\u0131k tarihinde\u2026<br \/>\nMezarlar\u0131n tepelenmesi\u2026<br \/>\nYeni bir umudun, yeni bir ba\u015flang\u0131c\u0131n simgesi.<\/p>\n<p>Allah b\u00fcy\u00fck\u2026<br \/>\nAllah\u2026<br \/>\n\u00c7ok b\u00fcy\u00fck ve Nuh Tufan\u0131 bilimsel olarak kan\u0131tland\u0131\u2026<br \/>\nAma insan i\u015fte\u2026<br \/>\n\u00c7i\u011f s\u00fcz emmi\u015f bir varl\u0131k\u2026<br \/>\nYETMEDI\u2026<br \/>\nBabil kulesin, anlamad\u0131 insan ANLAMAYACAK\u2026<br \/>\nDil karma\u015fay\u0131 yetmedi\u2026<br \/>\nHabil\u2026<br \/>\nVe Kabil t\u00fcm bunlar\u0131n \u00fcst\u00fcne tuz biber ekti\u2026<br \/>\nO g\u00fcn bug\u00fcnd\u00fcr\u2026<br \/>\n\u00d6ld\u00fcr\u00fcr\u2026<br \/>\nKarde\u015fler birbirlerini.<\/p>\n<p>K\u00f6k\u00fcm\u00fcz nere?<br \/>\nAfrika\u2026<br \/>\nBilincimiz nere?<br \/>\nVarl\u0131\u011f\u0131m\u0131z, kendimizi tarifimiz, \u00d6Z\u00dcM\u00dcZ\u2026<br \/>\nK\u00f6k\u00fcm\u00fcz\u2026<br \/>\nOrtado\u011fu, Afrika\u2019dan Ortado\u011fu\u2019ya oradan d\u00fcnyaya yay\u0131ld\u0131 insan\u2026<br \/>\nGeldi bir g\u00fcn Avrupa\u2019ya, uzand\u0131 Asya\u2019ya\u2026<br \/>\nEngin denizler a\u015ft\u0131, deli dalgalar, \u00f6len oldu kalan oldu\u2026<br \/>\n\u00d6nder ister\u2026<br \/>\nG\u00f6n\u00fcl ister sizlerle felsefenin derinliklerine dalmay\u0131\u2026<br \/>\nAma \u00d6nder gider\u2026<br \/>\nGider, bir t\u00fcrl\u00fc varamaz, gitmeli\u2026<br \/>\nVarmas\u0131 gereken yere, nihayete\u2026<br \/>\nBelki\u2026<br \/>\nAnlat\u0131r\u0131m bir ara gerisini.<\/p>\n<p>Not:<br \/>\nAtlar sorar:<\/p>\n<p>\u201c<strong>Okuyan m\u0131 bilir gezen mi?<\/strong>\u201d<\/p>\n<p>En g\u00fczeli ikisi\u2026<br \/>\nAncak Rab nasip etmeli, tecr\u00fcbe edinmeyi\u2026<br \/>\nHem oku\u2026<br \/>\nHem gez, g\u00f6r\u2026<br \/>\nRabbim bana nasip etti\u2026<br \/>\nBelki\u2026<br \/>\nOlur kelimelerin bir faydas\u0131!?<\/p>\n<p>Hadi ben gitti<\/p>\n<p>Tepelerin, \u201cg\u00f6kdelenlerin\u201d var tabii birde sosyolojik\u2026<br \/>\nG\u00fc\u00e7 denilen ile bir ilgisi, ili\u015fkisi\u2026<br \/>\nAnlatt\u0131\u011f\u0131m \u201cyorumlardan\u201d birisi\u2026<br \/>\nDaha \u00e7ok anlatacaklar\u0131m var, bitmez \u00d6nderin diyecekleri.<\/p>\n","protected":false},"excerpt":{"rendered":"<p>\u00c7ocuklu\u011fumun bir \u00e7izgi roman karakteri\u2026 Rabbim\u2026 Bo\u015funa OKU diye emir vermedi, OKU\u2026 Beni oku bu yaz\u0131lanlar\u0131 oku demedi, OKU DIYOR. K\u0131z\u0131lmaskeyi bilenler\u2026 Pigmenleri yak\u0131ndan tan\u0131rlar, Afrikal\u0131 yerlilerden olan bir irk\u2026 Ufak tefek, \u00e7\u0131lg\u0131nl\u0131klar\u0131, \u00f6fkeleriyle bilinirler\u2026 BILIM DIYOR\u2026 Bug\u00fcnlere gelebilen en eski, en k\u00f6kl\u00fc irk. Libya hakk\u0131ndaki bilgim\u2026 K\u0131z\u0131lmaske\u2026 Romanlar\u0131na da dayan\u0131r. UNUTMA\u2026 Her hik\u00e2yede, her &hellip; <\/p>\n<p class=\"link-more\"><a href=\"http:\/\/wordpress.gurbuz.net\/?p=39433\" class=\"more-link\"><span class=\"screen-reader-text\">\u201eK\u0131z\u0131lmaske\u201c<\/span> weiterlesen<\/a><\/p>\n","protected":false},"author":1,"featured_media":0,"comment_status":"open","ping_status":"open","sticky":false,"template":"","format":"standard","meta":[],"categories":[1],"tags":[],"_links":{"self":[{"href":"http:\/\/wordpress.gurbuz.net\/index.php?rest_route=\/wp\/v2\/posts\/39433"}],"collection":[{"href":"http:\/\/wordpress.gurbuz.net\/index.php?rest_route=\/wp\/v2\/posts"}],"about":[{"href":"http:\/\/wordpress.gurbuz.net\/index.php?rest_route=\/wp\/v2\/types\/post"}],"author":[{"embeddable":true,"href":"http:\/\/wordpress.gurbuz.net\/index.php?rest_route=\/wp\/v2\/users\/1"}],"replies":[{"embeddable":true,"href":"http:\/\/wordpress.gurbuz.net\/index.php?rest_route=%2Fwp%2Fv2%2Fcomments&post=39433"}],"version-history":[{"count":9,"href":"http:\/\/wordpress.gurbuz.net\/index.php?rest_route=\/wp\/v2\/posts\/39433\/revisions"}],"predecessor-version":[{"id":39442,"href":"http:\/\/wordpress.gurbuz.net\/index.php?rest_route=\/wp\/v2\/posts\/39433\/revisions\/39442"}],"wp:attachment":[{"href":"http:\/\/wordpress.gurbuz.net\/index.php?rest_route=%2Fwp%2Fv2%2Fmedia&parent=39433"}],"wp:term":[{"taxonomy":"category","embeddable":true,"href":"http:\/\/wordpress.gurbuz.net\/index.php?rest_route=%2Fwp%2Fv2%2Fcategories&post=39433"},{"taxonomy":"post_tag","embeddable":true,"href":"http:\/\/wordpress.gurbuz.net\/index.php?rest_route=%2Fwp%2Fv2%2Ftags&post=39433"}],"curies":[{"name":"wp","href":"https:\/\/api.w.org\/{rel}","templated":true}]}}