{"id":39427,"date":"2020-03-08T20:32:33","date_gmt":"2020-03-08T20:32:33","guid":{"rendered":"http:\/\/wordpress.gurbuz.net\/?p=39427"},"modified":"2020-03-08T20:42:59","modified_gmt":"2020-03-08T20:42:59","slug":"kendimi-sevdiklerimi-maddi-manevi-nasil-bir-tehlikeye-attigimdan-haberiniz-var-mi","status":"publish","type":"post","link":"http:\/\/wordpress.gurbuz.net\/?p=39427","title":{"rendered":"Kendimi, sevdiklerimi maddi \u2013 manevi nas\u0131l bir tehlikeye att\u0131\u011f\u0131mdan haberiniz var m\u0131?"},"content":{"rendered":"<p>Dincisi\u2026<br \/>\nFa\u015fisti bilmem nesi, milliyet\u00e7ilik demek kafatas\u00e7\u0131l\u0131k demek de\u011fildir\u2026<br \/>\nG\u00f6z hizas\u0131d\u0131r\u2026<br \/>\nE\u015fitler aras\u0131nda e\u015fitliktir, hakt\u0131r, adalettir\u2026<br \/>\nCand\u0131r\u2026<br \/>\n\u0130nsan!<\/p>\n<p>Kimin i\u00e7in ne i\u00e7in\u2026<br \/>\nNIYE?<\/p>\n<p>Bir art\u0131 bir art\u0131 bir\u2026<\/p>\n<p><img src=\"http:\/\/www.gurbuz.net\/Turk\/BB10UEPh.jpg\" alt=\"\" \/><\/p>\n<p><a href=\"https:\/\/www.msn.com\/de-de\/nachrichten\/politik\/palast-intrigen-in-saudi-arabien-warum-der-prinz-rivalen-aus-dem-weg-r\u00e4umt\/ar-BB10UJe0?ocid=spartanntp\" rel=\"noopener noreferrer\" target=\"_blank\">oku<\/a><\/p>\n<p>Gazeteci\u2026<br \/>\n\u015eantaj, s\u00f6zde kaza ile \u00f6len \u0130ngiliz istihbarat\u00e7\u0131s\u0131\u2026<br \/>\nHani \u0130stanbul\u2019da, an\u0131msay\u0131n o konularda ve eskiden yazd\u0131klar\u0131m\u0131!<\/p>\n","protected":false},"excerpt":{"rendered":"<p>Dincisi\u2026 Fa\u015fisti bilmem nesi, milliyet\u00e7ilik demek kafatas\u00e7\u0131l\u0131k demek de\u011fildir\u2026 G\u00f6z hizas\u0131d\u0131r\u2026 E\u015fitler aras\u0131nda e\u015fitliktir, hakt\u0131r, adalettir\u2026 Cand\u0131r\u2026 \u0130nsan! Kimin i\u00e7in ne i\u00e7in\u2026 NIYE? Bir art\u0131 bir art\u0131 bir\u2026 oku Gazeteci\u2026 \u015eantaj, s\u00f6zde kaza ile \u00f6len \u0130ngiliz istihbarat\u00e7\u0131s\u0131\u2026 Hani \u0130stanbul\u2019da, an\u0131msay\u0131n o konularda ve eskiden yazd\u0131klar\u0131m\u0131!<\/p>\n","protected":false},"author":1,"featured_media":0,"comment_status":"open","ping_status":"open","sticky":false,"template":"","format":"standard","meta":[],"categories":[1],"tags":[],"_links":{"self":[{"href":"http:\/\/wordpress.gurbuz.net\/index.php?rest_route=\/wp\/v2\/posts\/39427"}],"collection":[{"href":"http:\/\/wordpress.gurbuz.net\/index.php?rest_route=\/wp\/v2\/posts"}],"about":[{"href":"http:\/\/wordpress.gurbuz.net\/index.php?rest_route=\/wp\/v2\/types\/post"}],"author":[{"embeddable":true,"href":"http:\/\/wordpress.gurbuz.net\/index.php?rest_route=\/wp\/v2\/users\/1"}],"replies":[{"embeddable":true,"href":"http:\/\/wordpress.gurbuz.net\/index.php?rest_route=%2Fwp%2Fv2%2Fcomments&post=39427"}],"version-history":[{"count":5,"href":"http:\/\/wordpress.gurbuz.net\/index.php?rest_route=\/wp\/v2\/posts\/39427\/revisions"}],"predecessor-version":[{"id":39432,"href":"http:\/\/wordpress.gurbuz.net\/index.php?rest_route=\/wp\/v2\/posts\/39427\/revisions\/39432"}],"wp:attachment":[{"href":"http:\/\/wordpress.gurbuz.net\/index.php?rest_route=%2Fwp%2Fv2%2Fmedia&parent=39427"}],"wp:term":[{"taxonomy":"category","embeddable":true,"href":"http:\/\/wordpress.gurbuz.net\/index.php?rest_route=%2Fwp%2Fv2%2Fcategories&post=39427"},{"taxonomy":"post_tag","embeddable":true,"href":"http:\/\/wordpress.gurbuz.net\/index.php?rest_route=%2Fwp%2Fv2%2Ftags&post=39427"}],"curies":[{"name":"wp","href":"https:\/\/api.w.org\/{rel}","templated":true}]}}