{"id":39403,"date":"2020-03-08T14:21:17","date_gmt":"2020-03-08T14:21:17","guid":{"rendered":"http:\/\/wordpress.gurbuz.net\/?p=39403"},"modified":"2020-03-08T14:42:58","modified_gmt":"2020-03-08T14:42:58","slug":"dedim-ya-igrenc-diye-kim-suclu-o-soezde-muelteciler-mi-zorla-sinir-duvar-ve-veya-korumalari-yikarak-uelkeye-avrupaya-yine-kaba-kuvvetle-girmeye-calisan-hayvanlar-mi-yoks","status":"publish","type":"post","link":"http:\/\/wordpress.gurbuz.net\/?p=39403","title":{"rendered":"Dedim ya i\u011fren\u00e7 diye, KIM su\u00e7lu? O s\u00f6zde m\u00fclteciler mi ZORLA, s\u0131n\u0131r \u201cduvar ve VEYA korumalar\u0131\u201d YIKARAK \u00fclkeye, Avrupa\u2019ya YINE kaba kuvvetle girmeye \u00e7al\u0131\u015fan hayvanlar m\u0131 YOKSA bu hayvanlar\u0131 T\u00fcrkiye\u2019ye sokup kullanan m\u0131 daha hayvan? KIM soktu bunlar\u0131 Tayyipistana, Tayyip\u2019in kendisi de\u011fil mi? \u00d6nce oy i\u00e7in \u015fimdi \u015fantaj i\u00e7in!"},"content":{"rendered":"<p>Allah\u2019\u0131mmm<br \/>\nKURTAR, \u00fclkeyi, insanl\u0131\u011f\u0131 t\u00fcm orospu \u00e7ocuklar\u0131ndan, b\u00f6ylelerinden kurtar\u2026<br \/>\nBirde utanmadan yar\u0131na gelecekmi\u015f g\u00f6r\u00fc\u015fmeye HAYVAN!<\/p>\n<p>Eve geldim, berbat\u0131m, felaket\u2026<br \/>\nEvlat DayDaya \u00f6\u011fretiyor siyaset, yar\u0131na yaz\u0131l\u0131s\u0131 varm\u0131\u015f\u2026<br \/>\nRabbim\u2026<br \/>\nT\u00dcM evlatlar\u0131n yard\u0131mc\u0131s\u0131 olsun. Kendimi uyutmaya \u00e7al\u0131\u015faca\u011f\u0131m, uyu\u015fturucu\u2026<br \/>\nBana m\u0131s\u0131n demiyor!<\/p>\n<p><strong>Bir SIKTIR \u00e7ekseler\u2026<br \/>\nYapamazlar\u2026<br \/>\nMilyarlarca Tayyipistana yap\u0131lan yat\u0131r\u0131mlar!<\/strong><\/p>\n<p>G\u00f6t veren\u2026<br \/>\nAcaba y\u00fcz\u00fcne bakan olur mu, T\u00fcrkiye\u2019nin stratejik \u00f6nemi olmasa?<\/p>\n<p>INANIN\u2026<br \/>\nNe \u00fclkeye sokanlarda ne \u00fclkeye gelenlerde ila\u00e7l\u0131k ak\u0131l yok\u2026<br \/>\nK\u00fcrt karde\u015flerimiz \u00e7ok daha ak\u0131ll\u0131yd\u0131, k\u0131smen ger\u00e7ekleri anlatt\u0131lar AMA \u00e7o\u011fu\u2026<br \/>\nEKONOMIK nedenlerle gelmelerine ra\u011fmen, siyasi iltica ba\u015fvurusu yapt\u0131\u2026<br \/>\n\u00dclke imaj\u0131 b\u00f6yleyse, ki k\u0131smen do\u011fruya dayanan AMA \u00e7o\u011fu yalana yalan katarak ger\u00e7ekmi\u015f gibi g\u00f6sterilen (\u00f6rne\u011fin gece yar\u0131s\u0131 ekspresi) kimi olaylar\u2026<br \/>\nS\u00f6zde m\u00fclteciler, Suriyeliler, Afganl\u0131lar vesaire\u2026<br \/>\n&gt;&gt;&gt; salakl\u0131\u011fa bak ya &lt;&lt;&lt;<br \/>\n\u201c\u00c7ocuklar\u0131m\u0131z bizden iyi ya\u015fas\u0131n\u2026\u201d diye bilmem ne\u2026<br \/>\nAvrupal\u0131 gazetecilerin \u00f6n\u00fcnde\u2026<br \/>\n<strong>Millet enayiydi\u2026<br \/>\nSokacak sizleri, b\u00f6yle \u00e7ekerler siktiri!<\/strong><\/p>\n<p><iframe loading=\"lazy\" width=\"525\" height=\"295\" src=\"https:\/\/www.youtube.com\/embed\/uq0bojt8Mog?feature=oembed\" frameborder=\"0\" allow=\"accelerometer; autoplay; encrypted-media; gyroscope; picture-in-picture\" allowfullscreen><\/iframe><\/p>\n","protected":false},"excerpt":{"rendered":"<p>Allah\u2019\u0131mmm KURTAR, \u00fclkeyi, insanl\u0131\u011f\u0131 t\u00fcm orospu \u00e7ocuklar\u0131ndan, b\u00f6ylelerinden kurtar\u2026 Birde utanmadan yar\u0131na gelecekmi\u015f g\u00f6r\u00fc\u015fmeye HAYVAN! Eve geldim, berbat\u0131m, felaket\u2026 Evlat DayDaya \u00f6\u011fretiyor siyaset, yar\u0131na yaz\u0131l\u0131s\u0131 varm\u0131\u015f\u2026 Rabbim\u2026 T\u00dcM evlatlar\u0131n yard\u0131mc\u0131s\u0131 olsun. Kendimi uyutmaya \u00e7al\u0131\u015faca\u011f\u0131m, uyu\u015fturucu\u2026 Bana m\u0131s\u0131n demiyor! Bir SIKTIR \u00e7ekseler\u2026 Yapamazlar\u2026 Milyarlarca Tayyipistana yap\u0131lan yat\u0131r\u0131mlar! G\u00f6t veren\u2026 Acaba y\u00fcz\u00fcne bakan olur mu, T\u00fcrkiye\u2019nin stratejik &hellip; <\/p>\n<p class=\"link-more\"><a href=\"http:\/\/wordpress.gurbuz.net\/?p=39403\" class=\"more-link\"><span class=\"screen-reader-text\">\u201eDedim ya i\u011fren\u00e7 diye, KIM su\u00e7lu? O s\u00f6zde m\u00fclteciler mi ZORLA, s\u0131n\u0131r \u201cduvar ve VEYA korumalar\u0131\u201d YIKARAK \u00fclkeye, Avrupa\u2019ya YINE kaba kuvvetle girmeye \u00e7al\u0131\u015fan hayvanlar m\u0131 YOKSA bu hayvanlar\u0131 T\u00fcrkiye\u2019ye sokup kullanan m\u0131 daha hayvan? KIM soktu bunlar\u0131 Tayyipistana, Tayyip\u2019in kendisi de\u011fil mi? \u00d6nce oy i\u00e7in \u015fimdi \u015fantaj i\u00e7in!\u201c<\/span> weiterlesen<\/a><\/p>\n","protected":false},"author":1,"featured_media":0,"comment_status":"open","ping_status":"open","sticky":false,"template":"","format":"standard","meta":[],"categories":[1],"tags":[],"_links":{"self":[{"href":"http:\/\/wordpress.gurbuz.net\/index.php?rest_route=\/wp\/v2\/posts\/39403"}],"collection":[{"href":"http:\/\/wordpress.gurbuz.net\/index.php?rest_route=\/wp\/v2\/posts"}],"about":[{"href":"http:\/\/wordpress.gurbuz.net\/index.php?rest_route=\/wp\/v2\/types\/post"}],"author":[{"embeddable":true,"href":"http:\/\/wordpress.gurbuz.net\/index.php?rest_route=\/wp\/v2\/users\/1"}],"replies":[{"embeddable":true,"href":"http:\/\/wordpress.gurbuz.net\/index.php?rest_route=%2Fwp%2Fv2%2Fcomments&post=39403"}],"version-history":[{"count":7,"href":"http:\/\/wordpress.gurbuz.net\/index.php?rest_route=\/wp\/v2\/posts\/39403\/revisions"}],"predecessor-version":[{"id":39410,"href":"http:\/\/wordpress.gurbuz.net\/index.php?rest_route=\/wp\/v2\/posts\/39403\/revisions\/39410"}],"wp:attachment":[{"href":"http:\/\/wordpress.gurbuz.net\/index.php?rest_route=%2Fwp%2Fv2%2Fmedia&parent=39403"}],"wp:term":[{"taxonomy":"category","embeddable":true,"href":"http:\/\/wordpress.gurbuz.net\/index.php?rest_route=%2Fwp%2Fv2%2Fcategories&post=39403"},{"taxonomy":"post_tag","embeddable":true,"href":"http:\/\/wordpress.gurbuz.net\/index.php?rest_route=%2Fwp%2Fv2%2Ftags&post=39403"}],"curies":[{"name":"wp","href":"https:\/\/api.w.org\/{rel}","templated":true}]}}