{"id":38163,"date":"2020-02-21T16:31:22","date_gmt":"2020-02-21T16:31:22","guid":{"rendered":"http:\/\/wordpress.gurbuz.net\/?p=38163"},"modified":"2020-02-21T16:35:41","modified_gmt":"2020-02-21T16:35:41","slug":"38163","status":"publish","type":"post","link":"http:\/\/wordpress.gurbuz.net\/?p=38163","title":{"rendered":"### Ulan orospu Putin, TATARI unuttur mu? Sen herkesi g\u00f6t k\u0131ll\u0131n m\u0131 sand\u0131n, d\u00fcnyadan bir haber? ###"},"content":{"rendered":"<p><strong>T\u00fcrkiye \u0130\u015f Bankas\u0131!..<\/strong><br \/>\n15 \u015eubat 2020 <\/p>\n<p>T\u00fcrkiye&#8217;de sanayi, \u00fcretim ve ticaret denildi\u011finde akla gelen ilk isim olan merhum Vehbi Ko\u00e7, haz\u0131rlay\u0131p sundu\u011fum \u201c\u0130\u015fte Hayat\u0131n\u0131z\u201d program\u0131nda Cumhuriyet&#8217;in kalk\u0131nma mucizesini anlat\u0131rken \u015fu \u00e7arp\u0131c\u0131 an\u0131y\u0131 payla\u015fm\u0131\u015ft\u0131:<br \/>\n\u201cDevletimizin ilk resmi binalar\u0131n\u0131 yapmaya ba\u015flam\u0131\u015ft\u0131k. Ama m\u00fchendisler ba\u015fta olmak \u00fczere; demir, \u00e7imento, \u00e7ivi, cam, tu\u011fla, kiremit yani bir in\u015faatta gerekli olan her \u015fey ithal ediliyordu!..\u201d<br \/>\nDayanamay\u0131p sormu\u015ftum:<br \/>\n\u201cPeki yerli bir \u015fey yok muydu?\u201d<br \/>\n\u201cVard\u0131. \u0130\u015f\u00e7ilerimiz!..\u201d<br \/>\n\u2605\u2605\u2605<br \/>\nVehbi Ko\u00e7&#8217;un anlatt\u0131\u011f\u0131 gibi, Atat\u00fcrk ve arkada\u015flar\u0131n\u0131n i\u015fleri hi\u00e7 de kolay de\u011fildi.<br \/>\nZira sava\u015flar ve k\u00f6t\u00fc y\u00f6netimin sonucu olan ekonomik s\u0131k\u0131nt\u0131lar, devasa bor\u00e7 y\u00fck\u00fc ve kurumsalla\u015fm\u0131\u015f cehaletin \u00e7\u00f6kertti\u011fi imparatorlu\u011fun enkaz\u0131ndan do\u011fan gen\u00e7 T\u00fcrkiye Cumhuriyeti Devleti&#8217;ni, y\u0131\u011f\u0131nla sorun bekliyordu.<br \/>\n\u00d6rne\u011fin tasarrufla sa\u011flanan kaynaklarla ba\u015flat\u0131lacak kalk\u0131nma hamlesini destekleyip, gerekti\u011finde \u00e7e\u015fitli alanlardaki sanayile\u015fme hareketine kendi imk\u00e2nlar\u0131yla kat\u0131labilecek milli bir kurulu\u015fa b\u00fcy\u00fck ihtiya\u00e7 vard\u0131. Bu ama\u00e7la bir bankan\u0131n kurulmas\u0131 zorunluydu.<br \/>\n\u2605\u2605\u2605<br \/>\nAtat\u00fcrk&#8217;\u00fcn bald\u0131z\u0131 Vecihe Han\u0131m, bu fikrin do\u011fu\u015funu bak\u0131n nas\u0131l aktar\u0131yor:<br \/>\n\u201cAtat\u00fcrk, \u0130zmir&#8217;deki evimizin selaml\u0131k k\u0131sm\u0131nda \u00f6zel odas\u0131nda \u00e7al\u0131\u015f\u0131rd\u0131. Bakanlarla bu \u00e7al\u0131\u015fma odas\u0131nda g\u00f6r\u00fc\u015f\u00fcrd\u00fc. Celal (Bayar) Bey de s\u0131k \u00e7a\u011f\u0131rd\u0131\u011f\u0131 bakanlar\u0131ndand\u0131. Gene b\u00f6yle bir g\u00fcn, Celal Bey \u00f6nce Atat\u00fcrk ile onun \u00e7al\u0131\u015fma odas\u0131nda g\u00f6r\u00fc\u015ft\u00fc, sonra da bizim yan\u0131m\u0131za geldi. Biz; Latife ablam, ben ve babam, selaml\u0131k b\u00f6l\u00fcm\u00fcnde oturuyorduk. Babam ile Celal Bey aras\u0131nda, Atat\u00fcrk&#8217;\u00fcn 250 bin liras\u0131n\u0131n nas\u0131l de\u011ferlendirilmesi gerekti\u011fi \u00fczerinde konu\u015fuldu. Babam ihracat ve ithalat\u0131n yabanc\u0131lar taraf\u0131ndan yap\u0131ld\u0131\u011f\u0131n\u0131 hat\u0131rlatarak bu i\u015fleri \u00fcstlenecek bir T\u00fcrk \u015firketinin kurulmas\u0131n\u0131 \u00f6nerdi. Celal Bey de bankac\u0131l\u0131k i\u015flerinin yabanc\u0131lar elinde oldu\u011funu hat\u0131rlatarak, milli bir banka kurulmas\u0131n\u0131n daha yararl\u0131 olaca\u011f\u0131n\u0131 s\u00f6yledi. Sonunda da g\u00f6r\u00fc\u015f birli\u011fine vard\u0131lar. Bug\u00fcn gibi akl\u0131mda; g\u00fczel bir ak\u015fam\u00fcst\u00fc idi. Daha sonra Atat\u00fcrk de \u00e7al\u0131\u015fma odas\u0131ndan \u00e7\u0131k\u0131p aram\u0131za kat\u0131ld\u0131\u2026\u201d<br \/>\n\u2605\u2605\u2605<br \/>\nCumhuriyet d\u00f6neminin ilk ulusal bankas\u0131 olan T\u00fcrkiye \u0130\u015f Bankas\u0131&#8217;n\u0131n kurulu\u015f fikri i\u015fte b\u00f6yle do\u011fmu\u015ftu. Nitekim Atat\u00fcrk&#8217;\u00fcn direktifleri ve \u0130zmir Birinci \u0130ktisat Kongresi&#8217;nde al\u0131nan kararlar do\u011frultusunda 26 A\u011fustos 1924 tarihinde kuruldu. Genel M\u00fcd\u00fcr Celal Bayar&#8217;\u0131n liderli\u011finde 2 \u015fube ve 37 personel ile hizmete ba\u015flad\u0131. Bankan\u0131n 1 milyon TL olan nominal sermayesinin 250 bin TL&#8217;lik b\u00f6l\u00fcm\u00fc, bizzat Atat\u00fcrk taraf\u0131ndan kar\u015f\u0131land\u0131. Geri kalan b\u00f6l\u00fcm binbir g\u00fc\u00e7l\u00fckle topland\u0131.<\/p>\n<p>9 Eyl\u00fcl 1924 g\u00fcn\u00fc, \u0130zmir&#8217;de \u015fenlik vard\u0131. \u00c7\u00fcnk\u00fc o g\u00fcn hem kurtulu\u015f kutlan\u0131yor, hem de bankan\u0131n \u0130stasyon Caddesi&#8217;ndeki ilk \u015fubesinin a\u00e7\u0131l\u0131\u015f\u0131 yap\u0131l\u0131yordu. T\u00f6rene devlet erkan\u0131, h\u00fck\u00fcmet \u00fcyeleri, mebuslar, kordiplomatik ile Ankara e\u015fraf ve t\u00fcccar\u0131 davetliydi. Davetli say\u0131s\u0131 150&#8217;yi buldu\u011fundan ve bu kadar ki\u015fiyi alacak salon olmad\u0131\u011f\u0131ndan, konuklar gruplar halinde a\u011f\u0131rlan\u0131yordu.<br \/>\nT\u00f6rende da\u011f\u0131t\u0131lan limonata ve pastalar\u0131n tutar\u0131 120 liray\u0131 buluyordu!..<br \/>\n\u2605\u2605\u2605<br \/>\nYaz\u0131m\u0131zdaki \u201ckumbara\u201d foto\u011fraf\u0131n\u0131n \u00f6yk\u00fcs\u00fcne gelince:<br \/>\nFoto\u011fraf\u0131n\u0131 g\u00f6rd\u00fc\u011f\u00fcn\u00fcz o kumbara, bizim ku\u015fa\u011f\u0131n \u00e7ocukluk efsanelerinden oldu\u011fu kadar, en b\u00fcy\u00fck sevin\u00e7lerimizin de kayna\u011f\u0131yd\u0131.<br \/>\n\u00c7\u00fcnk\u00fc kilidi a\u00e7\u0131ld\u0131\u011f\u0131nda \u015fak\u0131rt\u0131larla d\u00f6k\u00fclen bozuk paralar, tasarrufun hayat\u0131m\u0131zdaki \u00f6nemini ve de\u011ferini anlat\u0131r, ayr\u0131ca \u00e7ocuklara \u0130\u015f Bankas\u0131 sevgisini a\u015f\u0131lard\u0131.<br \/>\nN\u00fcfus c\u00fczdan\u0131nda \u201cekmek karnesi verilmi\u015ftir\u201d damgas\u0131 bulunan, okullar\u0131na yamal\u0131 giysiler ve pen\u00e7e yap\u0131lm\u0131\u015f kunduralarla giden ya\u015f\u0131tlar\u0131m, bu s\u00f6zlerle demek istedi\u011fimi \u00e7ok iyi anlarlar\u2026<br \/>\n\u2605\u2605\u2605<br \/>\nO nedenle \u0130\u015f Bankas\u0131 sadece bir banka olmad\u0131\u011f\u0131 gibi, Cumhuriyet&#8217;in ilk 10 y\u0131l\u0131ndaki e\u015fsiz kalk\u0131nma hamlesi ile b\u00fct\u00fcnle\u015fen \u201cyerli ve milli\u201d bir an\u0131t kurumdur!..<br \/>\nKurucusu Atat\u00fcrk, simgesi de bu kumbarad\u0131r.<br \/>\n\u0130\u015fler sarpa sard\u0131\u011f\u0131nda, i\u00e7 ve d\u0131\u015f politikalardaki yanl\u0131\u015flar\u0131n \u00fcr\u00fcn\u00fc olan sorunlar i\u00e7inden \u00e7\u0131k\u0131lmaz hal ald\u0131\u011f\u0131nda, siyasi iktidar\u0131n g\u00fcndemi de\u011fi\u015ftirmek i\u00e7in kullanabilece\u011fi s\u0131radan bir finans kurumu hi\u00e7 de\u011fildir.<br \/>\n\u00c7\u00fcnk\u00fc \u0130\u015f Bankas\u0131, \u201cyerli ve milli\u201d \u00f6zelli\u011finin yan\u0131 s\u0131ra, her \u015feyimizi bor\u00e7lu oldu\u011fumuz \u201cKurtulu\u015f ve Kurulu\u015f\u201d demektir, \u201cLaik, Demokratik Cumhuriyet\u201d demektir.<br \/>\nT\u00fcrkiye \u0130\u015f Bankas\u0131&#8217;na el atmak, Atat\u00fcrk&#8217;\u00fcn vasiyetine ve miras\u0131na el atmakt\u0131r!.. Hukuku yok saymakt\u0131r!..<\/p>\n<p>https:\/\/www.sozcu.com.tr\/2020\/yazarlar\/ugur-dundar\/turkiye-is-bankasi-5626202\/<\/p>\n","protected":false},"excerpt":{"rendered":"<p>T\u00fcrkiye \u0130\u015f Bankas\u0131!.. 15 \u015eubat 2020 T\u00fcrkiye&#8217;de sanayi, \u00fcretim ve ticaret denildi\u011finde akla gelen ilk isim olan merhum Vehbi Ko\u00e7, haz\u0131rlay\u0131p sundu\u011fum \u201c\u0130\u015fte Hayat\u0131n\u0131z\u201d program\u0131nda Cumhuriyet&#8217;in kalk\u0131nma mucizesini anlat\u0131rken \u015fu \u00e7arp\u0131c\u0131 an\u0131y\u0131 payla\u015fm\u0131\u015ft\u0131: \u201cDevletimizin ilk resmi binalar\u0131n\u0131 yapmaya ba\u015flam\u0131\u015ft\u0131k. Ama m\u00fchendisler ba\u015fta olmak \u00fczere; demir, \u00e7imento, \u00e7ivi, cam, tu\u011fla, kiremit yani bir in\u015faatta gerekli olan &hellip; <\/p>\n<p class=\"link-more\"><a href=\"http:\/\/wordpress.gurbuz.net\/?p=38163\" class=\"more-link\"><span class=\"screen-reader-text\">\u201e### Ulan orospu Putin, TATARI unuttur mu? Sen herkesi g\u00f6t k\u0131ll\u0131n m\u0131 sand\u0131n, d\u00fcnyadan bir haber? ###\u201c<\/span> weiterlesen<\/a><\/p>\n","protected":false},"author":1,"featured_media":0,"comment_status":"open","ping_status":"open","sticky":false,"template":"","format":"standard","meta":[],"categories":[1],"tags":[],"_links":{"self":[{"href":"http:\/\/wordpress.gurbuz.net\/index.php?rest_route=\/wp\/v2\/posts\/38163"}],"collection":[{"href":"http:\/\/wordpress.gurbuz.net\/index.php?rest_route=\/wp\/v2\/posts"}],"about":[{"href":"http:\/\/wordpress.gurbuz.net\/index.php?rest_route=\/wp\/v2\/types\/post"}],"author":[{"embeddable":true,"href":"http:\/\/wordpress.gurbuz.net\/index.php?rest_route=\/wp\/v2\/users\/1"}],"replies":[{"embeddable":true,"href":"http:\/\/wordpress.gurbuz.net\/index.php?rest_route=%2Fwp%2Fv2%2Fcomments&post=38163"}],"version-history":[{"count":3,"href":"http:\/\/wordpress.gurbuz.net\/index.php?rest_route=\/wp\/v2\/posts\/38163\/revisions"}],"predecessor-version":[{"id":38166,"href":"http:\/\/wordpress.gurbuz.net\/index.php?rest_route=\/wp\/v2\/posts\/38163\/revisions\/38166"}],"wp:attachment":[{"href":"http:\/\/wordpress.gurbuz.net\/index.php?rest_route=%2Fwp%2Fv2%2Fmedia&parent=38163"}],"wp:term":[{"taxonomy":"category","embeddable":true,"href":"http:\/\/wordpress.gurbuz.net\/index.php?rest_route=%2Fwp%2Fv2%2Fcategories&post=38163"},{"taxonomy":"post_tag","embeddable":true,"href":"http:\/\/wordpress.gurbuz.net\/index.php?rest_route=%2Fwp%2Fv2%2Ftags&post=38163"}],"curies":[{"name":"wp","href":"https:\/\/api.w.org\/{rel}","templated":true}]}}