{"id":38056,"date":"2020-02-20T15:27:27","date_gmt":"2020-02-20T15:27:27","guid":{"rendered":"http:\/\/wordpress.gurbuz.net\/?p=38056"},"modified":"2020-02-20T15:27:27","modified_gmt":"2020-02-20T15:27:27","slug":"38056","status":"publish","type":"post","link":"http:\/\/wordpress.gurbuz.net\/?p=38056","title":{"rendered":""},"content":{"rendered":"<p>Bundespr\u00e4sident Frank-Walter Steinmeier hat sich am 20. Februar in Schloss Bellevue zur Gewalttat in Hanau ge\u00e4u\u00dfert: <\/p>\n<p>&#8222;Mit Entsetzen habe ich von der terroristischen Gewalttat in Hanau erfahren. Meine tiefe Trauer und Anteilnahme gelten den Opfern und ihren Angeh\u00f6rigen. Den Verletzten w\u00fcnsche ich baldige Genesung. Ich stehe an der Seite aller Menschen, die durch rassistischen Hass bedroht werden. Sie sind nicht allein. Ich bin \u00fcberzeugt: Die gro\u00dfe Mehrheit der Menschen in Deutschland verurteilt diese Tat und jede Form von Rassismus, Hass und Gewalt. Wir werden nicht nachlassen, f\u00fcr das friedliche Miteinander in unserem Land einzustehen.&#8220;<\/p>\n","protected":false},"excerpt":{"rendered":"<p>Bundespr\u00e4sident Frank-Walter Steinmeier hat sich am 20. Februar in Schloss Bellevue zur Gewalttat in Hanau ge\u00e4u\u00dfert: &#8222;Mit Entsetzen habe ich von der terroristischen Gewalttat in Hanau erfahren. Meine tiefe Trauer und Anteilnahme gelten den Opfern und ihren Angeh\u00f6rigen. Den Verletzten w\u00fcnsche ich baldige Genesung. Ich stehe an der Seite aller Menschen, die durch rassistischen Hass &hellip; <\/p>\n<p class=\"link-more\"><a href=\"http:\/\/wordpress.gurbuz.net\/?p=38056\" class=\"more-link\"><span class=\"screen-reader-text\">\u201e\u201c<\/span> weiterlesen<\/a><\/p>\n","protected":false},"author":1,"featured_media":0,"comment_status":"open","ping_status":"open","sticky":false,"template":"","format":"standard","meta":[],"categories":[1],"tags":[],"_links":{"self":[{"href":"http:\/\/wordpress.gurbuz.net\/index.php?rest_route=\/wp\/v2\/posts\/38056"}],"collection":[{"href":"http:\/\/wordpress.gurbuz.net\/index.php?rest_route=\/wp\/v2\/posts"}],"about":[{"href":"http:\/\/wordpress.gurbuz.net\/index.php?rest_route=\/wp\/v2\/types\/post"}],"author":[{"embeddable":true,"href":"http:\/\/wordpress.gurbuz.net\/index.php?rest_route=\/wp\/v2\/users\/1"}],"replies":[{"embeddable":true,"href":"http:\/\/wordpress.gurbuz.net\/index.php?rest_route=%2Fwp%2Fv2%2Fcomments&post=38056"}],"version-history":[{"count":1,"href":"http:\/\/wordpress.gurbuz.net\/index.php?rest_route=\/wp\/v2\/posts\/38056\/revisions"}],"predecessor-version":[{"id":38057,"href":"http:\/\/wordpress.gurbuz.net\/index.php?rest_route=\/wp\/v2\/posts\/38056\/revisions\/38057"}],"wp:attachment":[{"href":"http:\/\/wordpress.gurbuz.net\/index.php?rest_route=%2Fwp%2Fv2%2Fmedia&parent=38056"}],"wp:term":[{"taxonomy":"category","embeddable":true,"href":"http:\/\/wordpress.gurbuz.net\/index.php?rest_route=%2Fwp%2Fv2%2Fcategories&post=38056"},{"taxonomy":"post_tag","embeddable":true,"href":"http:\/\/wordpress.gurbuz.net\/index.php?rest_route=%2Fwp%2Fv2%2Ftags&post=38056"}],"curies":[{"name":"wp","href":"https:\/\/api.w.org\/{rel}","templated":true}]}}