{"id":37891,"date":"2020-02-18T15:21:15","date_gmt":"2020-02-18T15:21:15","guid":{"rendered":"http:\/\/wordpress.gurbuz.net\/?p=37891"},"modified":"2020-02-18T15:46:45","modified_gmt":"2020-02-18T15:46:45","slug":"var","status":"publish","type":"post","link":"http:\/\/wordpress.gurbuz.net\/?p=37891","title":{"rendered":"VAR"},"content":{"rendered":"<p>Her zamanki gibi ge\u00e7mi\u015fin hayaletleri\u2026<br \/>\nBir sorun mu var\u0131\u2026<br \/>\nBir sorun mu var okudum, nas\u0131l tepem att\u0131\u2026<br \/>\nAllah b\u00fcy\u00fck\u2026<br \/>\nHukuki m\u00fccadeleye girmeyecektim AMA perde arkas\u0131 farkl\u0131 \u015feyleri g\u00f6rmeme sebep oldu\u2026<br \/>\nCuma\u2026<br \/>\nEn ge\u00e7!<\/p>\n<p>Direni\u015fte dirili\u015f var\u2026<br \/>\nG\u00d6R\u2026<br \/>\nDireni\u015f nas\u0131l olacak, ben \u00e7ocuk muyum?<br \/>\nBen\u2026<br \/>\nBir su\u00e7lu muyum, bir h\u00fck\u00fcml\u00fc\u2026<br \/>\nTrafik d\u0131\u015f\u0131nda hi\u00e7bir \u015fey.<\/p>\n<p>Evet\u2026<br \/>\n\u00d6z\u00fcrl\u00fcy\u00fcm, \u00f6z\u00fcrl\u00fc oldu\u011fun i\u00e7in deseler anlay\u0131\u015fla kar\u015f\u0131lar\u0131m AMA b\u00f6yle\u2026<br \/>\nSiyasi faaliyetler y\u00fcz\u00fcnden ki SADECE bilgilendirildim insanlar\u0131\u2026<br \/>\nSadece \u00f6\u011frettim\u2026<br \/>\n\u00d6rg\u00fctlemekten HER ZAMAN ka\u00e7\u0131nd\u0131m\u2026<br \/>\nNEDEN???<\/p>\n<p>Ne su\u00e7u, su\u00e7luyu \u00f6vd\u00fcm ne kimseyi su\u00e7a te\u015fvik ettim\u2026<br \/>\nEVET\u2026<br \/>\nDirenmeye \u00e7a\u011f\u0131rd\u0131m hem dinen, T\u00dcM HAK DINLERINDE yanl\u0131\u015fa diren denir\u2026<br \/>\nHem bir insan olarak\u2026<br \/>\nYanl\u0131\u015f kar\u015f\u0131s\u0131nda, mesuliyet alarak medeni \u201ccesaret\u201d g\u00f6sterdim\u2026<br \/>\nMIMLENDIM!<\/p>\n<p>Hani s\u0131nav esnas\u0131nda \u00f6\u011frendim kimi bilmediklerimi\u2026<br \/>\nNereden bilece\u011fim karde\u015fim?<br \/>\nBakin g\u00f6r\u00fcn, en k\u0131sa zamanda bundan sonra SADECE ALMANCA!<\/p>\n<p>Bu, benim i\u00e7in\u2026<br \/>\n\u015eahsi bir mesele oldu, do\u011frudan bana y\u00f6nelik yap\u0131lan bir yanl\u0131\u015f\u2026<br \/>\nSesiz kalmayaca\u011f\u0131m, sineye \u00e7ekmeyece\u011fim\u2026<br \/>\nDirenece\u011fim!<\/p>\n<p>Dedim\u2026<br \/>\nYapacak olsam \u2026 ki s\u00f6zlerimi bitirmeme f\u0131rsat b\u0131rakmad\u0131\u2026<br \/>\n\u201cOhohhh \u00e7oktan yapard\u0131n!\u201d<br \/>\nBir uzakla\u015ft\u0131rma, bir men\u2026<br \/>\nBir yasak\u2026<br \/>\nYapacak olsam bana engel olacak \u00f6yle mi?<\/p>\n<p>Dal\u0131\u015f yapsam\u2026<br \/>\nHem dijital hem ger\u00e7ekte yer alt\u0131na\u2026<br \/>\nBeni hi\u00e7 bulabilirler mi?<\/p>\n<p>Bak\u2026<br \/>\nA\u00e7\u0131k a\u00e7\u0131k, ayan beyan, a\u00e7\u0131k adres falan\u2026<br \/>\nBir \u00e7eyrek\u2026<br \/>\nD\u00fc\u015f\u00fcnceleri, hayalleri ile kar\u015f\u0131n\u0131zda\u2026<br \/>\nGer\u00e7ekle\u015fmeyecek bir hayal de\u011fil\u2026<br \/>\n\u0130stedi\u011fim hem orada hem burada\u2026<br \/>\nD\u00fcnyada\u2026<br \/>\nBebelerin ya\u015fan\u0131r bir d\u00fcnyada ya\u015famalar\u0131, gelecek korkusu ya\u015famadan\u2026<br \/>\n\u00c7ok ya\u015fad\u0131m bu korkular\u0131, \u00e7ok fazla\u2026<br \/>\n\u00d6l\u00fcm her an ensemdeydi, Her AN!<\/p>\n<p>\u00d6l\u00fcm korkusu nedir bilir misin?<br \/>\nYok\u2026<br \/>\nFarazi de\u011fil, soyut de\u011fil\u2026<br \/>\nSOMUT\u2026<br \/>\n\u0130nsan\u0131 ne eder bilir misin?<\/p>\n<p>\u00c7o\u011fu insan korkar \u00f6l\u00fcmden\u2026<br \/>\nBilinmeyenden\u2026<br \/>\nBen korkmuyorum AMA ziyadesiyle korktum her zaman\u2026<br \/>\nSevdiklerimden\u2026<br \/>\nBenden sonras\u0131ndan\u2026<br \/>\nHalbuki Allah yazd\u0131ktan sona\u2026<br \/>\nAma sadece insan\u0131z, insan!<\/p>\n<p>Bu sabah Alman haberlerinde\u2026<br \/>\nSuriye\u2026<br \/>\nO bebeler, o kad\u0131nlar\u2026<br \/>\n\u00c7amurda, karda k\u0131\u015fta \u00e7ocuklar yal\u0131n ayak\u2026<br \/>\n&gt;&gt;&gt; \u00c7ok olmad\u0131 &lt;&lt;&lt;<br \/>\nM\u00fcsl\u00fcman!??? Tayyip\u2019in T\u00fcrkiye\u2019si\u2026<br \/>\nKuzenler gitti G\u00fcneydo\u011fu Anadolu\u2019ya\u2026<br \/>\nBebeler\u2026<br \/>\nYal\u0131nayak, hadi orada sava\u015f var\u2026<br \/>\nYa burada? <\/p>\n<p>Bir \u00e7ete\u2026<br \/>\nK\u0131rk Haramiler\u2026<br \/>\nYa burada, Almanya\u2019da\u2026<br \/>\nUlan d\u00fcnyan\u0131n en zengin \u00fclkelerinden biri\u2026<br \/>\n&gt; Die Tafel &lt;<br \/>\nBebeler\u2026<br \/>\nBurada da y\u00e2ri a\u00e7, y\u00e2ri tok\u2026<br \/>\n\u0130nsan ol, bir \u00d6nder ol ve sessiz kal \u00f6yle mi?<\/p>\n","protected":false},"excerpt":{"rendered":"<p>Her zamanki gibi ge\u00e7mi\u015fin hayaletleri\u2026 Bir sorun mu var\u0131\u2026 Bir sorun mu var okudum, nas\u0131l tepem att\u0131\u2026 Allah b\u00fcy\u00fck\u2026 Hukuki m\u00fccadeleye girmeyecektim AMA perde arkas\u0131 farkl\u0131 \u015feyleri g\u00f6rmeme sebep oldu\u2026 Cuma\u2026 En ge\u00e7! Direni\u015fte dirili\u015f var\u2026 G\u00d6R\u2026 Direni\u015f nas\u0131l olacak, ben \u00e7ocuk muyum? Ben\u2026 Bir su\u00e7lu muyum, bir h\u00fck\u00fcml\u00fc\u2026 Trafik d\u0131\u015f\u0131nda hi\u00e7bir \u015fey. Evet\u2026 \u00d6z\u00fcrl\u00fcy\u00fcm, &hellip; <\/p>\n<p class=\"link-more\"><a href=\"http:\/\/wordpress.gurbuz.net\/?p=37891\" class=\"more-link\"><span class=\"screen-reader-text\">\u201eVAR\u201c<\/span> weiterlesen<\/a><\/p>\n","protected":false},"author":1,"featured_media":0,"comment_status":"open","ping_status":"open","sticky":false,"template":"","format":"standard","meta":[],"categories":[1],"tags":[],"_links":{"self":[{"href":"http:\/\/wordpress.gurbuz.net\/index.php?rest_route=\/wp\/v2\/posts\/37891"}],"collection":[{"href":"http:\/\/wordpress.gurbuz.net\/index.php?rest_route=\/wp\/v2\/posts"}],"about":[{"href":"http:\/\/wordpress.gurbuz.net\/index.php?rest_route=\/wp\/v2\/types\/post"}],"author":[{"embeddable":true,"href":"http:\/\/wordpress.gurbuz.net\/index.php?rest_route=\/wp\/v2\/users\/1"}],"replies":[{"embeddable":true,"href":"http:\/\/wordpress.gurbuz.net\/index.php?rest_route=%2Fwp%2Fv2%2Fcomments&post=37891"}],"version-history":[{"count":6,"href":"http:\/\/wordpress.gurbuz.net\/index.php?rest_route=\/wp\/v2\/posts\/37891\/revisions"}],"predecessor-version":[{"id":37897,"href":"http:\/\/wordpress.gurbuz.net\/index.php?rest_route=\/wp\/v2\/posts\/37891\/revisions\/37897"}],"wp:attachment":[{"href":"http:\/\/wordpress.gurbuz.net\/index.php?rest_route=%2Fwp%2Fv2%2Fmedia&parent=37891"}],"wp:term":[{"taxonomy":"category","embeddable":true,"href":"http:\/\/wordpress.gurbuz.net\/index.php?rest_route=%2Fwp%2Fv2%2Fcategories&post=37891"},{"taxonomy":"post_tag","embeddable":true,"href":"http:\/\/wordpress.gurbuz.net\/index.php?rest_route=%2Fwp%2Fv2%2Ftags&post=37891"}],"curies":[{"name":"wp","href":"https:\/\/api.w.org\/{rel}","templated":true}]}}