{"id":37165,"date":"2020-02-04T04:45:28","date_gmt":"2020-02-04T04:45:28","guid":{"rendered":"http:\/\/wordpress.gurbuz.net\/?p=37165"},"modified":"2020-02-04T05:04:41","modified_gmt":"2020-02-04T05:04:41","slug":"ne-sehittir-ne-gazi-bok-yoluna-gitti-niyazi","status":"publish","type":"post","link":"http:\/\/wordpress.gurbuz.net\/?p=37165","title":{"rendered":"Ne \u015fehittir ne gazi bok yoluna gitti Niyazi"},"content":{"rendered":"<p>\u00d6lene\u2026<br \/>\nMehmet\u00e7i\u011fe sayg\u0131s\u0131zl\u0131k de\u011fildir, ger\u00e7e\u011fin ta kendisini\u2026<br \/>\nHaber\u2026<br \/>\nD\u00fcn gece ge\u00e7 vakit geldi.<\/p>\n<p>\u00d6nder ne ba\u015f\u0131n\u0131 yast\u0131ktan kald\u0131rabildi\u2026<br \/>\nNe vard\u0131 hali!<\/p>\n<p>Y\u00fcrek ister Meritokrasi\u2026<br \/>\nEnsar e\u015f-\u015eeriat\u2026<br \/>\n\u0130se ger\u00e7eklerin perde arkas\u0131, \u00f6k\u00fcze, ine\u011fe, koyuna, sesiz \u015feytana bir bildiri\u2026<br \/>\nHat\u0131rlatt\u0131 \u00d6nder ge\u00e7enlerde \u015eeyh diz dibini\u2026<\/p>\n<p>\u2022 El-Nusra Cephesi<br \/>\n\u2022 Ensar el-Din Cephesi<br \/>\n\u2022 \u0130slam M\u00fccahid Hareketi<br \/>\n\u2022 Hilafet Yard\u0131mc\u0131lar\u0131 Tugay\u0131<br \/>\n\u2022 Ahrar el-\u015eam<br \/>\n\u2022 Tevhid ve Cihat Taburu<br \/>\n\u2022 Tebhid Tugay\u0131<br \/>\n\u2022 Ebu Amara Taburlar\u0131<br \/>\n\u2022 Fecr el-Hilafet Taburlar\u0131<br \/>\n\u2022 Saraya el-Meid<br \/>\n\u2022 Sahabe Taburu<br \/>\n\u2022 Cundullah<br \/>\n\u2022 Sultan Murad Tugay<\/p>\n<p>Ulan orospular ne zamandan beri oldu sivilden \u015fehit, \u00d6nder \u015fehit tan\u0131mlamas\u0131n\u0131 anlatmad\u0131 m\u0131?<br \/>\nNe dert m\u00fclteci!<\/p>\n<p>M\u00fcsl\u00fcman karde\u015fler, pardon kalle\u015fler\u2026<br \/>\n\u00dclk\u00fc\u2026<br \/>\nUlvi!<\/p>\n<p>Galiba yazd\u0131m ka\u00e7 zaman evvelsi, yazd\u0131m, yazd\u0131m\u2026<br \/>\nAlman siyaseti\u2026<br \/>\nAtom Bombas\u0131 ve Alman milleti\u2026<br \/>\n\u00d6nderi dinleyen yok ki!<\/p>\n<p><a href=\"https:\/\/www.msn.com\/de-de\/nachrichten\/politik\/koalition-streitet-um-atomwaffen-pakt-spd-will-keine-beteiligung-an-\u201enuklearem-wettr\u00fcsten\u201c\/ar-BBZClcG?ocid=spartanntp\" target=\"_blank\" rel=\"noopener noreferrer\">oku<\/a><\/p>\n<p>Yazamam \u00f6tesini\u2026<br \/>\nANLA beni&#8230;<br \/>\nYerli ve Milli S\u00f6zc\u00fc, d\u00fcnyadan haberi yok ki!<\/p>\n<p><img src=\"http:\/\/www.gurbuz.net\/Turk\/sozcu_2020-02-04.jpg\" alt=\"\" \/><br \/>\n<a href=\"http:\/\/www.gurbuz.net\/Turk\/sozcu_2020-02-04.jpg\" target=\"_blank\" rel=\"noopener noreferrer\">+<\/a><\/p>\n<p><img src=\"http:\/\/www.gurbuz.net\/Turk\/Sabah040220.png\" alt=\"\" \/><br \/>\n<a href=\"http:\/\/www.gurbuz.net\/Turk\/Sabah040220.png\" target=\"_blank\" rel=\"noopener noreferrer\">+<\/a><\/p>\n<p><img src=\"http:\/\/www.gurbuz.net\/Turk\/dunya_2020-02-04.jpg\" alt=\"\" \/><br \/>\n<a href=\"http:\/\/www.gurbuz.net\/Turk\/dunya_2020-02-04.jpg\" target=\"_blank\" rel=\"noopener noreferrer\">+<\/a><\/p>\n<p><img src=\"http:\/\/www.gurbuz.net\/Turk\/birgun_2020-02-04.jpg\" alt=\"\" \/><br \/>\n<a href=\"http:\/\/www.gurbuz.net\/Turk\/birgun_2020-02-04.jpg\" target=\"_blank\" rel=\"noopener noreferrer\">+<\/a><\/p>\n<p>ZORDA kald\u0131 dinci\u2026<br \/>\nT\u00fcrkiyeli emir verdi\u2026<br \/>\n\u00d6LEN\u2026<br \/>\nT\u00fcrk\u2019\u00fcn Mehmet\u00e7i\u011fi!<\/p>\n","protected":false},"excerpt":{"rendered":"<p>\u00d6lene\u2026 Mehmet\u00e7i\u011fe sayg\u0131s\u0131zl\u0131k de\u011fildir, ger\u00e7e\u011fin ta kendisini\u2026 Haber\u2026 D\u00fcn gece ge\u00e7 vakit geldi. \u00d6nder ne ba\u015f\u0131n\u0131 yast\u0131ktan kald\u0131rabildi\u2026 Ne vard\u0131 hali! Y\u00fcrek ister Meritokrasi\u2026 Ensar e\u015f-\u015eeriat\u2026 \u0130se ger\u00e7eklerin perde arkas\u0131, \u00f6k\u00fcze, ine\u011fe, koyuna, sesiz \u015feytana bir bildiri\u2026 Hat\u0131rlatt\u0131 \u00d6nder ge\u00e7enlerde \u015eeyh diz dibini\u2026 \u2022 El-Nusra Cephesi \u2022 Ensar el-Din Cephesi \u2022 \u0130slam M\u00fccahid Hareketi \u2022 &hellip; <\/p>\n<p class=\"link-more\"><a href=\"http:\/\/wordpress.gurbuz.net\/?p=37165\" class=\"more-link\"><span class=\"screen-reader-text\">\u201eNe \u015fehittir ne gazi bok yoluna gitti Niyazi\u201c<\/span> weiterlesen<\/a><\/p>\n","protected":false},"author":1,"featured_media":0,"comment_status":"open","ping_status":"open","sticky":false,"template":"","format":"standard","meta":[],"categories":[1],"tags":[],"_links":{"self":[{"href":"http:\/\/wordpress.gurbuz.net\/index.php?rest_route=\/wp\/v2\/posts\/37165"}],"collection":[{"href":"http:\/\/wordpress.gurbuz.net\/index.php?rest_route=\/wp\/v2\/posts"}],"about":[{"href":"http:\/\/wordpress.gurbuz.net\/index.php?rest_route=\/wp\/v2\/types\/post"}],"author":[{"embeddable":true,"href":"http:\/\/wordpress.gurbuz.net\/index.php?rest_route=\/wp\/v2\/users\/1"}],"replies":[{"embeddable":true,"href":"http:\/\/wordpress.gurbuz.net\/index.php?rest_route=%2Fwp%2Fv2%2Fcomments&post=37165"}],"version-history":[{"count":6,"href":"http:\/\/wordpress.gurbuz.net\/index.php?rest_route=\/wp\/v2\/posts\/37165\/revisions"}],"predecessor-version":[{"id":37171,"href":"http:\/\/wordpress.gurbuz.net\/index.php?rest_route=\/wp\/v2\/posts\/37165\/revisions\/37171"}],"wp:attachment":[{"href":"http:\/\/wordpress.gurbuz.net\/index.php?rest_route=%2Fwp%2Fv2%2Fmedia&parent=37165"}],"wp:term":[{"taxonomy":"category","embeddable":true,"href":"http:\/\/wordpress.gurbuz.net\/index.php?rest_route=%2Fwp%2Fv2%2Fcategories&post=37165"},{"taxonomy":"post_tag","embeddable":true,"href":"http:\/\/wordpress.gurbuz.net\/index.php?rest_route=%2Fwp%2Fv2%2Ftags&post=37165"}],"curies":[{"name":"wp","href":"https:\/\/api.w.org\/{rel}","templated":true}]}}