{"id":37158,"date":"2020-02-03T16:48:16","date_gmt":"2020-02-03T16:48:16","guid":{"rendered":"http:\/\/wordpress.gurbuz.net\/?p=37158"},"modified":"2020-02-03T16:48:16","modified_gmt":"2020-02-03T16:48:16","slug":"ekonomi-bakani-pekcan","status":"publish","type":"post","link":"http:\/\/wordpress.gurbuz.net\/?p=37158","title":{"rendered":"Ekonomi Bakan\u0131 Pekcan"},"content":{"rendered":"<p>Siz ciddi misiniz, s\u00f6yledi\u011finizde, a\u011fz\u0131n\u0131zdan sarf etti\u011finiz s\u00f6zlerde ciddi misiniz?<br \/>\nANLATMADIM MI SPERMI?<\/p>\n<p>Normal bir y\u00fczeyde spermlerin en k\u0131sa zamanda \u00f6ld\u00fc\u011f\u00fcn\u00fc\u2026<br \/>\nAMA\u2026<br \/>\nY\u00fcn \u00fczerinde \u00f6rne\u011fin g\u00fcnlerce canl\u0131 VE aktif kald\u0131\u011f\u0131n\u0131 anlatmad\u0131m m\u0131?<\/p>\n<p>\u00c7in\u2019den gelen Cargolar\u2026<br \/>\nHer t\u00fcrl\u00fc y\u00fczeyi, akla gelebilecek y\u00fczeyi, yap\u0131s\u0131n\u0131 vir\u00fcs \u00fczerinde incelediniz de mi\u2026<br \/>\nCargolarda endi\u015feye gerek olmad\u0131\u011f\u0131n a\u00e7\u0131kl\u0131yorsunuz?<\/p>\n<p>Yok ya\u2026<br \/>\n\u0130ster ba\u015f\u0131 a\u00e7\u0131k ister kapal\u0131\u2026<br \/>\n\u0130ster \u201cerkek\u201d ister di\u015fi\u2026<br \/>\nSADECE\u2026<br \/>\nCehalet, sadece ihmal\u2026<br \/>\nSadece g\u00fcn\u00fc kurtarma VE ahaliyi s.kme pe\u015findeler!<\/p>\n<p>NOKTA\u2026<br \/>\nYetmez\u2026<br \/>\nKocaman bir NOKTA<\/p>\n","protected":false},"excerpt":{"rendered":"<p>Siz ciddi misiniz, s\u00f6yledi\u011finizde, a\u011fz\u0131n\u0131zdan sarf etti\u011finiz s\u00f6zlerde ciddi misiniz? ANLATMADIM MI SPERMI? Normal bir y\u00fczeyde spermlerin en k\u0131sa zamanda \u00f6ld\u00fc\u011f\u00fcn\u00fc\u2026 AMA\u2026 Y\u00fcn \u00fczerinde \u00f6rne\u011fin g\u00fcnlerce canl\u0131 VE aktif kald\u0131\u011f\u0131n\u0131 anlatmad\u0131m m\u0131? \u00c7in\u2019den gelen Cargolar\u2026 Her t\u00fcrl\u00fc y\u00fczeyi, akla gelebilecek y\u00fczeyi, yap\u0131s\u0131n\u0131 vir\u00fcs \u00fczerinde incelediniz de mi\u2026 Cargolarda endi\u015feye gerek olmad\u0131\u011f\u0131n a\u00e7\u0131kl\u0131yorsunuz? Yok ya\u2026 \u0130ster &hellip; <\/p>\n<p class=\"link-more\"><a href=\"http:\/\/wordpress.gurbuz.net\/?p=37158\" class=\"more-link\"><span class=\"screen-reader-text\">\u201eEkonomi Bakan\u0131 Pekcan\u201c<\/span> weiterlesen<\/a><\/p>\n","protected":false},"author":1,"featured_media":0,"comment_status":"open","ping_status":"open","sticky":false,"template":"","format":"standard","meta":[],"categories":[1],"tags":[],"_links":{"self":[{"href":"http:\/\/wordpress.gurbuz.net\/index.php?rest_route=\/wp\/v2\/posts\/37158"}],"collection":[{"href":"http:\/\/wordpress.gurbuz.net\/index.php?rest_route=\/wp\/v2\/posts"}],"about":[{"href":"http:\/\/wordpress.gurbuz.net\/index.php?rest_route=\/wp\/v2\/types\/post"}],"author":[{"embeddable":true,"href":"http:\/\/wordpress.gurbuz.net\/index.php?rest_route=\/wp\/v2\/users\/1"}],"replies":[{"embeddable":true,"href":"http:\/\/wordpress.gurbuz.net\/index.php?rest_route=%2Fwp%2Fv2%2Fcomments&post=37158"}],"version-history":[{"count":1,"href":"http:\/\/wordpress.gurbuz.net\/index.php?rest_route=\/wp\/v2\/posts\/37158\/revisions"}],"predecessor-version":[{"id":37159,"href":"http:\/\/wordpress.gurbuz.net\/index.php?rest_route=\/wp\/v2\/posts\/37158\/revisions\/37159"}],"wp:attachment":[{"href":"http:\/\/wordpress.gurbuz.net\/index.php?rest_route=%2Fwp%2Fv2%2Fmedia&parent=37158"}],"wp:term":[{"taxonomy":"category","embeddable":true,"href":"http:\/\/wordpress.gurbuz.net\/index.php?rest_route=%2Fwp%2Fv2%2Fcategories&post=37158"},{"taxonomy":"post_tag","embeddable":true,"href":"http:\/\/wordpress.gurbuz.net\/index.php?rest_route=%2Fwp%2Fv2%2Ftags&post=37158"}],"curies":[{"name":"wp","href":"https:\/\/api.w.org\/{rel}","templated":true}]}}