{"id":367,"date":"2017-04-07T09:01:43","date_gmt":"2017-04-07T09:01:43","guid":{"rendered":"http:\/\/wordpress.gurbuz.net\/?p=367"},"modified":"2017-04-08T08:37:38","modified_gmt":"2017-04-08T08:37:38","slug":"aslinda-cok-kizginim-kirgin-ve-cok-oefkeli","status":"publish","type":"post","link":"http:\/\/wordpress.gurbuz.net\/?p=367","title":{"rendered":"Asl\u0131nda \u00e7ok k\u0131zg\u0131n\u0131m, k\u0131rg\u0131n ve \u00e7ok \u00f6fkeli"},"content":{"rendered":"<p><img src=\"http:\/\/www.gurbuz.net\/Turk\/584666.jpg\" alt=\"\" \/><\/p>\n<p>Ve tanr\u0131 vermi\u015ftir ceylana asaleti, birde\u2026<br \/>\nCanl\u0131lar aleminde, insanlar aras\u0131nda bile deyim olmu\u015ftur ceylan g\u00f6zl\u00fcmmm\u2026<br \/>\nBir ba\u015fka canl\u0131 daha vard\u0131r, onun i\u00e7inde s\u00f6ylenir ayni s\u00f6zler\u2026<br \/>\nE\u015fek\u2026<br \/>\nVe e\u015fe\u011fin \u015fakas\u0131, olur e\u015fek \u015fakas\u0131\u2026<br \/>\nBilmiyorum\u2026<br \/>\nHi\u00e7 bakmad\u0131m e\u015fe\u011fin g\u00f6z\u00fcn\u00fcn i\u00e7ine, bir ara telafi etmem laz\u0131m bu kusuru\u2026<br \/>\nBakay\u0131m ger\u00e7ekten g\u00f6zler g\u00fczel mi diye. <\/p>\n<p>D\u00fcn bir \u015fey oldu, \u00e7ok \u00f6fkelendim\u2026<br \/>\nHalbuki yazm\u0131\u015f, anlatm\u0131\u015f\u0131md\u0131r. YAPMAM, gider do\u011frudan sorumlunun g\u0131rtla\u011f\u0131na basar\u0131m!<\/p>\n<p>Bo\u011far\u0131m orac\u0131kta, elimde kal\u0131r\u2026<br \/>\nAma anl\u0131k refleks, d\u00fc\u015f\u00fcnmeden oldu ama, ama, ama\u2026<br \/>\nYaz\u0131yorsam, anlat\u0131yorsam, kullan\u0131yorsam bir kelime\u2026<br \/>\nE\u015f anlaml\u0131s\u0131 varken, koyuyorsam, \u00fcnlem, virg\u00fcl ve benzeri i\u015faretler, hi\u00e7 yeri ve zaman\u0131 de\u011filken\u2026<br \/>\nBilin\u00e7li yapar\u0131m bunu, anlatmak isterim bir \u015feyler.<\/p>\n<p>Elimde gene baston ne zamand\u0131r\u2026<br \/>\nK\u0131p\u0131rdamaya mecalim yok. DOLDUM, patlayaca\u011f\u0131m\u2026<br \/>\nNe derdimi anlatabilirim ne i\u00e7imi d\u00f6kebilirim kimseye, anlam\u0131yorlar geri zek\u00e2l\u0131lar\u2026<br \/>\nHerkeste bir tav\u0131rlar\u2026<br \/>\nSanki d\u00fcnyay\u0131 ben yaratt\u0131m havas\u0131ndalar!<\/p>\n<p>Ama a\u015fk\u2026<br \/>\nVatana, millete, kad\u0131na\u2026<br \/>\nGazi Mustafa Kemal\u2019in ilke ve ink\u0131laplar\u0131na, hayal etti\u011fi o g\u00fczel ve onurlu d\u00fcnyaya, y\u00fcre\u011finde his etti\u011fi vatan a\u015fk\u0131na \u00f6ylesine bir sevgi ve sayg\u0131m var ki\u2026<br \/>\nAnlatamam\u2026<br \/>\nKelimeler kifayetsiz kal\u0131r, anla be geri zek\u00e2l\u0131, anla!<\/p>\n<p>Bir umuttur i\u00e7imde\u2026<br \/>\nHani olmaz ya, ya olursa diye\u2026<br \/>\nSabahattin \u00d6nkibar Beyefendi ve t\u00fcm di\u011ferleri\u2026<br \/>\nUmar\u0131m af ederler, eme\u011fe, insana sayg\u0131m var\u2026<br \/>\nEvet sevgiyle ba\u015flar ki sevginin en y\u00fccesi a\u015fkt\u0131r, dedim ya sadece duyabilir, his edebilirsin bu duyguyu kad\u0131na, erke\u011fe, vatana ve millete. Bu m\u00fccadelenin bir par\u00e7as\u0131d\u0131r, karal\u0131kla \u2013 ayd\u0131nl\u0131\u011f\u0131n, hani\u2026<br \/>\nSfenksin bilmecesi, sormu\u015ftu Odisseas\u2019a:<\/p>\n<p>\u201c\u0130ki k\u0131z karde\u015flerdir, biri di\u011ferini do\u011furur, bu nedir?\u201d diye\u2026<\/p>\n<p>Cevab\u0131\u2026<br \/>\nGece ve g\u00fcnd\u00fczd\u00fc. Hani alaca karanl\u0131k ve g\u00fcne\u015fin ayd\u0131nl\u0131\u011f\u0131(!)<\/p>\n<p>Bir tarafta \u015ferefsiz, soysuz, veledi zina\u2026<br \/>\nRecep Tayyip Erdo\u011fan, Kemal K\u0131l\u0131\u00e7daro\u011flu ve yuh olsun sana, ad\u0131na bile sahip olamayana\u2026<br \/>\nDevlet Bah\u00e7eli \u015ferefsizi, bu \u00fc\u00e7l\u00fc\u2026<br \/>\n\u00d6te tarafta Gazi Mustafa Kemal Atat\u00fcrk\u2026<br \/>\nVe t\u00fcm ge\u00e7mi\u015ften g\u00fcn\u00fcm\u00fcze gazisi, \u015fehidi\u2026<br \/>\nSevgiyle ba\u015flar, inan\u00e7 ve g\u00fcvenle devam eder, sayg\u0131yla i\u00e7selle\u015fir, a\u015fk ile doru\u011funa erer (\u2026)<\/p>\n<p>Sabahattin \u00d6nkibar kaleminden, ki bir\u00e7ok \u015feyi bizzat teyit edebilirim\u2026<\/p>\n<p>Devlet Bah\u00e7eli ve \u00dclk\u00fcc\u00fcler Hakk\u0131nda Her \u015eey<\/p>\n<p><a href=\"https:\/\/yadi.sk\/i\/s8QNaMg63Gjy9a\">L\u00fctfen okuyun<\/a><\/p>\n<p>Okuyun, l\u00fctfen bir \u00e7\u0131rp\u0131da okunacak kadar\u2026<br \/>\n191 sayfa\u2026<br \/>\nOkuyun, d\u00fc\u015f\u00fcn\u00fcn ve y\u00fcre\u011finize sorun oy vermeden \u00f6nce, tuza\u011f\u0131 g\u00f6r\u00fcn. Yanl\u0131\u015f\u0131 g\u00f6r\u00fcn, biat etmeyin, inanmay\u0131n, kanmay\u0131n. Bu m\u00fccadele o pezevengin dedi\u011fi gibi milli bir m\u00fccadele de\u011fildir!!!<\/p>\n<p>Hele ikincisi hi\u00e7 de\u011fildir!<br \/>\nBu m\u00fccadele, gelece\u011fimizin, istikbalimizin, alaca karanl\u0131\u011f\u0131n ve ayd\u0131nl\u0131\u011f\u0131n m\u00fccadelesidir.<\/p>\n<p>\u015eaka de\u011fildir bu, oyun, oyna\u015f\u2026<br \/>\nGer\u00e7e\u011fin ta kendisi, dost ac\u0131 s\u00f6yler\u2026<br \/>\nGer\u00e7ekler\u2026<br \/>\nBazen olur ac\u0131 bazen, nadiren g\u00fczel. <\/p>\n<p>\u00d6nder<\/p>\n<p>Not:<br \/>\nEmail\u2019ler hala \u00e7al\u0131\u015fm\u0131yor, elimde olan bir \u015fey de\u011fil!<br \/>\nVe sustum dostlar, bu sefer ger\u00e7ekten \u00e7enemi tutaca\u011f\u0131m. \u0130nsan\u0131m\u2026<br \/>\nSadece bir insan\u2026<br \/>\nDo\u011frular\u0131m, yanl\u0131\u015flar\u0131m, ameliyatl\u0131 kalbim, emanet ettiklerim\u2026<br \/>\nDedim ya g\u00f6rece\u011fim ya \u00f6yle ya b\u00f6yle ama MUTLAKA g\u00f6rece\u011fim diye\u2026<br \/>\nAynen \u00f6yle, bo\u015fa ne nokta ne virg\u00fcl koyar\u0131m ben\u2026<br \/>\nS\u00f6z\u00fcm s\u00f6zd\u00fcr, kendim \u00e7eyrek olsam bile bir T\u00dcRK erke\u011fiyim, T\u00fcrk\u2026<br \/>\nYeti\u015ftiren b\u00f6yle yeti\u015ftirdi, d\u00f6nemem verilen s\u00f6zden.<\/p>\n","protected":false},"excerpt":{"rendered":"<p>Ve tanr\u0131 vermi\u015ftir ceylana asaleti, birde\u2026 Canl\u0131lar aleminde, insanlar aras\u0131nda bile deyim olmu\u015ftur ceylan g\u00f6zl\u00fcmmm\u2026 Bir ba\u015fka canl\u0131 daha vard\u0131r, onun i\u00e7inde s\u00f6ylenir ayni s\u00f6zler\u2026 E\u015fek\u2026 Ve e\u015fe\u011fin \u015fakas\u0131, olur e\u015fek \u015fakas\u0131\u2026 Bilmiyorum\u2026 Hi\u00e7 bakmad\u0131m e\u015fe\u011fin g\u00f6z\u00fcn\u00fcn i\u00e7ine, bir ara telafi etmem laz\u0131m bu kusuru\u2026 Bakay\u0131m ger\u00e7ekten g\u00f6zler g\u00fczel mi diye. D\u00fcn bir \u015fey oldu, &hellip; <\/p>\n<p class=\"link-more\"><a href=\"http:\/\/wordpress.gurbuz.net\/?p=367\" class=\"more-link\"><span class=\"screen-reader-text\">\u201eAsl\u0131nda \u00e7ok k\u0131zg\u0131n\u0131m, k\u0131rg\u0131n ve \u00e7ok \u00f6fkeli\u201c<\/span> weiterlesen<\/a><\/p>\n","protected":false},"author":1,"featured_media":0,"comment_status":"open","ping_status":"open","sticky":false,"template":"","format":"standard","meta":[],"categories":[1],"tags":[],"_links":{"self":[{"href":"http:\/\/wordpress.gurbuz.net\/index.php?rest_route=\/wp\/v2\/posts\/367"}],"collection":[{"href":"http:\/\/wordpress.gurbuz.net\/index.php?rest_route=\/wp\/v2\/posts"}],"about":[{"href":"http:\/\/wordpress.gurbuz.net\/index.php?rest_route=\/wp\/v2\/types\/post"}],"author":[{"embeddable":true,"href":"http:\/\/wordpress.gurbuz.net\/index.php?rest_route=\/wp\/v2\/users\/1"}],"replies":[{"embeddable":true,"href":"http:\/\/wordpress.gurbuz.net\/index.php?rest_route=%2Fwp%2Fv2%2Fcomments&post=367"}],"version-history":[{"count":1,"href":"http:\/\/wordpress.gurbuz.net\/index.php?rest_route=\/wp\/v2\/posts\/367\/revisions"}],"predecessor-version":[{"id":368,"href":"http:\/\/wordpress.gurbuz.net\/index.php?rest_route=\/wp\/v2\/posts\/367\/revisions\/368"}],"wp:attachment":[{"href":"http:\/\/wordpress.gurbuz.net\/index.php?rest_route=%2Fwp%2Fv2%2Fmedia&parent=367"}],"wp:term":[{"taxonomy":"category","embeddable":true,"href":"http:\/\/wordpress.gurbuz.net\/index.php?rest_route=%2Fwp%2Fv2%2Fcategories&post=367"},{"taxonomy":"post_tag","embeddable":true,"href":"http:\/\/wordpress.gurbuz.net\/index.php?rest_route=%2Fwp%2Fv2%2Ftags&post=367"}],"curies":[{"name":"wp","href":"https:\/\/api.w.org\/{rel}","templated":true}]}}