{"id":362,"date":"2017-04-06T15:48:01","date_gmt":"2017-04-06T15:48:01","guid":{"rendered":"http:\/\/wordpress.gurbuz.net\/?p=362"},"modified":"2017-04-08T08:38:04","modified_gmt":"2017-04-08T08:38:04","slug":"vahsi-kapitalizm","status":"publish","type":"post","link":"http:\/\/wordpress.gurbuz.net\/?p=362","title":{"rendered":"Vah\u015fi kapitalizm"},"content":{"rendered":"<p>Yok \u00e7\u00f6p\u00fc ay\u0131r, yok \u015fi\u015feler, k\u00e2\u011f\u0131tlar, petler metler\u2026<br \/>\nYok benzin, yok mazot (dizel)\u2026<br \/>\n\u015eimdi elektrikli araba vesaire\u2026<br \/>\nYok \u015fu, yok bu, yok anan\u0131n bilmem nesi\u2026<br \/>\nS\u00fcrekli yarat\u0131lan \u201cihtiya\u00e7lar\u201d, birilerinin cebi dolsun, i\u015f \u00e7\u0131ks\u0131n.<\/p>\n<p>Yeminle yapm\u0131yorum, yapmam. T\u0131pk\u0131 emniyet kemerini kullanmad\u0131\u011f\u0131m gibi\u2026<br \/>\nAl\u0131\u015fm\u0131\u015f kudurmu\u015ftan beterdir derler\u2026<br \/>\nKuduru\u011fumdur ama ba\u015fka yerlerde\u2026<br \/>\nTelevizyonlar\u2026<br \/>\n\u00dc\u00e7 mek\u00e2n, asl\u0131nda d\u00f6rt mek\u00e2n de. Alemin vard\u0131r bir evi, dayar d\u00f6\u015fer tek kalem masraflar\u0131 olur\u2026<br \/>\nOndan sonra \u00e7al\u0131\u015f, \u00e7al\u0131\u015f elde var yine s\u0131f\u0131r.<\/p>\n<p>DVB-T<br \/>\nBir teknoloji, Almanya\u2019da. Ba\u015flad\u0131klar\u0131nda iki binli y\u0131llar\u0131n ba\u015f\u0131yd\u0131, dediler ki:<br \/>\n\u201cFernsehen f\u00fcr alle\u201d<br \/>\nT\u00fcrk\u00e7esi; herkes i\u00e7in televizyon. Demek istedikleri devlet televizyonunun yani s\u0131ra \u00f6zelleri de izleyebilirsin. Ola\u011fand\u0131r ald\u0131\u011f\u0131n bir hizmetin bedeli olacakt\u0131r. Devlete \u00f6dersin televizyon ve radyo bedelini. Ilk zamanlar, milleti al\u0131\u015ft\u0131racaks\u0131n ya birka\u00e7 kanal vard\u0131, reklamlarla kendini finanse ediyordu.<br \/>\nKanallar \u00e7o\u011fald\u0131, rekabet artt\u0131, reklam gelirleri da\u011f\u0131lmaya ba\u015flad\u0131\u2026<br \/>\n\u0130cat ettiler kablolu televizyonu, haydaaa\u2026<br \/>\nAnten ile izledi\u011fin oldu mu sana kablolu, yollar mollar kaz\u0131nd\u0131, kablolar d\u00f6\u015fendi, \u00f6de karde\u015fim bedelini. Tabii herkes \u00f6deyemedi, ge\u00e7ti y\u0131llar, m\u00fc\u015fteri laz\u0131m. Antenli ama ya yeni televizyon veya bir k\u00fc\u00e7\u00fck cihaz laz\u0131m DVB-T\u2019yi \u00e7\u0131kard\u0131lar.  Millet h\u00fcrya bal\u0131klama dald\u0131, herkes ald\u0131 kendine en az\u0131ndan o k\u00fc\u00e7\u00fck cihazdan. Masraf bir kez galiba 30 ile 50 Euro aras\u0131yd\u0131, ge\u00e7mi\u015f zaman tam hat\u0131rlam\u0131yorum. Bir tek ZORUNLU, izlesen de izlemesen de devlet radyo ve televizyon kurumuna galiba \u00fc\u00e7 ayda bir 50 \u20ac kadar \u00f6demek ZORUNDASIN. \u00d6zeller b.k als\u0131n.<br \/>\n\u00c7\u0131k, \u00e7\u0131k, \u00e7\u0131k\u2026<br \/>\nOlur mu b\u00f6yle haks\u0131zl\u0131k?<br \/>\nInternet yay\u0131lmaya ba\u015flad\u0131, millet isyanlarda internete bedel \u00f6de, televizyona, radyoya, \u00e7al\u0131\u015f \u00e7al\u0131\u015f elde var s\u0131f\u0131r. D\u00fcnya \u00e2lem televizyonu, radyoyu internet \u00fczerinden kullan\u0131rken Alman yasalar\u0131 buna engeldi. Bakma sen s\u00f6z konusu para oldu mu dalavere buralarda da var. Ba\u011flad\u0131lar televizyonu, radyoyu, interneti birbirine sen \u00d6DE. Zamanlamalar\u0131 biraz kar\u0131\u015ft\u0131rm\u0131\u015f olabilirim, yalan olmas\u0131n ama \u00f6z\u00fc bu \u015fekilde.<\/p>\n<p>\u00d6te taraftan millete vicdan yap\u0131yorlar, yok \u00e7\u00f6pler, yok elektronik yok \u015fu \u2013 bu, do\u011fa\u2026<\/p>\n<p>Mart sonu kapatt\u0131lar DVB-T\u2019yi, icat olundu DVB-T2<br \/>\nEvde \u00e7anak var, toplu kullan\u0131m, almanlar a\u00e7\u0131k. T\u00fcrklere y\u00f6nelik \u00e7anak balkonda. Her odada televizyon, en son oda annemlerin, sinyalin g\u00fcc\u00fc yetmiyor oraya kadar. Neler denemedim ki, sinyal g\u00fc\u00e7lendiricisi falan, tabii ger\u00e7ek sinyal ile birlikte, anlaman\u0131z i\u00e7in basite indirgeyerek\u2026<br \/>\n\u201cIyi\u201d sinyal ile birlikte \u201ck\u00f6t\u00fc\u201d sinyalde g\u00fc\u00e7lendiriliyor. Kad\u0131n bir \u015fey izleyemiyor. Yani Almanlar\u0131, ald\u0131m eve ve d\u00fckk\u00e2na DVB-T\u2026<br \/>\nOh be d\u00fcnya var\u2026<br \/>\nBirde karde\u015fe alm\u0131\u015ft\u0131m al\u0131rken onlar\u0131 ay\u0131rmak olmaz, etti mi sana \u00fc\u00e7 tane. Masraf bir kez ya, bo\u015f ver dedim. Nisan ba\u015f\u0131 ekranlar karard\u0131\u2026<br \/>\nYa internet \u00fczerinden veya sadece T\u00fcrkler\u2026<br \/>\nOlmaz ki, T\u00fcrkler zaten \u201crezil\u201d. Ya bir i\u015fi yap\u0131nda do\u011fru yap\u0131n. Bakin yeni bir sayfa a\u00e7t\u0131m, canl\u0131 yay\u0131n,  kanal D\u2019nin mesela ki ailece protesto ediyor izlemiyoruz, satt\u0131 Do\u011fan gurubu para i\u00e7in kendini, kendinle birlikte vatani ve milleti. Kanal D\u2019nin You Tube yay\u0131n\u0131 yok, dikkat et, ar\u0131za, mariza, yay\u0131n hep kesik kesik. \u0130zle You Tube\u2019ten ba\u015fka kanallar\u0131 p\u0131r\u0131l p\u0131r\u0131l. NEDENI\u2026<br \/>\nALTYAPI!<\/p>\n<p>Uzatmayal\u0131m, gittim bug\u00fcn soruna \u00e7\u00f6z\u00fcm aramaya\u2026<br \/>\nYine cihaz laz\u0131m, en adisi 75 Euro\u2019dan ba\u015fl\u0131yor\u2026<br \/>\nTepemi att\u0131ran\u2026<br \/>\nKartl\u0131, her sene kartt\u0131 dolduracaks\u0131n\u2026<br \/>\nSenede bir 75 daha \u00f6demen gerek, her sene. Her bir cihaz i\u00e7in. Devlete \u00f6de, \u00f6zele \u00f6de\u2026<br \/>\nUlan millet yak\u0131nda kendini, bir taraf\u0131n\u0131 satacak\u2026<br \/>\nOlana sorun yok, ya olmayan ne yaps\u0131n?<br \/>\nYa siz doymak bilmez misiniz, sizler ne rezil insanlars\u0131n\u0131z?<\/p>\n<p>Ve siyaset\u2026<br \/>\nElele ekonominin b\u00fcy\u00fckleri ile\u2026<br \/>\nD\u00fcnyan\u0131n neresine gidersen git, s.kilen hep gariban!<\/p>\n<p>Bu y\u00fczden bu sayfa\u2026<br \/>\nToparlayabildiklerimi toparlayaca\u011f\u0131m. 17 Euro zaten internete \u00f6d\u00fcyorsun, dikkat servis sa\u011flay\u0131c\u0131s\u0131 hari\u00e7, bu rakam devlete \u00f6dedi\u011fin rakam. Vah\u015fi kapitalizm, ben senin anan\u0131 avrad\u0131n\u0131 (\u2026) emi!!!<\/p>\n","protected":false},"excerpt":{"rendered":"<p>Yok \u00e7\u00f6p\u00fc ay\u0131r, yok \u015fi\u015feler, k\u00e2\u011f\u0131tlar, petler metler\u2026 Yok benzin, yok mazot (dizel)\u2026 \u015eimdi elektrikli araba vesaire\u2026 Yok \u015fu, yok bu, yok anan\u0131n bilmem nesi\u2026 S\u00fcrekli yarat\u0131lan \u201cihtiya\u00e7lar\u201d, birilerinin cebi dolsun, i\u015f \u00e7\u0131ks\u0131n. Yeminle yapm\u0131yorum, yapmam. T\u0131pk\u0131 emniyet kemerini kullanmad\u0131\u011f\u0131m gibi\u2026 Al\u0131\u015fm\u0131\u015f kudurmu\u015ftan beterdir derler\u2026 Kuduru\u011fumdur ama ba\u015fka yerlerde\u2026 Televizyonlar\u2026 \u00dc\u00e7 mek\u00e2n, asl\u0131nda d\u00f6rt mek\u00e2n &hellip; <\/p>\n<p class=\"link-more\"><a href=\"http:\/\/wordpress.gurbuz.net\/?p=362\" class=\"more-link\"><span class=\"screen-reader-text\">\u201eVah\u015fi kapitalizm\u201c<\/span> weiterlesen<\/a><\/p>\n","protected":false},"author":1,"featured_media":0,"comment_status":"open","ping_status":"open","sticky":false,"template":"","format":"standard","meta":[],"categories":[1],"tags":[],"_links":{"self":[{"href":"http:\/\/wordpress.gurbuz.net\/index.php?rest_route=\/wp\/v2\/posts\/362"}],"collection":[{"href":"http:\/\/wordpress.gurbuz.net\/index.php?rest_route=\/wp\/v2\/posts"}],"about":[{"href":"http:\/\/wordpress.gurbuz.net\/index.php?rest_route=\/wp\/v2\/types\/post"}],"author":[{"embeddable":true,"href":"http:\/\/wordpress.gurbuz.net\/index.php?rest_route=\/wp\/v2\/users\/1"}],"replies":[{"embeddable":true,"href":"http:\/\/wordpress.gurbuz.net\/index.php?rest_route=%2Fwp%2Fv2%2Fcomments&post=362"}],"version-history":[{"count":1,"href":"http:\/\/wordpress.gurbuz.net\/index.php?rest_route=\/wp\/v2\/posts\/362\/revisions"}],"predecessor-version":[{"id":363,"href":"http:\/\/wordpress.gurbuz.net\/index.php?rest_route=\/wp\/v2\/posts\/362\/revisions\/363"}],"wp:attachment":[{"href":"http:\/\/wordpress.gurbuz.net\/index.php?rest_route=%2Fwp%2Fv2%2Fmedia&parent=362"}],"wp:term":[{"taxonomy":"category","embeddable":true,"href":"http:\/\/wordpress.gurbuz.net\/index.php?rest_route=%2Fwp%2Fv2%2Fcategories&post=362"},{"taxonomy":"post_tag","embeddable":true,"href":"http:\/\/wordpress.gurbuz.net\/index.php?rest_route=%2Fwp%2Fv2%2Ftags&post=362"}],"curies":[{"name":"wp","href":"https:\/\/api.w.org\/{rel}","templated":true}]}}