{"id":3535,"date":"2017-11-06T08:51:18","date_gmt":"2017-11-06T08:51:18","guid":{"rendered":"http:\/\/wordpress.gurbuz.net\/?p=3535"},"modified":"2017-11-06T09:18:58","modified_gmt":"2017-11-06T09:18:58","slug":"yazar-kasa","status":"publish","type":"post","link":"http:\/\/wordpress.gurbuz.net\/?p=3535","title":{"rendered":"Yazar kasa"},"content":{"rendered":"<p>Gen\u00e7ler, belki bilmez hat\u0131rlamas\u0131n\u0131z\u2026<br \/>\nRahmetli Ecevit vakti zaman\u0131nda\u2026<br \/>\nEsnaf, Ecevit\u2019in \u00f6n\u00fc yazar kasas\u0131n\u0131 atm\u0131\u015ft\u0131, tepki\u2026<br \/>\nKasa bombo\u015f, herhalde ne yapay\u0131m bo\u015f kasay\u0131 demek istedi. Bo\u015f ver \u015fimdi ayakkab\u0131 kutular\u0131n\u0131\u2026<br \/>\nPara sayma makinelerini\u2026<br \/>\n&gt; Besleme &lt; yanda\u015f ve yolda\u015f\u0131\u2026<br \/>\n\u00c7ift\u00e7i evlad\u0131m \u00e7ift\u00e7i, \u00fcretici a\u011fa\u00e7lar\u0131n\u0131 keser oldu!<\/p>\n<p>En son Nar a\u011fa\u00e7lar\u0131, 2000 denildi haberlerde\u2026<br \/>\nF\u0131nd\u0131k a\u011fac\u0131, zeytin a\u011fac\u0131\u2026<br \/>\n2014 verilerine g\u00f6re T\u00fcrkiye d\u00fcnyada d\u00f6rd\u00fcnc\u00fc b\u00fcy\u00fck \u00fcreticiydi\u2026<br \/>\nEn iyi \u015fartlar alt\u0131nda, tekrar en iyi \u015fartlar alt\u0131nda bir zeytin a\u011fc\u0131 be\u015f sene sonra ba\u015fl\u0131yor verimli olmaya. Ortalamas\u0131 yedi y\u0131l. &gt;&gt;&gt; Ba\u015fl\u0131yor &lt;&lt;&lt; uzun seneler s\u00fcr\u00fcyor, \u00e7ok uzun.<\/p>\n<p>Bilmem biliyor musunuz?<br \/>\nBir zeytin a\u011fac\u0131n\u0131n 300 ile 600 y\u0131l aras\u0131nda \u00f6mr\u00fc var!<\/p>\n<p>Hi\u00e7 d\u00fc\u015f\u00fcnd\u00fcn m\u00fc?<br \/>\nHi\u00e7 akl\u0131na gelip kendine sordun mu?<br \/>\nNeden bu katliam???<\/p>\n<p>En son gidi\u015fimde, g\u00fcnd\u00fcz vakti\u2026<br \/>\n\u0130stanbul \u00fczerinden turlad\u0131k, uzun uzun\u2026<br \/>\nKu\u015f bak\u0131\u015f\u0131\u2026<br \/>\nYe\u015fil nam\u0131na bir \u015fey &gt; kalmam\u0131\u015f &lt; Oksijen \u00e7ocuklar oksijen, temiz hava\u2026<br \/>\nSonra\u2026<br \/>\nS\u00f6zde ekonomi, borsa mesela rekor \u00fczerine rekor k\u0131r\u0131yormu\u015f\u2026<br \/>\nDuyda inanma\u2026<br \/>\n\u00d6yle olsa, T\u00fcrk\u00fcn Liras\u0131 bu kadar de\u011fer kaybeder mi?<br \/>\nEkonomide kar\u015f\u0131l\u0131kl\u0131 etkile\u015fme, yok ekonomik ders kesmek niyetinde de\u011filim, hele ahkam kesmek\u2026<br \/>\nD\u0131\u015fa ba\u011f\u0131ml\u0131l\u0131k, T\u00fcrk Liras\u0131n\u0131n zay\u0131fl\u0131\u011f\u0131, ekonominin &gt;&gt;&gt; dolara endeksli olmas\u0131 &lt;&lt;&lt;<br \/>\nRekabet ve \u00fcretim, hayvanc\u0131l\u0131kta bile AB\u2019ye verilen s\u00f6zler gere\u011fi hayvanc\u0131l\u0131\u011f\u0131n \u00fclkemizde kat edilmesi.<\/p>\n<p>\u0130thalat m\u0131 ihracat m\u0131, hangisi daha iyi?<br \/>\n\u00d6zzz\u2026<br \/>\nHasss T\u00fcrk tohumu ve ithal edilen, \u00e7o\u011fu Amerika\u2019dan, geneti\u011fi de\u011fi\u015ftirilmi\u015f tohumluklar\u2026<br \/>\n\u015ea\u015fmamak laz\u0131m\u2026<br \/>\nGeneti\u011fi de\u011fi\u015ftirilmi\u015f, soyu ve tohumu bozuklar\u0131 \u00fclkenin ba\u015f\u0131na getirdiniz!<\/p>\n<p>Demokrasi mi ilerisi mi?<br \/>\nEsnaf\u2026<br \/>\nRahmetli Ecevit \u00f6n\u00fcne kasa atabiliyordu. En do\u011fal hakk\u0131n\u0131z olan, en do\u011fal\u2026<br \/>\nYa\u015fam hakk\u0131, ya\u015fatma hakk\u0131n\u0131z\u2026<br \/>\nGezi park\u0131\u2026<br \/>\nNe olmu\u015ftu neler olmu\u015ftu, l\u00fctfen hat\u0131rlarm\u0131s\u0131n\u0131z?<\/p>\n<p>Hesler, mesler\u2026<br \/>\nBakara, makara falan\u2026<br \/>\nAt bakay\u0131m Erdo\u011fan \u00f6n\u00fcne bo\u015f kasa\u2026<br \/>\nYemez de\u011fil mi?<br \/>\nPeki, neden?<\/p>\n","protected":false},"excerpt":{"rendered":"<p>Gen\u00e7ler, belki bilmez hat\u0131rlamas\u0131n\u0131z\u2026 Rahmetli Ecevit vakti zaman\u0131nda\u2026 Esnaf, Ecevit\u2019in \u00f6n\u00fc yazar kasas\u0131n\u0131 atm\u0131\u015ft\u0131, tepki\u2026 Kasa bombo\u015f, herhalde ne yapay\u0131m bo\u015f kasay\u0131 demek istedi. Bo\u015f ver \u015fimdi ayakkab\u0131 kutular\u0131n\u0131\u2026 Para sayma makinelerini\u2026 &gt; Besleme &lt; yanda\u015f ve yolda\u015f\u0131\u2026 \u00c7ift\u00e7i evlad\u0131m \u00e7ift\u00e7i, \u00fcretici a\u011fa\u00e7lar\u0131n\u0131 keser oldu! En son Nar a\u011fa\u00e7lar\u0131, 2000 denildi haberlerde\u2026 F\u0131nd\u0131k a\u011fac\u0131, zeytin &hellip; <\/p>\n<p class=\"link-more\"><a href=\"http:\/\/wordpress.gurbuz.net\/?p=3535\" class=\"more-link\"><span class=\"screen-reader-text\">\u201eYazar kasa\u201c<\/span> weiterlesen<\/a><\/p>\n","protected":false},"author":1,"featured_media":0,"comment_status":"open","ping_status":"closed","sticky":false,"template":"","format":"standard","meta":[],"categories":[1],"tags":[],"_links":{"self":[{"href":"http:\/\/wordpress.gurbuz.net\/index.php?rest_route=\/wp\/v2\/posts\/3535"}],"collection":[{"href":"http:\/\/wordpress.gurbuz.net\/index.php?rest_route=\/wp\/v2\/posts"}],"about":[{"href":"http:\/\/wordpress.gurbuz.net\/index.php?rest_route=\/wp\/v2\/types\/post"}],"author":[{"embeddable":true,"href":"http:\/\/wordpress.gurbuz.net\/index.php?rest_route=\/wp\/v2\/users\/1"}],"replies":[{"embeddable":true,"href":"http:\/\/wordpress.gurbuz.net\/index.php?rest_route=%2Fwp%2Fv2%2Fcomments&post=3535"}],"version-history":[{"count":17,"href":"http:\/\/wordpress.gurbuz.net\/index.php?rest_route=\/wp\/v2\/posts\/3535\/revisions"}],"predecessor-version":[{"id":3552,"href":"http:\/\/wordpress.gurbuz.net\/index.php?rest_route=\/wp\/v2\/posts\/3535\/revisions\/3552"}],"wp:attachment":[{"href":"http:\/\/wordpress.gurbuz.net\/index.php?rest_route=%2Fwp%2Fv2%2Fmedia&parent=3535"}],"wp:term":[{"taxonomy":"category","embeddable":true,"href":"http:\/\/wordpress.gurbuz.net\/index.php?rest_route=%2Fwp%2Fv2%2Fcategories&post=3535"},{"taxonomy":"post_tag","embeddable":true,"href":"http:\/\/wordpress.gurbuz.net\/index.php?rest_route=%2Fwp%2Fv2%2Ftags&post=3535"}],"curies":[{"name":"wp","href":"https:\/\/api.w.org\/{rel}","templated":true}]}}