{"id":3530,"date":"2017-11-05T20:25:01","date_gmt":"2017-11-05T20:25:01","guid":{"rendered":"http:\/\/wordpress.gurbuz.net\/?p=3530"},"modified":"2017-11-05T20:25:01","modified_gmt":"2017-11-05T20:25:01","slug":"vladimir-ilyic-leninden-recep-tayyip-erdogana","status":"publish","type":"post","link":"http:\/\/wordpress.gurbuz.net\/?p=3530","title":{"rendered":"Vladimir \u0130lyi\u00e7 Lenin\u2019den Recep Tayyip Erdogan\u2019a"},"content":{"rendered":"<p>Ne alaka demeyin\u2026<br \/>\nVar\u2026<br \/>\nHem de sand\u0131\u011f\u0131n\u0131zdan \u00e7ok ortak yanlar\u0131 var.<\/p>\n<p>Anlatm\u0131\u015f\u0131md\u0131r, ar\u015fivlerim meydanda\u2026<br \/>\nVladimir \u0130lyi\u00e7 Lenin\u2019i, Almanlar finanse etti. Neden, nas\u0131l ya ara\u015ft\u0131r, oku \u00f6\u011fren veya bak ar\u015fivlerime\u2026<br \/>\nYine Recep Tayyip Erdo\u011fan denilen \u015ferefsiz, ahlaks\u0131z doland\u0131r\u0131c\u0131\u2026<br \/>\n\u00d6nceleri \u00f6rne\u011fin M\u00fcsl\u00fcman karde\u015fler ve en \u00f6nemlisi Suudiler taraf\u0131ndan finanse edildi\u2026<br \/>\nVe daha irili, ufakl\u0131 bilumum dinci\u2026<br \/>\n\u015eimdilerde en \u00f6nemli destek\u00e7isi ve finans\u00f6r\u00fc Katar.<\/p>\n<p>Ortak yanlar\u0131ndan biri\u2026<br \/>\nBir ba\u015fka ortak yanlar\u0131, s\u00f6zde, ama\u00e7lar\u0131na ula\u015fana kadar halk(!)<br \/>\nSormak isterim size, Atat\u00fcrk ilke ve ink\u0131laplar\u0131 i\u00e7eresinde en \u00f6nemli ilke hangisi?<\/p>\n<p>\u2026<br \/>\n\u2026<br \/>\n\u2026<br \/>\nEvet, halk\u00e7\u0131l\u0131k. Halk\u00e7\u0131l\u0131k bence en \u00f6nemli ilkesi ve O\u2026<br \/>\nSonuna kadar hep bu ilkeye son derece \u00f6nem verdi\u2026<br \/>\nYine Lenin, halk\u00e7\u0131l\u0131k derken, Sovyetler yani halk \u00f6rg\u00fctlenmesini desteklerken birden\u2026<br \/>\nParti \u00f6ne ge\u00e7ti\u2026<br \/>\n\u00c7a\u011f de\u011fi\u015fti, yol ve y\u00f6ntemler de\u011fi\u015fti Recep \u015ferefsizi de halktan particili\u011fe, particilikten ba\u015fkanl\u0131\u011fa yatay ge\u00e7i\u015f yapt\u0131.<\/p>\n<p>Ancak\u2026<br \/>\n\u201cYi\u011fidi\u201d \u00f6ld\u00fcr hakk\u0131n\u0131 yeme der atalar, ger\u00e7i yi\u011fitlik ba\u015fka kahpelik ba\u015fka bu zibididen s\u00f6z ederken yi\u011fitlikten s\u00f6z edemeyiz, bir kahpe\u2026<br \/>\nAMA\u2026<br \/>\nKamuoyu ara\u015ft\u0131rmalar\u0131na \u00f6nem verdi, veriyor. Yani her ne kadar halk ile aras\u0131nda AK Saraylar olsa da, halk ile tam ba\u011f\u0131n\u0131 koparmad\u0131, buradan kazan\u0131yor(!)<\/p>\n<p>Ah CHP, ba\u015fka bir kahpe eliyle \u015fimdilerde Y-CHP\u2026<br \/>\n\u00d6z\u00fcne d\u00f6n, sar\u0131l atan\u0131n ilkelerine!<\/p>\n","protected":false},"excerpt":{"rendered":"<p>Ne alaka demeyin\u2026 Var\u2026 Hem de sand\u0131\u011f\u0131n\u0131zdan \u00e7ok ortak yanlar\u0131 var. Anlatm\u0131\u015f\u0131md\u0131r, ar\u015fivlerim meydanda\u2026 Vladimir \u0130lyi\u00e7 Lenin\u2019i, Almanlar finanse etti. Neden, nas\u0131l ya ara\u015ft\u0131r, oku \u00f6\u011fren veya bak ar\u015fivlerime\u2026 Yine Recep Tayyip Erdo\u011fan denilen \u015ferefsiz, ahlaks\u0131z doland\u0131r\u0131c\u0131\u2026 \u00d6nceleri \u00f6rne\u011fin M\u00fcsl\u00fcman karde\u015fler ve en \u00f6nemlisi Suudiler taraf\u0131ndan finanse edildi\u2026 Ve daha irili, ufakl\u0131 bilumum dinci\u2026 \u015eimdilerde &hellip; <\/p>\n<p class=\"link-more\"><a href=\"http:\/\/wordpress.gurbuz.net\/?p=3530\" class=\"more-link\"><span class=\"screen-reader-text\">\u201eVladimir \u0130lyi\u00e7 Lenin\u2019den Recep Tayyip Erdogan\u2019a\u201c<\/span> weiterlesen<\/a><\/p>\n","protected":false},"author":1,"featured_media":0,"comment_status":"open","ping_status":"closed","sticky":false,"template":"","format":"standard","meta":[],"categories":[1],"tags":[],"_links":{"self":[{"href":"http:\/\/wordpress.gurbuz.net\/index.php?rest_route=\/wp\/v2\/posts\/3530"}],"collection":[{"href":"http:\/\/wordpress.gurbuz.net\/index.php?rest_route=\/wp\/v2\/posts"}],"about":[{"href":"http:\/\/wordpress.gurbuz.net\/index.php?rest_route=\/wp\/v2\/types\/post"}],"author":[{"embeddable":true,"href":"http:\/\/wordpress.gurbuz.net\/index.php?rest_route=\/wp\/v2\/users\/1"}],"replies":[{"embeddable":true,"href":"http:\/\/wordpress.gurbuz.net\/index.php?rest_route=%2Fwp%2Fv2%2Fcomments&post=3530"}],"version-history":[{"count":1,"href":"http:\/\/wordpress.gurbuz.net\/index.php?rest_route=\/wp\/v2\/posts\/3530\/revisions"}],"predecessor-version":[{"id":3531,"href":"http:\/\/wordpress.gurbuz.net\/index.php?rest_route=\/wp\/v2\/posts\/3530\/revisions\/3531"}],"wp:attachment":[{"href":"http:\/\/wordpress.gurbuz.net\/index.php?rest_route=%2Fwp%2Fv2%2Fmedia&parent=3530"}],"wp:term":[{"taxonomy":"category","embeddable":true,"href":"http:\/\/wordpress.gurbuz.net\/index.php?rest_route=%2Fwp%2Fv2%2Fcategories&post=3530"},{"taxonomy":"post_tag","embeddable":true,"href":"http:\/\/wordpress.gurbuz.net\/index.php?rest_route=%2Fwp%2Fv2%2Ftags&post=3530"}],"curies":[{"name":"wp","href":"https:\/\/api.w.org\/{rel}","templated":true}]}}