{"id":34052,"date":"2019-12-18T07:18:42","date_gmt":"2019-12-18T07:18:42","guid":{"rendered":"http:\/\/wordpress.gurbuz.net\/?p=34052"},"modified":"2019-12-18T08:18:14","modified_gmt":"2019-12-18T08:18:14","slug":"bir-tuerk-oezdeyisidir-koeprueyue-gecene-kadar-ayiya-dayi-denir","status":"publish","type":"post","link":"http:\/\/wordpress.gurbuz.net\/?p=34052","title":{"rendered":"Bir T\u00fcrk \u00f6zdeyi\u015fidir K\u00f6pr\u00fcy\u00fc ge\u00e7ene kadar ay\u0131ya day\u0131 denir!"},"content":{"rendered":"<p>Ulan ADI, rezil pezevenk sen kimmm b\u0131rak bir d\u00fcnya liderini, lider olmak kim?<\/p>\n<p>Cem Seymen\u2019e a\u00e7\u0131k mektup:<\/p>\n<p>Say\u0131n Seymen,<\/p>\n<p>\u0130ster istemez, zorunlu olarak sizi ve kanal\u0131n\u0131z\u0131 izlemek durumunday\u0131m\u2026<br \/>\nEvet, zorunlu\u2026<br \/>\nAlmanya\u2019da ikamet ediyorum ve teknik nedenlerden dolay\u0131 \u00e7ana\u011f\u0131 mecbur kald\u0131m sizlerin yay\u0131n yapt\u0131\u011f\u0131 uyduya \u00e7evirmeye.<\/p>\n<p>Soruyorsunuz bu sabah; \u201c\u0130ki NATO \u00fclkesi\u2026 Nas\u0131l yapt\u0131r\u0131m uygular? \u2026\u201d vesaire\u2026<br \/>\nEfendim,<br \/>\nSay\u0131n Merkel\u2019in ki onu da son zamanlarda \u00e7ok k\u0131namaya ba\u015flad\u0131m, yad\u0131rg\u0131yorum yapt\u0131klar\u0131n\u0131\u2026<br \/>\nKadrosunu\u2026<br \/>\nYapmad\u0131klar\u0131n\u0131 ama konumuz O de\u011fil konu sizin nas\u0131l b\u00f6yle bir soru sorabilmenizdir\u2026<br \/>\nDeneyimli bir medya mensubusunuz\u2026<br \/>\nDikkatimden ka\u00e7mad\u0131, san\u0131r\u0131m ger\u00e7ekleri bilmedi\u011finiz i\u00e7in b\u00f6yle ele\u015ftirilerde bulunabiliyorsunuz\u2026<br \/>\n\u00d6rne\u011fin hayvanlar hakk\u0131nda, Avrupa\u2019da hayvan haklar\u0131 konusunda sarf etti\u011finiz, neyse\u2026<br \/>\nS\u00f6zler demi\u015f olal\u0131m\u2026<br \/>\nMerkel\u2026<br \/>\nBundan birka\u00e7 zaman \u00f6nce bir c\u00fcmle sarf etti; HER \u015eEYI anlatan, a\u00e7\u0131klayan bir c\u00fcmleydi\u2026<\/p>\n<p><strong>\u201cAvrupa\u2026<br \/>\nBir de\u011ferler birli\u011fidir!\u201d<\/strong><\/p>\n<p>Takdir\u2026<br \/>\nVe &gt;&gt;&gt; sevin\u00e7, memnuniyet ile &lt;&lt;&lt; bu sabah s\u00f6zlerinizi dinledim\u2026<br \/>\nEVET\u2026<br \/>\nNe muhte\u015fem bir olu\u015fumdur Cumhuriyet\u2026<br \/>\nNe g\u00fczel demokrasi, ama k\u00f6r ama topal\u2026<br \/>\nVEEE\u2026<br \/>\nGazi Mustafa Kemal Atat\u00fcrk\u2026<br \/>\nArkada\u015flar\u0131\u2026<br \/>\nGe\u00e7mi\u015ften g\u00fcn\u00fcm\u00fcze bu vatan bu millet i\u00e7in can<span style=\"display: inline !important; float: none; background-color: #ffffff; color: #333333; cursor: text; font-family: 'Libre Franklin','Helvetica Neue',helvetica,arial,sans-serif; font-size: 16px; font-style: normal; font-variant: normal; font-weight: 400; letter-spacing: normal; orphans: 2; text-align: left; text-decoration: none; text-indent: 0px; text-transform: none; -webkit-text-stroke-width: 0px; white-space: normal; word-spacing: 0px;\">\u0131<\/span>n<span style=\"display: inline !important; float: none; background-color: #ffffff; color: #333333; cursor: text; font-family: 'Libre Franklin','Helvetica Neue',helvetica,arial,sans-serif; font-size: 16px; font-style: normal; font-variant: normal; font-weight: 400; letter-spacing: normal; orphans: 2; text-align: left; text-decoration: none; text-indent: 0px; text-transform: none; -webkit-text-stroke-width: 0px; white-space: normal; word-spacing: 0px;\">\u0131<\/span>, mal<span style=\"display: inline !important; float: none; background-color: #ffffff; color: #333333; cursor: text; font-family: 'Libre Franklin','Helvetica Neue',helvetica,arial,sans-serif; font-size: 16px; font-style: normal; font-variant: normal; font-weight: 400; letter-spacing: normal; orphans: 2; text-align: left; text-decoration: none; text-indent: 0px; text-transform: none; -webkit-text-stroke-width: 0px; white-space: normal; word-spacing: 0px;\">\u0131<\/span>n<span style=\"display: inline !important; float: none; background-color: #ffffff; color: #333333; cursor: text; font-family: 'Libre Franklin','Helvetica Neue',helvetica,arial,sans-serif; font-size: 16px; font-style: normal; font-variant: normal; font-weight: 400; letter-spacing: normal; orphans: 2; text-align: left; text-decoration: none; text-indent: 0px; text-transform: none; -webkit-text-stroke-width: 0px; white-space: normal; word-spacing: 0px;\">\u0131<\/span> sak\u0131nmayan vatanda\u015f\u2026<br \/>\nGazi ve \u015fehit\u2026<br \/>\nNe \u00e7ok \u015fey bor\u00e7luyuzdur onlara, minnet ile rahmet ile anmal\u0131y\u0131z her birini!<\/p>\n<p>Bak\u0131n\u0131z Atlantik \u00f6tesine\u2026<br \/>\nBak\u0131n\u0131z co\u011frafyam\u0131za, \u00fclkemize\u2026<br \/>\nBU CENNET VATANA\u2026<br \/>\nSoruyorum size\u2026<br \/>\n\u0130nsanl\u0131\u011f\u0131n ama do\u011fru ama yanl\u0131\u015f kabul etti\u011fi de\u011ferler, birlikte ya\u015faman\u0131n\u2026<br \/>\nTICARET YAPMANIN\u2026<br \/>\nAl\u0131\u015fveri\u015fte bulunman\u0131n kurallar\u0131n\u0131 hi\u00e7e say\u0131p, kendi kafas\u0131na g\u00f6re\u2026<br \/>\nBENCIL\u2026<br \/>\n\u0130pe, sapa gelmeyen kurallar koyan ve kendine s\u00f6zde \u201clider\u201d dedirtenlerin\u2026<br \/>\n\u0130nsanl\u0131\u011f\u0131n kabul etti\u011fi\u2026<br \/>\nDe\u011ferleri\u2026<br \/>\nYok saymas\u0131, di\u011ferleri taraf\u0131ndan tepkisiz kabul edilebilir mi?<\/p>\n<p>Bir \u00f6zdeyi\u015fle ba\u015flad\u0131m s\u00f6zlerime, bir \u00f6zdeyi\u015f ile sonland\u0131rmak isterim\u2026<br \/>\nYa bu deveyi g\u00fcdersin ya bu diyardan gidersin!<\/p>\n<p>### &#8212; ###<br \/>\nDe\u011ferli okurlar\u0131m\u2026<br \/>\nBu ba\u011flamda bir not d\u00fc\u015fmek isterim\u2026<br \/>\nBir bilseniz batinin yanl\u0131\u015flar\u0131n\u0131, hegemonyas\u0131n\u0131 ah bir bilseniz AMA\u2026<br \/>\n&gt;&gt;&gt; Diplomatik dil diye bir \u015fey vard\u0131r &lt;&lt;&lt;<br \/>\nS\u00d6YLENMEDEN\u2026<br \/>\nArz edilmeden \u201ckafa, g\u00f6z yarma\u201d sanat\u0131\u2026<br \/>\nYazm\u0131\u015ft\u0131m, tesad\u00fcf olsa gerek\u2026<br \/>\nAmerika\u2019da K\u0131z\u0131lderili katliam\u0131, TBMM\u2019de dile getirildi\u2026<br \/>\nLAP DIYE\u2026<br \/>\nYanl\u0131\u015f yol ve y\u00f6ntem\u2026<br \/>\nKURALLARA UYULMALI\u2026<br \/>\nTabii ki s\u00f6ze, s\u00f6z, lafa, laf, di\u015fe\u2026<br \/>\nDi\u015f\u2026<br \/>\nAMA L\u00dcTFEN\u2026<br \/>\nUsullere g\u00f6re!<\/p>\n<p>Vaktim yok\u2026<br \/>\nBu sabah ne kalp ne s\u0131rt hi\u00e7bir \u015fey ya hi\u00e7bir \u015fey, hatta ila\u00e7lar\u0131 i\u00e7menden \u00e7\u0131kt\u0131m evden\u2026<br \/>\nHan\u0131m yolda \u201ci\u00e7 ila\u00e7lar\u0131n\u0131!\u201d<br \/>\n\u0130\u00e7mem mi, ba\u015flad\u0131 gene\u2026<br \/>\nAf edin, anlatmak, \u00f6\u011fretmek istedi\u011fim \u00e7ok \u015fey var\u2026<br \/>\nOldu\u011fu kadar!<br \/>\n### &#8212; ###<\/p>\n<p>Ben\u2026<br \/>\nSizlerin anlayaca\u011f\u0131 \u015fekilde yazmak mecburiyetindeyim\u2026<br \/>\nVEEE\u2026<br \/>\n\u00c7ok mutluyum, yazd\u0131m gurur ile\u2026<br \/>\nTabii anlayana\u2026<br \/>\nYazd\u0131m, kerhaneden\u2026<br \/>\nTa \u00fcniversitelere kadar\u2026<br \/>\nOkurlar\u0131m var, vatan\u2026<br \/>\nMillet sevgisi \u00f6yle bir \u015fey ki\u2026<br \/>\nKap\u0131ld\u0131n m\u0131 O a\u015fka dinlemez ne mek\u00e2n ne bir \u015feyi!<\/p>\n<p><em><strong>Protestan meselesi bunlardan biri\u2026<br \/>\nK\u0131ta Avrupa\u2019s\u0131nda Protestanl\u0131k ba\u015fka bir \u015fey\u2026<br \/>\n\u0130ngiltere\u2019de YAZDIM NEDENLERINI\u2026<br \/>\nHerifin bilmem nesi(!)<br \/>\nAmerika\u2019da Protestanl\u0131k alg\u0131s\u0131 farkl\u0131, bu iki anlay\u0131\u015f\u0131 birbirinden ay\u0131rabilmeli insan\u2026<br \/>\nBilgi karde\u015fim bilgi\u2026<br \/>\nVe Cem\u2026<br \/>\nSerzeni\u015fte bulunuyor bilmem ka\u00e7 y\u00fcz \u00fcniversite var \u00fclkede\u2026<br \/>\nBende yazd\u0131m, ele\u015ftirdim\u2026<br \/>\n\u201cTek bilimsel, uluslararas\u0131 kabul g\u00f6ren bilimsel yay\u0131n YOK\u201d<br \/>\nNitelik mi Cem Bey\u2026<br \/>\nNicelik mi, hangisi???<\/strong><\/em><\/p>\n<p>Mersi &#x1f60a;<\/p>\n<blockquote class=\"wp-embedded-content\" data-secret=\"VSR7Fy9AXm\"><p><a href=\"http:\/\/wordpress.gurbuz.net\/?p=16694\">Frans\u0131z yap\u0131m\u0131 DIKKAT ET perde arkas\u0131na<\/a><\/p><\/blockquote>\n<p><iframe class=\"wp-embedded-content\" sandbox=\"allow-scripts\" security=\"restricted\" style=\"position: absolute; clip: rect(1px, 1px, 1px, 1px);\" src=\"http:\/\/wordpress.gurbuz.net\/?p=16694&#038;embed=true#?secret=VSR7Fy9AXm\" data-secret=\"VSR7Fy9AXm\" width=\"525\" height=\"296\" title=\"&#8222;Frans\u0131z yap\u0131m\u0131 DIKKAT ET perde arkas\u0131na&#8220; &#8212; \u00d6nder G\u00fcrb\u00fcz\" frameborder=\"0\" marginwidth=\"0\" marginheight=\"0\" scrolling=\"no\"><\/iframe><\/p>\n<p>Dikkatini \u00e7ekerim\u2026<br \/>\n&#x1f60a;<br \/>\nUgur D\u00fcndar\u2026<br \/>\nTepkiliydim, tepki VERDIM\u2026<br \/>\nAma &gt;&gt;&gt; \u015fimdi &lt;&lt;&lt; koyuyorum NOKTAYI!!!<\/p>\n<p>INAN\u2026<br \/>\nYazam\u0131yor, anlatam\u0131yorum bir\u00e7ok bildi\u011fim ger\u00e7e\u011fi ve sen biliyorsun nedenini\u2026<br \/>\nHadi ben gitti!<\/p>\n","protected":false},"excerpt":{"rendered":"<p>Ulan ADI, rezil pezevenk sen kimmm b\u0131rak bir d\u00fcnya liderini, lider olmak kim? Cem Seymen\u2019e a\u00e7\u0131k mektup: Say\u0131n Seymen, \u0130ster istemez, zorunlu olarak sizi ve kanal\u0131n\u0131z\u0131 izlemek durumunday\u0131m\u2026 Evet, zorunlu\u2026 Almanya\u2019da ikamet ediyorum ve teknik nedenlerden dolay\u0131 \u00e7ana\u011f\u0131 mecbur kald\u0131m sizlerin yay\u0131n yapt\u0131\u011f\u0131 uyduya \u00e7evirmeye. Soruyorsunuz bu sabah; \u201c\u0130ki NATO \u00fclkesi\u2026 Nas\u0131l yapt\u0131r\u0131m uygular? \u2026\u201d &hellip; <\/p>\n<p class=\"link-more\"><a href=\"http:\/\/wordpress.gurbuz.net\/?p=34052\" class=\"more-link\"><span class=\"screen-reader-text\">\u201eBir T\u00fcrk \u00f6zdeyi\u015fidir K\u00f6pr\u00fcy\u00fc ge\u00e7ene kadar ay\u0131ya day\u0131 denir!\u201c<\/span> weiterlesen<\/a><\/p>\n","protected":false},"author":1,"featured_media":0,"comment_status":"open","ping_status":"open","sticky":false,"template":"","format":"standard","meta":[],"categories":[1],"tags":[],"_links":{"self":[{"href":"http:\/\/wordpress.gurbuz.net\/index.php?rest_route=\/wp\/v2\/posts\/34052"}],"collection":[{"href":"http:\/\/wordpress.gurbuz.net\/index.php?rest_route=\/wp\/v2\/posts"}],"about":[{"href":"http:\/\/wordpress.gurbuz.net\/index.php?rest_route=\/wp\/v2\/types\/post"}],"author":[{"embeddable":true,"href":"http:\/\/wordpress.gurbuz.net\/index.php?rest_route=\/wp\/v2\/users\/1"}],"replies":[{"embeddable":true,"href":"http:\/\/wordpress.gurbuz.net\/index.php?rest_route=%2Fwp%2Fv2%2Fcomments&post=34052"}],"version-history":[{"count":19,"href":"http:\/\/wordpress.gurbuz.net\/index.php?rest_route=\/wp\/v2\/posts\/34052\/revisions"}],"predecessor-version":[{"id":34071,"href":"http:\/\/wordpress.gurbuz.net\/index.php?rest_route=\/wp\/v2\/posts\/34052\/revisions\/34071"}],"wp:attachment":[{"href":"http:\/\/wordpress.gurbuz.net\/index.php?rest_route=%2Fwp%2Fv2%2Fmedia&parent=34052"}],"wp:term":[{"taxonomy":"category","embeddable":true,"href":"http:\/\/wordpress.gurbuz.net\/index.php?rest_route=%2Fwp%2Fv2%2Fcategories&post=34052"},{"taxonomy":"post_tag","embeddable":true,"href":"http:\/\/wordpress.gurbuz.net\/index.php?rest_route=%2Fwp%2Fv2%2Ftags&post=34052"}],"curies":[{"name":"wp","href":"https:\/\/api.w.org\/{rel}","templated":true}]}}