{"id":3295,"date":"2017-10-31T17:00:54","date_gmt":"2017-10-31T17:00:54","guid":{"rendered":"http:\/\/wordpress.gurbuz.net\/?p=3295"},"modified":"2017-10-31T17:00:54","modified_gmt":"2017-10-31T17:00:54","slug":"ah-kadin-ah-senin-yuezuenden-saate-bak-anca-basladim-gittim-eve-yeminle-kac-zamandir-makarna-yemiyordum-canim-istedi-bir-dueduek-makarnasi-birde-o-ospu-kari-koeftesi-yeminle-uefff","status":"publish","type":"post","link":"http:\/\/wordpress.gurbuz.net\/?p=3295","title":{"rendered":"Ah kad\u0131n ah, senin y\u00fcz\u00fcnden. Saate bak! Anca ba\u015flad\u0131m. Gittim eve, yeminle ka\u00e7 zamand\u0131r makarna yemiyordum. Can\u0131m istedi; bir d\u00fcd\u00fck makarnas\u0131, birde o.ospu kar\u0131 k\u00f6ftesi\u2026 Yeminle!!! \u00dcfff yemede yan\u0131nda yat. Bir kesit, Katalanlar ile ilgili. Bitirmeliyim ki yeni konu a\u00e7ay\u0131m"},"content":{"rendered":"<p>&#8230;<br \/>\n&#8230;<br \/>\n&#8230;<br \/>\nBu a\u00e7\u0131klamalardan sonra d\u00f6nelim konumuza\u2026<br \/>\nTaraf\u0131mdan sadece bir tez, kimi beklentilerim vard\u0131 ama bu hi\u00e7 akl\u0131ma gelmemi\u015fti. Gen\u00e7lik y\u0131llar\u0131mda, orta ya\u015fta siyasetten \u00e7ok faaldim, asl\u0131nda hala faalim ama sadece yazarak. \u0130ster inanan\u0131n ister inanmay\u0131n\u2026<br \/>\nBinlerce ger\u00e7ek kitabim, on binlerce dijital kitabim var. Rabbin bir emri varsa, OKU\u2026<br \/>\n\u0130\u015fte O emri yerine getiririm. Severim okumas\u0131n\u0131, ilgi alan\u0131m ise olduk\u00e7a geni\u015f \u00e7apl\u0131d\u0131r. \u00d6mr\u00fcm \u00fcniversitelerde ge\u00e7ti, \u00fcniversite tahsili yapmam\u0131\u015f olmama ra\u011fmen bir aya\u011f\u0131m mesle\u011fimden \u00f6t\u00fcr\u00fc hep \u00fcniversitelerdeydi. Bir\u00e7ok insan tan\u0131d\u0131m, yeni fikirler ile tan\u0131\u015ft\u0131m. Zaten \u00fcniversitelerin asil amac\u0131 yeni yeni fikirler, d\u00fc\u015f\u00fcnceler \u00fcretmek, geli\u015ftirmek de\u011fil mi?   <\/p>\n<p>Bir bilim ve ilim \u201cfabrikas\u0131\u201d de\u011fil midir \u00fcniversiteler?<\/p>\n<p>Birisi bana bir makale \u00f6nermi\u015fti, ge\u00e7mi\u015f zaman\u2026<br \/>\nUzunca bir \u015feydi, asl\u0131nda kitap\u00e7\u0131k diyebilirim. O kadar ak\u0131c\u0131yd\u0131 ki bir \u00e7\u0131rp\u0131da yalad\u0131m yuttum.<br \/>\nYeminle hat\u0131rlam\u0131yorum bile Profes\u00f6r\u00fcn ismini. Bug\u00fcn size baz\u0131 \u201cd\u00fc\u015f\u00fcnce kurulu\u015flar\u0131n\u0131n\u201d isimlerini verdim. \u0130\u015fte b\u00f6yle bir d\u00fc\u015f\u00fcnce kurumunda \u00f6nemli bir pozisyondayd\u0131 bu insan. Onun makalesi ve \u00f6ng\u00f6r\u00fclerini hi\u00e7bir zaman unutmayaca\u011f\u0131m. 50 sene doldu dolacak\u2026<br \/>\nAmerika Birle\u015fik Devletleri\u2026<br \/>\n\u201cTek kutuplu d\u00fcnya (!)\u201d<\/p>\n<p>Unutulmamal\u0131d\u0131r ki\u2026<br \/>\nD\u00fcnyam\u0131zda ki bu hep b\u00f6yleydi, kimse vaz ge\u00e7ilmez, kimse yeri doldurulamaz de\u011fildir. Biliyorsunuz de\u011fil mi r\u00fczg\u00e2r neden eser?<br \/>\nDenizin, \u201chava bo\u015fluklar\u0131n\u0131n\u201d, so\u011fuk ve s\u0131cak su ak\u0131mlar\u0131n\u0131n etkisini\u2026<br \/>\n\u201cBo\u015falan yer\u201d doldurulur!<br \/>\n&#8230;<br \/>\n&#8230;<br \/>\n&#8230;<\/p>\n","protected":false},"excerpt":{"rendered":"<p>&#8230; &#8230; &#8230; Bu a\u00e7\u0131klamalardan sonra d\u00f6nelim konumuza\u2026 Taraf\u0131mdan sadece bir tez, kimi beklentilerim vard\u0131 ama bu hi\u00e7 akl\u0131ma gelmemi\u015fti. Gen\u00e7lik y\u0131llar\u0131mda, orta ya\u015fta siyasetten \u00e7ok faaldim, asl\u0131nda hala faalim ama sadece yazarak. \u0130ster inanan\u0131n ister inanmay\u0131n\u2026 Binlerce ger\u00e7ek kitabim, on binlerce dijital kitabim var. Rabbin bir emri varsa, OKU\u2026 \u0130\u015fte O emri yerine getiririm. &hellip; <\/p>\n<p class=\"link-more\"><a href=\"http:\/\/wordpress.gurbuz.net\/?p=3295\" class=\"more-link\"><span class=\"screen-reader-text\">\u201eAh kad\u0131n ah, senin y\u00fcz\u00fcnden. Saate bak! Anca ba\u015flad\u0131m. Gittim eve, yeminle ka\u00e7 zamand\u0131r makarna yemiyordum. Can\u0131m istedi; bir d\u00fcd\u00fck makarnas\u0131, birde o.ospu kar\u0131 k\u00f6ftesi\u2026 Yeminle!!! \u00dcfff yemede yan\u0131nda yat. Bir kesit, Katalanlar ile ilgili. Bitirmeliyim ki yeni konu a\u00e7ay\u0131m\u201c<\/span> weiterlesen<\/a><\/p>\n","protected":false},"author":1,"featured_media":0,"comment_status":"closed","ping_status":"closed","sticky":false,"template":"","format":"standard","meta":[],"categories":[1],"tags":[],"_links":{"self":[{"href":"http:\/\/wordpress.gurbuz.net\/index.php?rest_route=\/wp\/v2\/posts\/3295"}],"collection":[{"href":"http:\/\/wordpress.gurbuz.net\/index.php?rest_route=\/wp\/v2\/posts"}],"about":[{"href":"http:\/\/wordpress.gurbuz.net\/index.php?rest_route=\/wp\/v2\/types\/post"}],"author":[{"embeddable":true,"href":"http:\/\/wordpress.gurbuz.net\/index.php?rest_route=\/wp\/v2\/users\/1"}],"replies":[{"embeddable":true,"href":"http:\/\/wordpress.gurbuz.net\/index.php?rest_route=%2Fwp%2Fv2%2Fcomments&post=3295"}],"version-history":[{"count":1,"href":"http:\/\/wordpress.gurbuz.net\/index.php?rest_route=\/wp\/v2\/posts\/3295\/revisions"}],"predecessor-version":[{"id":3296,"href":"http:\/\/wordpress.gurbuz.net\/index.php?rest_route=\/wp\/v2\/posts\/3295\/revisions\/3296"}],"wp:attachment":[{"href":"http:\/\/wordpress.gurbuz.net\/index.php?rest_route=%2Fwp%2Fv2%2Fmedia&parent=3295"}],"wp:term":[{"taxonomy":"category","embeddable":true,"href":"http:\/\/wordpress.gurbuz.net\/index.php?rest_route=%2Fwp%2Fv2%2Fcategories&post=3295"},{"taxonomy":"post_tag","embeddable":true,"href":"http:\/\/wordpress.gurbuz.net\/index.php?rest_route=%2Fwp%2Fv2%2Ftags&post=3295"}],"curies":[{"name":"wp","href":"https:\/\/api.w.org\/{rel}","templated":true}]}}