{"id":31915,"date":"2019-11-18T14:36:26","date_gmt":"2019-11-18T14:36:26","guid":{"rendered":"http:\/\/wordpress.gurbuz.net\/?p=31915"},"modified":"2019-11-18T14:37:33","modified_gmt":"2019-11-18T14:37:33","slug":"kaynaklar-ile-devam-edelim-pasaya-ne-lazim-ne-tuerlue-bilgilerden-faydalanabilir-bilmiyorum-ki-anlamadim","status":"publish","type":"post","link":"http:\/\/wordpress.gurbuz.net\/?p=31915","title":{"rendered":"Kaynaklar ile devam edelim, pa\u015faya ne laz\u0131m ne t\u00fcrl\u00fc bilgilerden faydalanabilir bilmiyorum ki, anlamad\u0131m"},"content":{"rendered":"<p>###<br \/>\nhttp:\/\/dergiler.ankara.edu.tr\/dergiler\/45\/808\/10287.pdf<\/p>\n<p>EU-SKEPTIZISMUS IN DER T\u00dcRKEI Die Haltungen der t\u00fcrkischen Parteien \u2013 CHP, MHP und AKP 388 sayfa <\/p>\n<p>https:\/\/www.db-thueringen.de\/servlets\/MCRFileNodeServlet\/dbt_derivate_00023696\/ermagan.pdf<br \/>\n###<\/p>\n<p>Osmanl\u0131\u2019dan G\u00fcn\u00fcm\u00fcze E\u015eKIYALIK VE TER\u00d6R 924 sayfa<\/p>\n<p>http:\/\/www.historystudies.net\/source\/eskiyal\u0131k-ve-teror.pdf<\/p>\n<p>216 sayfa<br \/>\nhttps:\/\/www.atam.gov.tr\/wp-content\/uploads\/79.-SAYI.pdf<\/p>\n<p>https:\/\/islamansiklopedisi.org.tr\/ittihat-ve-terakki-cemiyeti<\/p>\n<p>https:\/\/avim.org.tr\/Blog\/ATATURK-UN-GELECEGI-SEZIS-VE-ONGORU-GUCU-1914-YILI<\/p>\n<p>CUMHUR\u0110YET\u2019\u0110N \u0110LK YILLARINDA MUSTAFA KEMAL (ATAT\u00dcRK)\u2019\u0110N KATILDI\u011eI HARP OYUNLARI VE ASKER\u0110 MANEVRALAR 206 sayfa<\/p>\n<p>http:\/\/adudspace.adu.edu.tr:8080\/jspui\/bitstream\/11607\/800\/2\/Ali%20Ihsan%20KURTULAN%20-%20CUMHURIYET\u2019IN%20ILK%20YILLARINDA%20MUSTAFA%20KEMAL%20%28ATATURK%29\u2019IN%20KATILDI\u011eI%20HARP%20OYUNL.pdf<\/p>\n<p>http:\/\/dergiler.ankara.edu.tr\/dergiler\/45\/819\/10392.pdf<\/p>\n<p>https:\/\/www.n-tv.de\/politik\/Atatuerk-und-die-moderne-Tuerkei-article11620856.html<\/p>\n<p>https:\/\/www.spiegel.de\/spiegel\/print\/d-44437598.html<\/p>\n<p>https:\/\/www.swp-berlin.org\/fileadmin\/contents\/products\/fachpublikationen\/SOE_FES_ks.pdf<\/p>\n<p>https:\/\/www.liportal.de\/tuerkei\/geschichte-staat\/<\/p>\n<p>https:\/\/www.hsfk.de\/fileadmin\/HSFK\/hsfk_downloads\/report0107.pdf<\/p>\n<p>https:\/\/www.ihk-krefeld.de\/de\/media\/pdf\/international\/interkulturelle_kompetenz\/pocket-guides-2019\/pocket-guides-2019\/ihk_pocket_guide_tuerkei2019_a4.pdf<\/p>\n<p>DIKKAT DIKKAt DIKKAT<\/p>\n<p>Almanya\u2019n\u0131n en \u00f6nemli bili\u015fim dergilerinden birdir, \u00e7ok ciddi ve a\u011f\u0131r bir dergidir.<br \/>\nAnlaman\u0131z a\u00e7\u0131s\u0131ndan\u2026<br \/>\nBenim gibiler her konuda her \u015feyi bilmek gibi bir zorunlulu\u011fu vard\u0131r\u2026<br \/>\nEn az\u0131ndan temel bilgilere sahip olmak ZORUNDAYIZ!<\/p>\n<p>https:\/\/www.heise.de\/tp\/features\/Kurden-Die-Opfer-wurden-zu-Taetern-gemacht-3369271.html?seite=all<\/p>\n<p>Le Monde, Fransa\u2019n\u0131n a\u011f\u0131r toplar\u0131ndand\u0131r, bizim Cumhuriyet gazetesi gibi<\/p>\n<p>https:\/\/monde-diplomatique.de\/artikel\/!484666<\/p>\n<p>Die au\u00dfenpolitische Stellung der T\u00fcrkei im Nahen und Mittleren Osten, besonders nach dem Kalten Krieg bis Ende 1999, Kontinuit\u00e4t oder Wandel? 329 sayfa<\/p>\n<p>https:\/\/d-nb.info\/975889710\/34<\/p>\n<p>U\u011fra\u015fs\u0131n dursun, \u015fimdiye kadar ben u\u011fra\u015ft\u0131m \u015fimdi O u\u011fra\u015fs\u0131n. Aman aman iyi ki \u00e7ocuk de\u011filim, gen\u00e7. Ger\u00e7i benim \u00f6\u011frenim hayatim hi\u00e7 bir zaman bitmedi<br \/>\n&#x1f60a;<\/p>\n","protected":false},"excerpt":{"rendered":"<p>### http:\/\/dergiler.ankara.edu.tr\/dergiler\/45\/808\/10287.pdf EU-SKEPTIZISMUS IN DER T\u00dcRKEI Die Haltungen der t\u00fcrkischen Parteien \u2013 CHP, MHP und AKP 388 sayfa https:\/\/www.db-thueringen.de\/servlets\/MCRFileNodeServlet\/dbt_derivate_00023696\/ermagan.pdf ### Osmanl\u0131\u2019dan G\u00fcn\u00fcm\u00fcze E\u015eKIYALIK VE TER\u00d6R 924 sayfa http:\/\/www.historystudies.net\/source\/eskiyal\u0131k-ve-teror.pdf 216 sayfa https:\/\/www.atam.gov.tr\/wp-content\/uploads\/79.-SAYI.pdf https:\/\/islamansiklopedisi.org.tr\/ittihat-ve-terakki-cemiyeti https:\/\/avim.org.tr\/Blog\/ATATURK-UN-GELECEGI-SEZIS-VE-ONGORU-GUCU-1914-YILI CUMHUR\u0110YET\u2019\u0110N \u0110LK YILLARINDA MUSTAFA KEMAL (ATAT\u00dcRK)\u2019\u0110N KATILDI\u011eI HARP OYUNLARI VE ASKER\u0110 MANEVRALAR 206 sayfa http:\/\/adudspace.adu.edu.tr:8080\/jspui\/bitstream\/11607\/800\/2\/Ali%20Ihsan%20KURTULAN%20-%20CUMHURIYET\u2019IN%20ILK%20YILLARINDA%20MUSTAFA%20KEMAL%20%28ATATURK%29\u2019IN%20KATILDI\u011eI%20HARP%20OYUNL.pdf http:\/\/dergiler.ankara.edu.tr\/dergiler\/45\/819\/10392.pdf https:\/\/www.n-tv.de\/politik\/Atatuerk-und-die-moderne-Tuerkei-article11620856.html https:\/\/www.spiegel.de\/spiegel\/print\/d-44437598.html https:\/\/www.swp-berlin.org\/fileadmin\/contents\/products\/fachpublikationen\/SOE_FES_ks.pdf https:\/\/www.liportal.de\/tuerkei\/geschichte-staat\/ https:\/\/www.hsfk.de\/fileadmin\/HSFK\/hsfk_downloads\/report0107.pdf https:\/\/www.ihk-krefeld.de\/de\/media\/pdf\/international\/interkulturelle_kompetenz\/pocket-guides-2019\/pocket-guides-2019\/ihk_pocket_guide_tuerkei2019_a4.pdf &hellip; <\/p>\n<p class=\"link-more\"><a href=\"http:\/\/wordpress.gurbuz.net\/?p=31915\" class=\"more-link\"><span class=\"screen-reader-text\">\u201eKaynaklar ile devam edelim, pa\u015faya ne laz\u0131m ne t\u00fcrl\u00fc bilgilerden faydalanabilir bilmiyorum ki, anlamad\u0131m\u201c<\/span> weiterlesen<\/a><\/p>\n","protected":false},"author":1,"featured_media":0,"comment_status":"open","ping_status":"open","sticky":false,"template":"","format":"standard","meta":[],"categories":[1],"tags":[],"_links":{"self":[{"href":"http:\/\/wordpress.gurbuz.net\/index.php?rest_route=\/wp\/v2\/posts\/31915"}],"collection":[{"href":"http:\/\/wordpress.gurbuz.net\/index.php?rest_route=\/wp\/v2\/posts"}],"about":[{"href":"http:\/\/wordpress.gurbuz.net\/index.php?rest_route=\/wp\/v2\/types\/post"}],"author":[{"embeddable":true,"href":"http:\/\/wordpress.gurbuz.net\/index.php?rest_route=\/wp\/v2\/users\/1"}],"replies":[{"embeddable":true,"href":"http:\/\/wordpress.gurbuz.net\/index.php?rest_route=%2Fwp%2Fv2%2Fcomments&post=31915"}],"version-history":[{"count":2,"href":"http:\/\/wordpress.gurbuz.net\/index.php?rest_route=\/wp\/v2\/posts\/31915\/revisions"}],"predecessor-version":[{"id":31917,"href":"http:\/\/wordpress.gurbuz.net\/index.php?rest_route=\/wp\/v2\/posts\/31915\/revisions\/31917"}],"wp:attachment":[{"href":"http:\/\/wordpress.gurbuz.net\/index.php?rest_route=%2Fwp%2Fv2%2Fmedia&parent=31915"}],"wp:term":[{"taxonomy":"category","embeddable":true,"href":"http:\/\/wordpress.gurbuz.net\/index.php?rest_route=%2Fwp%2Fv2%2Fcategories&post=31915"},{"taxonomy":"post_tag","embeddable":true,"href":"http:\/\/wordpress.gurbuz.net\/index.php?rest_route=%2Fwp%2Fv2%2Ftags&post=31915"}],"curies":[{"name":"wp","href":"https:\/\/api.w.org\/{rel}","templated":true}]}}