{"id":31899,"date":"2019-11-18T12:46:13","date_gmt":"2019-11-18T12:46:13","guid":{"rendered":"http:\/\/wordpress.gurbuz.net\/?p=31899"},"modified":"2019-11-18T12:52:01","modified_gmt":"2019-11-18T12:52:01","slug":"basoertuesue-baska-tuerban-baska-kemal-baska","status":"publish","type":"post","link":"http:\/\/wordpress.gurbuz.net\/?p=31899","title":{"rendered":"Ba\u015f\u00f6rt\u00fcs\u00fc ba\u015fka T\u00dcRBAN ba\u015fka Kemal, BA\u015eKA"},"content":{"rendered":"<p>BORSA 106952 Almanya 13:42\u2026<br \/>\n&#8222;T\u00fcrban\u2026<br \/>\nVelev ki siyasi simge.&#8220;<\/p>\n<p>Recep Tayyip Kahpedo\u011fan <\/p>\n<p>Cumartesi al\u0131\u015fveri\u015fteyim\u2026<br \/>\nUzaktan dikkatimi \u00e7ekti, tezg\u00e2hta t\u00fcrbanl\u0131 bir k\u0131z\u2026<br \/>\n\u201cM\u00fckemmel\u201d bir Almanca\u2026<br \/>\nZeytin i\u00e7in bende girdim s\u0131raya, k\u0131z\u0131m \u015fundan, \u015fundan, \u015fundan\u2026<br \/>\nBa\u015flad\u0131 benimle y\u00e2ri Almanca y\u00e2ri T\u00fcrk\u00e7e konu\u015fmaya, g\u00fczellikle, inan iyi niyet ile\u2026<br \/>\nG\u00fczel k\u0131z\u0131m ki ger\u00e7ekten g\u00fczeldi, ka\u015f\u0131, g\u00f6z\u00fc\u2026<br \/>\nYa Almanca konu\u015f veya T\u00fcrk\u00e7e. Bak ileride anne olacaks\u0131n, al\u0131\u015ft\u0131rma dilini b\u00f6yle.<\/p>\n<p>\u201cBen d\u00f6rt dil konu\u015fuyorum! Kar\u0131\u015ft\u0131r\u0131yorum bazen.\u201d<\/p>\n<p>Bak ya\u2026<br \/>\nAl sen O D\u00d6RT dili (\u2026)<br \/>\nVe bunlar \u00e7ocuk e\u011fitecek \u00f6yle mi?<br \/>\nD\u00f6rt de\u011fil iki bil AMA hakkini ver, h\u00e2kim ol dile.<\/p>\n","protected":false},"excerpt":{"rendered":"<p>BORSA 106952 Almanya 13:42\u2026 &#8222;T\u00fcrban\u2026 Velev ki siyasi simge.&#8220; Recep Tayyip Kahpedo\u011fan Cumartesi al\u0131\u015fveri\u015fteyim\u2026 Uzaktan dikkatimi \u00e7ekti, tezg\u00e2hta t\u00fcrbanl\u0131 bir k\u0131z\u2026 \u201cM\u00fckemmel\u201d bir Almanca\u2026 Zeytin i\u00e7in bende girdim s\u0131raya, k\u0131z\u0131m \u015fundan, \u015fundan, \u015fundan\u2026 Ba\u015flad\u0131 benimle y\u00e2ri Almanca y\u00e2ri T\u00fcrk\u00e7e konu\u015fmaya, g\u00fczellikle, inan iyi niyet ile\u2026 G\u00fczel k\u0131z\u0131m ki ger\u00e7ekten g\u00fczeldi, ka\u015f\u0131, g\u00f6z\u00fc\u2026 Ya Almanca konu\u015f &hellip; <\/p>\n<p class=\"link-more\"><a href=\"http:\/\/wordpress.gurbuz.net\/?p=31899\" class=\"more-link\"><span class=\"screen-reader-text\">\u201eBa\u015f\u00f6rt\u00fcs\u00fc ba\u015fka T\u00dcRBAN ba\u015fka Kemal, BA\u015eKA\u201c<\/span> weiterlesen<\/a><\/p>\n","protected":false},"author":1,"featured_media":0,"comment_status":"open","ping_status":"open","sticky":false,"template":"","format":"standard","meta":[],"categories":[1],"tags":[],"_links":{"self":[{"href":"http:\/\/wordpress.gurbuz.net\/index.php?rest_route=\/wp\/v2\/posts\/31899"}],"collection":[{"href":"http:\/\/wordpress.gurbuz.net\/index.php?rest_route=\/wp\/v2\/posts"}],"about":[{"href":"http:\/\/wordpress.gurbuz.net\/index.php?rest_route=\/wp\/v2\/types\/post"}],"author":[{"embeddable":true,"href":"http:\/\/wordpress.gurbuz.net\/index.php?rest_route=\/wp\/v2\/users\/1"}],"replies":[{"embeddable":true,"href":"http:\/\/wordpress.gurbuz.net\/index.php?rest_route=%2Fwp%2Fv2%2Fcomments&post=31899"}],"version-history":[{"count":4,"href":"http:\/\/wordpress.gurbuz.net\/index.php?rest_route=\/wp\/v2\/posts\/31899\/revisions"}],"predecessor-version":[{"id":31903,"href":"http:\/\/wordpress.gurbuz.net\/index.php?rest_route=\/wp\/v2\/posts\/31899\/revisions\/31903"}],"wp:attachment":[{"href":"http:\/\/wordpress.gurbuz.net\/index.php?rest_route=%2Fwp%2Fv2%2Fmedia&parent=31899"}],"wp:term":[{"taxonomy":"category","embeddable":true,"href":"http:\/\/wordpress.gurbuz.net\/index.php?rest_route=%2Fwp%2Fv2%2Fcategories&post=31899"},{"taxonomy":"post_tag","embeddable":true,"href":"http:\/\/wordpress.gurbuz.net\/index.php?rest_route=%2Fwp%2Fv2%2Ftags&post=31899"}],"curies":[{"name":"wp","href":"https:\/\/api.w.org\/{rel}","templated":true}]}}