{"id":3009,"date":"2017-10-16T11:26:00","date_gmt":"2017-10-16T11:26:00","guid":{"rendered":"http:\/\/wordpress.gurbuz.net\/?p=3009"},"modified":"2017-10-16T11:26:00","modified_gmt":"2017-10-16T11:26:00","slug":"coktan-okumadiysaniz-mutlaka-okumalisiniz","status":"publish","type":"post","link":"http:\/\/wordpress.gurbuz.net\/?p=3009","title":{"rendered":"\u00c7oktan okumad\u0131ysan\u0131z, MUTLAKA okumal\u0131s\u0131n\u0131z"},"content":{"rendered":"<p>Y\u0131lmaz \u00d6zdil yazd\u0131<\/p>\n<p>Karao\u011flan<br \/>\nAsr\u0131n liderimiz \u015fimdi de kafay\u0131 B\u00fclent Ecevit&#8217;e takt\u0131, \u201cpoposunu trabzana dayayan\u201d ABD ba\u015fkan\u0131n\u0131n kar\u015f\u0131s\u0131nda el pen\u00e7e divan durdu\u011funu filan s\u00f6yledi.<br \/>\n*<br \/>\nHalbuki\u2026<br \/>\n*<br \/>\nEcevit, Mustafa Kemal Atat\u00fcrk&#8217;ten sonra toprak kazand\u0131ran tek liderdi. Asr\u0131n liderimiz d\u00f6neminde vatan topra\u011f\u0131 terkedildi.<br \/>\n*<br \/>\nEcevit K\u0131br\u0131s fatihiydi. Asr\u0131n liderimiz d\u00f6neminde Ege&#8217;deki adalar\u0131m\u0131za Yunan askeri oturdu, mangal yap\u0131p, an\u0131t dikiyorlar.<br \/>\n*<br \/>\nEcevit, ABD ambargosunu falan t\u0131nlamad\u0131, K\u0131br\u0131s&#8217;a \u00e7\u0131karken ABD ordusuyla vuru\u015fmay\u0131 g\u00f6ze ald\u0131. Asr\u0131n liderimiz d\u00f6neminde ayn\u0131 ABD kafam\u0131za \u00e7uval ge\u00e7irdi.<br \/>\n*<br \/>\nEcevit, Amerikan vatanda\u015f\u0131n\u0131 milletvekili olarak TBMM&#8217;ye sokmad\u0131. \u00d6b\u00fcr\u00fc, ayn\u0131 Amerikan vatanda\u015f\u0131n\u0131 TC&#8217;ye b\u00fcy\u00fckel\u00e7i yapt\u0131.<br \/>\n*<br \/>\nEcevit t\u00fcm zamanlar\u0131n en kibar ba\u015fbakan\u0131yd\u0131, herhangi bir yurtta\u015fa hitap ederken \u201csay\u0131n\u201ds\u0131z c\u00fcmle kurmazd\u0131. Asr\u0131n liderimiz \u201canan\u0131 da al git, kelle, vampir, insan m\u00fcsveddesi, \u00f6l\u00fc sevici, siyasi sap\u0131k, boyunlar\u0131 tasmal\u0131, s\u00fcr\u00fcngen, ayya\u015f\u201d falan diyor.<br \/>\n*<br \/>\nEcevit m\u00fctevaz\u0131 makam arac\u0131 kullan\u0131rd\u0131, arac\u0131n mutlaka yerli mal\u0131 olmas\u0131na \u00f6zen g\u00f6sterirdi, k\u0131rm\u0131z\u0131 \u0131\u015f\u0131kta asla ge\u00e7mezdi, yedi defa suikaste u\u011framas\u0131na ra\u011fmen z\u0131rhl\u0131 araca binmedi. Asr\u0131n liderimiz be\u015f tane u\u00e7ak ald\u0131, sarayda ikisi limuzin, 28&#8217;i jip, 268 ara\u00e7 var, soka\u011fa \u00e7\u0131kt\u0131\u011f\u0131nda \u015fehrin trafi\u011fi durduruluyor, be\u015f bin polisle geziyor.<br \/>\n*<br \/>\nEcevit \u00f6mr\u00fc boyunca \u00fc\u00e7 oda bir salon m\u00fctevaz\u0131 evde oturdu. Asr\u0131n liderimiz bin y\u00fcz k\u00fcsur odal\u0131 saray yapt\u0131rd\u0131.<br \/>\n*<br \/>\nEcevit Robert Kolej mezunuydu, m\u00fckemmel \u0130ngilizce konu\u015furdu. \u00d6b\u00fcr\u00fc imam hatip mezunu, Arap\u00e7a dersinde 10 \u00fczerinden anca \u00fc\u00e7 al\u0131yordu, kanaat notuyla ite kaka ge\u00e7iyordu.<br \/>\n*<br \/>\nEcevit \u015fairdi.<br \/>\n\u00d6b\u00fcr\u00fc heykel y\u0131kt\u0131.<br \/>\n*<br \/>\nEcevit \u201celele b\u00fcy\u00fctt\u00fck sevgiyi\u201d diyordu \u015fiirinde\u2026 \u201cBirlikte \u00f6\u011frendik seninle, avcumuzda y\u00fcre\u011fi \u00e7arpan ku\u015fa sevgiyi \/ elele duyduk kumsalda, denizin milyon y\u0131lda yonttu\u011fu ta\u015fa sevgiyi \/ t\u0131rt\u0131llar\u0131 tan\u0131d\u0131k seninle baharda, t\u0131rt\u0131lken daha sevmeyi \u00f6\u011frendik \/ sevgiden \u00fcreyen kelebe\u011fi, topra\u011f\u0131 evimiz gibi sevdik seninle, birlikte sevdik kuru toprakta, ev k\u00fcren k\u00f6stebe\u011fi \/ k\u00f6stebe\u011finden topra\u011f\u0131na ta\u015f\u0131na, t\u0131rt\u0131l\u0131ndan kelebe\u011fine ku\u015funa, elele sevdik bu d\u00fcnyay\u0131, ac\u0131s\u0131yla sevinciyle sevdik, yaz\u0131yla k\u0131\u015f\u0131yla sevdik \/ k\u00f6y-k\u00f6y, \u00fclke-\u00fclke, g\u00f6kler gibi sard\u0131 d\u00fcnyay\u0131, ya\u011fmur gibi s\u0131zd\u0131 d\u00fcnyaya, d\u00fcnya kadar oldu sevgimiz \/ elele b\u00fcy\u00fct\u00fcp elele derdik, elele derip insana verdik, verdik\u00e7e \u00e7o\u011falan sevgimizi\u201d diyordu. \u00d6b\u00fcr\u00fc \u00e7akma domb\u0131ra.<br \/>\n*<br \/>\nEcevit \u00e7ift\u00e7i dostuydu, bizzat \u00e7ift\u00e7i bir kad\u0131n ona \u201cKarao\u011flan\u201d lakab\u0131n\u0131 takm\u0131\u015ft\u0131, ha\u015fha\u015f \u00fcretimi dahil, Bat\u0131&#8217;n\u0131n T\u00fcrk tar\u0131m\u0131na m\u00fcdahale etmesine izin vermedi. \u00d6b\u00fcr\u00fcyle saman ithal ediyoruz.<br \/>\n*<br \/>\nEcevit \u201ctoprak i\u015fleyenin, su kullanan\u0131n\u201d diyordu. Asr\u0131n liderimiz \u201cben \u00fclkeyi pazarlamakta m\u00fckellefim\u201d diyor.<br \/>\n*<br \/>\nMaden i\u015f\u00e7ileri ba\u015fta olmak \u00fczere, neredeyse t\u00fcm i\u015f\u00e7i haklar\u0131 Ecevit d\u00f6neminde kazan\u0131ld\u0131. \u00d6b\u00fcr\u00fcn\u00fcn d\u00f6neminde, maden i\u015f\u00e7ileri k\u00f6le haline getirildi, tarihin en b\u00fcy\u00fck maden facias\u0131 ya\u015fand\u0131.<br \/>\n*<br \/>\nEcevit, CHP&#8217;yi kapatan darbeciler taraf\u0131ndan 10 y\u0131l siyasetten yasakland\u0131. \u00d6b\u00fcr\u00fcn\u00fcn siyaset yasa\u011f\u0131n\u0131 CHP kald\u0131rd\u0131.<br \/>\n*<br \/>\nEcevit ter\u00f6rle m\u00fccadele etti, \u00f6b\u00fcr\u00fc ter\u00f6rle m\u00fczakere etti.<br \/>\n*<br \/>\nEcevit, ter\u00f6rist olarak Abdullah \u00d6calan&#8217;\u0131 hapse t\u0131kt\u0131. Asr\u0131n liderimiz ter\u00f6rist olarak, genelkurmay ba\u015fkan\u0131 \u0130lker Ba\u015fbu\u011f&#8217;u, Profes\u00f6r Mehmet Haberal&#8217;\u0131, Profes\u00f6r Erol Manisal\u0131&#8217;y\u0131, ba\u015fsavc\u0131 \u0130lhan Cihaner&#8217;i, emniyet m\u00fcd\u00fcr\u00fc Hanefi Avc\u0131&#8217;y\u0131, gazeteci Mustafa Balbay&#8217;\u0131, T\u00fcrk Silahl\u0131 Kuvvetleri&#8217;nin Atat\u00fcrk\u00e7\u00fc, yurtsever subaylar\u0131n\u0131 hapse t\u0131kt\u0131.<br \/>\n*<br \/>\n\u015eimdi s\u0131k\u0131 durun\u2026<br \/>\n*<br \/>\nEcevit&#8217;in anne taraf\u0131ndan b\u00fcy\u00fck dedesi Hac\u0131 Emin Pa\u015fa, Mekke&#8217;de 17 y\u0131l \u015feyh\u00fclislam olarak g\u00f6rev yapm\u0131\u015ft\u0131, kutsal topraklar\u0131 korumakla g\u00f6revli olan Medine \u015feyh\u00fclharemi&#8217;ydi, vak\u0131flar, medreseler kurdu, Hazreti Muhammed&#8217;in kabrinin de i\u00e7inde bulundu\u011fu Mescid&#8217;i Nebevi&#8217;nin 110 bin metrekaresinin tapusu, ona aitti. Kendisi rahmetli olunca, bu devasa miras\u0131 evlatlar\u0131na, torunlar\u0131na ge\u00e7ti. Bug\u00fcnk\u00fc emlak de\u011feri ne ediyor biliyor musunuz\u2026 1 milyar 700 milyon dolar ediyor! Hac\u0131 Emin Pa\u015fa&#8217;n\u0131n 70 miras\u00e7\u0131s\u0131 bulunuyordu, bunlardan biri de B\u00fclent Ecevit&#8217;ti. Davalar a\u00e7\u0131ld\u0131, 2005 y\u0131l\u0131nda sonu\u00e7land\u0131, Suudi Arabistan devleti istimlak bedeli olarak 340 milyon dolar \u00f6demeyi kabul etti. D\u00fcnyan\u0131n en namuslu siyaset\u00e7ilerinden biri olan B\u00fclent Ecevit, bu muhte\u015fem mirastan kendisine d\u00fc\u015fen pay\u0131 almad\u0131, Diyanet&#8217;e ba\u011f\u0131\u015flad\u0131! Evet, yanl\u0131\u015f okumad\u0131n\u0131z\u2026 Servet de\u011ferindeki dede miras\u0131n\u0131 \u201cT\u00fcrk hac\u0131lar\u0131n yarar\u0131na kullan\u0131lmas\u0131 i\u00e7in, T\u00fcrk hac\u0131lara \u00fccretsiz konaklama yeri yap\u0131lmas\u0131 i\u00e7in\u201d Diyanet&#8217;e ba\u011f\u0131\u015flad\u0131. Ancak\u2026 Asr\u0131n liderimizin madalya takt\u0131\u011f\u0131 Suudi kral\u0131, mahkeme karar\u0131na ra\u011fmen, istimlak bedelinin \u00f6denmesini onaylamad\u0131. \u00c7\u00fcnk\u00fc, kral efendi 1982 y\u0131l\u0131nda \u0130stanbul Bo\u011faz\u0131&#8217;nda Sevda Tepesi olarak bilinen 57 bin metrekarelik muhte\u015fem araziyi sat\u0131n alm\u0131\u015ft\u0131, bu araziye 1982&#8217;den beri imar izni verilmedi\u011fi i\u00e7in misilleme yap\u0131yor, Hac\u0131 Emin Pa\u015fa varislerinin kazan\u0131lm\u0131\u015f haklar\u0131n\u0131 \u00f6demiyordu. 2012 y\u0131l\u0131nda, \u015fak\u2026 Sevda Tepesi imara a\u00e7\u0131ld\u0131. Bilal&#8217;in vakf\u0131na Suudi kral\u0131ndan 100 milyon dolar ba\u011f\u0131\u015f yap\u0131ld\u0131, b\u00fcy\u00fck bir tesad\u00fcf eseri, bu ba\u011f\u0131\u015ftan iki ay sonra Sevda Tepesi&#8217;ne imar izni \u00e7\u0131kt\u0131! Neyse ki, mimarlar odas\u0131 mahkemeye ba\u015fvurdu, Suudi kral\u0131na tan\u0131nan bu ayr\u0131cal\u0131kl\u0131 imar izni iptal edildi.<br \/>\n*<br \/>\nY\u0131l 2017\u2026<br \/>\nHac\u0131 Emin Pa\u015fa varislerinin kazan\u0131lm\u0131\u015f haklar\u0131 h\u00e2l\u00e2 \u00f6denmedi. Suudi kraliyet ailesi, bir yandan Sevda Tepesi&#8217;ne konmaya \u00e7al\u0131\u015f\u0131yor, beri yandan 1.7 milyar dolarl\u0131k miras\u0131n \u00fcst\u00fcne yatmaya \u00e7al\u0131\u015f\u0131yor.<br \/>\n*<br \/>\nVay efendim, ABD ba\u015fkan\u0131 poposunu trabzana dayam\u0131\u015f filan.<br \/>\nGe\u00e7 bunlar\u0131 ge\u00e7\u2026<br \/>\nB\u00fclent Ecevit&#8217;in Diyanet&#8217;e ba\u011f\u0131\u015flad\u0131\u011f\u0131, Suudi kral\u0131n\u0131n zimmetine ge\u00e7irdi\u011fi kutsal topra\u011f\u0131m\u0131z ne oldu, ondan haber ver!<\/p>\n<p>http:\/\/www.sozcu.com.tr\/2017\/yazarlar\/yilmaz-ozdil\/karaoglan-2048450\/<\/p>\n","protected":false},"excerpt":{"rendered":"<p>Y\u0131lmaz \u00d6zdil yazd\u0131 Karao\u011flan Asr\u0131n liderimiz \u015fimdi de kafay\u0131 B\u00fclent Ecevit&#8217;e takt\u0131, \u201cpoposunu trabzana dayayan\u201d ABD ba\u015fkan\u0131n\u0131n kar\u015f\u0131s\u0131nda el pen\u00e7e divan durdu\u011funu filan s\u00f6yledi. * Halbuki\u2026 * Ecevit, Mustafa Kemal Atat\u00fcrk&#8217;ten sonra toprak kazand\u0131ran tek liderdi. Asr\u0131n liderimiz d\u00f6neminde vatan topra\u011f\u0131 terkedildi. * Ecevit K\u0131br\u0131s fatihiydi. Asr\u0131n liderimiz d\u00f6neminde Ege&#8217;deki adalar\u0131m\u0131za Yunan askeri oturdu, mangal &hellip; <\/p>\n<p class=\"link-more\"><a href=\"http:\/\/wordpress.gurbuz.net\/?p=3009\" class=\"more-link\"><span class=\"screen-reader-text\">\u201e\u00c7oktan okumad\u0131ysan\u0131z, MUTLAKA okumal\u0131s\u0131n\u0131z\u201c<\/span> weiterlesen<\/a><\/p>\n","protected":false},"author":1,"featured_media":0,"comment_status":"closed","ping_status":"closed","sticky":false,"template":"","format":"standard","meta":[],"categories":[1],"tags":[],"_links":{"self":[{"href":"http:\/\/wordpress.gurbuz.net\/index.php?rest_route=\/wp\/v2\/posts\/3009"}],"collection":[{"href":"http:\/\/wordpress.gurbuz.net\/index.php?rest_route=\/wp\/v2\/posts"}],"about":[{"href":"http:\/\/wordpress.gurbuz.net\/index.php?rest_route=\/wp\/v2\/types\/post"}],"author":[{"embeddable":true,"href":"http:\/\/wordpress.gurbuz.net\/index.php?rest_route=\/wp\/v2\/users\/1"}],"replies":[{"embeddable":true,"href":"http:\/\/wordpress.gurbuz.net\/index.php?rest_route=%2Fwp%2Fv2%2Fcomments&post=3009"}],"version-history":[{"count":1,"href":"http:\/\/wordpress.gurbuz.net\/index.php?rest_route=\/wp\/v2\/posts\/3009\/revisions"}],"predecessor-version":[{"id":3010,"href":"http:\/\/wordpress.gurbuz.net\/index.php?rest_route=\/wp\/v2\/posts\/3009\/revisions\/3010"}],"wp:attachment":[{"href":"http:\/\/wordpress.gurbuz.net\/index.php?rest_route=%2Fwp%2Fv2%2Fmedia&parent=3009"}],"wp:term":[{"taxonomy":"category","embeddable":true,"href":"http:\/\/wordpress.gurbuz.net\/index.php?rest_route=%2Fwp%2Fv2%2Fcategories&post=3009"},{"taxonomy":"post_tag","embeddable":true,"href":"http:\/\/wordpress.gurbuz.net\/index.php?rest_route=%2Fwp%2Fv2%2Ftags&post=3009"}],"curies":[{"name":"wp","href":"https:\/\/api.w.org\/{rel}","templated":true}]}}