{"id":2989,"date":"2017-10-15T14:27:00","date_gmt":"2017-10-15T14:27:00","guid":{"rendered":"http:\/\/wordpress.gurbuz.net\/?p=2989"},"modified":"2017-10-15T14:35:34","modified_gmt":"2017-10-15T14:35:34","slug":"pavlov-cagrisimindan-bir-kesit-2","status":"publish","type":"post","link":"http:\/\/wordpress.gurbuz.net\/?p=2989","title":{"rendered":"Pavlov \u00e7a\u011fr\u0131\u015f\u0131m\u0131ndan bir kesit"},"content":{"rendered":"<p>&#8230;<br \/>\n&#8230;<br \/>\n&#8230;<br \/>\nHalk ad\u0131na konu\u015furlar ve sadece onlar yine halk ad\u0131na, halk\u0131n sorunlar\u0131na \u00e7\u00f6z\u00fcm bulabilirler. \u201cBen\u201d, yani sadece pop\u00fclist halk\u0131 temsil etti\u011fi iddias\u0131ndad\u0131r ve onlar gibi d\u00fc\u015f\u00fcnmeyenler halktan de\u011fildir. Elitlere kar\u015f\u0131 halk(!)<br \/>\nPop\u00fclizmin bir \u00e7e\u015fidi daha vard\u0131r ki \u00f6zellikle Trump ve Erdo\u011fan bu \u00e7e\u015fidin birincil temsilcileri aras\u0131ndand\u0131r\u2026<br \/>\nA\u015f\u0131r\u0131ya ka\u00e7mak, mevcut durumu olabildi\u011fince abartarak, \u00e7o\u011fu zaman ger\u00e7ekler ile ba\u011flar\u0131n\u0131 kesmek nam\u0131na, hedef ald\u0131klar\u0131n\u0131 k\u00f6t\u00fclemek ve k\u0131namak\u2026<br \/>\nErdo\u011fan mitinglerini bu ba\u011flamda hat\u0131rlat\u0131r\u0131m. Hani, \u00e7amur at izi kals\u0131n misali. Tabii ki siyasetin do\u011fas\u0131nda yatar, kar\u015f\u0131ndakinin zay\u0131f taraflar\u0131n\u0131 vurgulamak, hadi k\u0131namak diyelim, halka kendisiyle di\u011feri aras\u0131ndaki fark\u0131 yine halk diliyle, halka anlatmak. <\/p>\n<p>AMA\u2026<br \/>\nBunlar a\u015f\u0131r\u0131ya ka\u00e7mak bahas\u0131na bunu yap\u0131yorlar. Demokratik kozmosa yak\u0131\u015fmayan bir durumdur, b\u0131rak demokrasiyi, insan olana kendini \u00f6vmek nam\u0131na kar\u015f\u0131s\u0131ndakini bu \u015fekilde, affedersiniz, eski bir deyimdir\u2026<br \/>\n\u0130tin bir taraf\u0131na sokup \u00e7\u0131karmas\u0131, yak\u0131\u015f\u0131r m\u0131 insan olana?<br \/>\n\u201cYukar\u0131da\u201d elitler, \u201ca\u015fa\u011f\u0131da\u201d, halk(!)<br \/>\nVe pop\u00fclist, tekrarlamak bahas\u0131na bile olsa, halk\u0131n sesi, halk\u0131n temsilcisi, halktan biridir(!)<\/p>\n<p><iframe loading=\"lazy\" width=\"525\" height=\"295\" src=\"https:\/\/www.youtube.com\/embed\/ehvUQrRDyyU?feature=oembed\" frameborder=\"0\" allowfullscreen><\/iframe><\/p>\n<p>Populus, Latinceden gelen bir kelime olup, halk demek. O halde bir pop\u00fclist, halk siyaseti yapan birisi sonucuna varmak m\u00fcmk\u00fcnd\u00fcr ANCAK \u00e7a\u011fda\u015f pop\u00fclizmin bir \u201cart\u0131s\u0131\u201d bulunmaktad\u0131r\u2026<br \/>\nS\u00f6zde\u2026<br \/>\nTehlike i\u00e7inde bulunan toplum. Marine Le Pen deyimi ile:<\/p>\n<p>\u201cBizim halk\u0131m\u0131z yeni bir siyaset \u015fekli istemektedir. Frans\u0131zlar taraf\u0131ndan, Frans\u0131zlar i\u00e7in, Frans\u0131zlar ile\u201d<\/p>\n<p>&#8230;<br \/>\n&#8230;<br \/>\n&#8230;<\/p>\n","protected":false},"excerpt":{"rendered":"<p>&#8230; &#8230; &#8230; Halk ad\u0131na konu\u015furlar ve sadece onlar yine halk ad\u0131na, halk\u0131n sorunlar\u0131na \u00e7\u00f6z\u00fcm bulabilirler. \u201cBen\u201d, yani sadece pop\u00fclist halk\u0131 temsil etti\u011fi iddias\u0131ndad\u0131r ve onlar gibi d\u00fc\u015f\u00fcnmeyenler halktan de\u011fildir. Elitlere kar\u015f\u0131 halk(!) Pop\u00fclizmin bir \u00e7e\u015fidi daha vard\u0131r ki \u00f6zellikle Trump ve Erdo\u011fan bu \u00e7e\u015fidin birincil temsilcileri aras\u0131ndand\u0131r\u2026 A\u015f\u0131r\u0131ya ka\u00e7mak, mevcut durumu olabildi\u011fince abartarak, \u00e7o\u011fu &hellip; <\/p>\n<p class=\"link-more\"><a href=\"http:\/\/wordpress.gurbuz.net\/?p=2989\" class=\"more-link\"><span class=\"screen-reader-text\">\u201ePavlov \u00e7a\u011fr\u0131\u015f\u0131m\u0131ndan bir kesit\u201c<\/span> weiterlesen<\/a><\/p>\n","protected":false},"author":1,"featured_media":0,"comment_status":"closed","ping_status":"closed","sticky":false,"template":"","format":"standard","meta":[],"categories":[1],"tags":[],"_links":{"self":[{"href":"http:\/\/wordpress.gurbuz.net\/index.php?rest_route=\/wp\/v2\/posts\/2989"}],"collection":[{"href":"http:\/\/wordpress.gurbuz.net\/index.php?rest_route=\/wp\/v2\/posts"}],"about":[{"href":"http:\/\/wordpress.gurbuz.net\/index.php?rest_route=\/wp\/v2\/types\/post"}],"author":[{"embeddable":true,"href":"http:\/\/wordpress.gurbuz.net\/index.php?rest_route=\/wp\/v2\/users\/1"}],"replies":[{"embeddable":true,"href":"http:\/\/wordpress.gurbuz.net\/index.php?rest_route=%2Fwp%2Fv2%2Fcomments&post=2989"}],"version-history":[{"count":8,"href":"http:\/\/wordpress.gurbuz.net\/index.php?rest_route=\/wp\/v2\/posts\/2989\/revisions"}],"predecessor-version":[{"id":2997,"href":"http:\/\/wordpress.gurbuz.net\/index.php?rest_route=\/wp\/v2\/posts\/2989\/revisions\/2997"}],"wp:attachment":[{"href":"http:\/\/wordpress.gurbuz.net\/index.php?rest_route=%2Fwp%2Fv2%2Fmedia&parent=2989"}],"wp:term":[{"taxonomy":"category","embeddable":true,"href":"http:\/\/wordpress.gurbuz.net\/index.php?rest_route=%2Fwp%2Fv2%2Fcategories&post=2989"},{"taxonomy":"post_tag","embeddable":true,"href":"http:\/\/wordpress.gurbuz.net\/index.php?rest_route=%2Fwp%2Fv2%2Ftags&post=2989"}],"curies":[{"name":"wp","href":"https:\/\/api.w.org\/{rel}","templated":true}]}}